{"id":65952,"date":"2012-04-05T18:18:09","date_gmt":"2012-04-05T18:18:09","guid":{"rendered":"http:\/\/diariodominicano.ddns.net\/?p=65952"},"modified":"2012-04-05T18:18:09","modified_gmt":"2012-04-05T18:18:09","slug":"aceleran-preparativos-de-xv-feria-del-libro-de-santo-domingo","status":"publish","type":"post","link":"https:\/\/diariodominicano.com\/?p=65952","title":{"rendered":"Aceleran preparativos de XV Feria del Libro de Santo Domingo"},"content":{"rendered":"<p><body><\/p>\n<p><img decoding=\"async\" src=\"img3\/libro.jpg\" \/>  <\/p>\n<p><span class=\"text1noticias\">Santo Domingo, Rep.Dom.  5 abr 02:15 P.M. (PL) Los trabajos de montaje de la Feria Internacional del Libro de Dominicana se aceleran, mientras se acerca la fecha de su inicio el pr\u00f3ximo 18 de abril en la Plaza de la Cultura de esta capital.<\/span><\/p>\n<\/p>\n<p><span class=\"text1noticias\">Alejandro Arvelo, director de la Feria del Libro, adelant\u00f3 que la inauguraci\u00f3n estar\u00e1 encabezada por el presidente Leonel Fern\u00e1ndez.<\/span><\/p>\n<\/p>\n<p><span class=\"text1noticias\">El evento cultural m\u00e1s importante de Rep\u00fablica Dominicana, a\u00f1adi\u00f3 Arvelo, ser\u00e1 visitado por miles de ciudadanos de distintas culturas y para ello hombres y mujeres trabajan desde el amanecer hasta que se oculta el sol.<\/span><\/p>\n<\/p>\n<p><span class=\"text1noticias\">Los pa\u00edses centroamericanos: Belice, Guatemala, El Salvador, Honduras, Nicaragua, Costa Rica y Panam\u00e1 ser\u00e1n los invitados de honor. El a\u00f1o pasado la Feria estuvo dedicada al Vaticano.<\/span><\/p>\n<\/p>\n<p><span class=\"text1noticias\">Arvelo se\u00f1al\u00f3 que en el encuentro cultural est\u00e1 prevista la puesta en circulaci\u00f3n de decenas de obras, con la participaci\u00f3n de escritores reconocidos y casas editoras.<\/span><\/p>\n<\/p>\n<p><span class=\"text1noticias\">Expositores y visitantes tendr\u00e1n resguardada su salud con la asistencia de agentes de la Polic\u00eda Nacional y vigilantes privados.<\/span><\/p>\n<\/p>\n<p><span class=\"text1noticias\">En la programaci\u00f3n de la Feria se incluyen conciertos art\u00edsticos, charlas, venta de artesan\u00edas, encuentros juveniles y otras actividades.(HG)<\/span>.<\/p>\n<h6> 2012-04-05 18:18:09 <\/h6>\n<p><!--\n<link rel=\"stylesheet\" href=\"css\/bootstrap.min.css\">\n\n\n<ul class=\"pagination\">\n\t    \n\t\n\n<li >\n\t<a href='?page_no=17629'>Previous<\/a>\n\t<\/li>\n\n\n       \n    \n\n<li><a href='?page_no=1'>1<\/a><\/li>\n\n\n\n<li><a href='?page_no=2'>2<\/a><\/li>\n\n\n\n<li><a>...<\/a><\/li>\n\n\n\n<li><a href='?page_no=17628'>17628<\/a><\/li>\n\n\n\n<li><a href='?page_no=17629'>17629<\/a><\/li>\n\n\n\n<li class='active'><a>17630<\/a><\/li>\n\n\n\n<li><a href='?page_no=17631'>17631<\/a><\/li>\n\n\n\n<li><a href='?page_no=17632'>17632<\/a><\/li>\n\n\n\n<li><a>...<\/a><\/li>\n\n\n\n<li><a href='?page_no=22911'>22911<\/a><\/li>\n\n\n\n<li><a href='?page_no=22912'>22912<\/a><\/li>\n\n    \n\t\n\n<li >\n\t<a href='?page_no=17631'>Next<\/a>\n\t<\/li>\n\n\n    \n\n<li><a href='?page_no=22912'>Last &rsaquo;&rsaquo;<\/a><\/li>\n\n<\/ul>\n\n\n--><br \/>\n<\/body><\/p>\n","protected":false},"excerpt":{"rendered":"<p>Santo Domingo, Rep.Dom. 5 abr 02:15 P.M. (PL) Los trabajos de montaje de la Feria Internacional del Libro de Dominicana se aceleran, mientras se acerca la fecha de su inicio el pr\u00f3ximo 18 de abril en la Plaza de la Cultura de esta capital. Alejandro Arvelo, director de la Feria del Libro, adelant\u00f3 que la [&hellip;]<\/p>\n","protected":false},"author":3,"featured_media":0,"comment_status":"open","ping_status":"open","sticky":false,"template":"","format":"standard","meta":{"footnotes":""},"categories":[21],"tags":[],"class_list":["post-65952","post","type-post","status-publish","format-standard","hentry","category-cultura"],"_links":{"self":[{"href":"https:\/\/diariodominicano.com\/index.php?rest_route=\/wp\/v2\/posts\/65952","targetHints":{"allow":["GET"]}}],"collection":[{"href":"https:\/\/diariodominicano.com\/index.php?rest_route=\/wp\/v2\/posts"}],"about":[{"href":"https:\/\/diariodominicano.com\/index.php?rest_route=\/wp\/v2\/types\/post"}],"author":[{"embeddable":true,"href":"https:\/\/diariodominicano.com\/index.php?rest_route=\/wp\/v2\/users\/3"}],"replies":[{"embeddable":true,"href":"https:\/\/diariodominicano.com\/index.php?rest_route=%2Fwp%2Fv2%2Fcomments&post=65952"}],"version-history":[{"count":0,"href":"https:\/\/diariodominicano.com\/index.php?rest_route=\/wp\/v2\/posts\/65952\/revisions"}],"wp:attachment":[{"href":"https:\/\/diariodominicano.com\/index.php?rest_route=%2Fwp%2Fv2%2Fmedia&parent=65952"}],"wp:term":[{"taxonomy":"category","embeddable":true,"href":"https:\/\/diariodominicano.com\/index.php?rest_route=%2Fwp%2Fv2%2Fcategories&post=65952"},{"taxonomy":"post_tag","embeddable":true,"href":"https:\/\/diariodominicano.com\/index.php?rest_route=%2Fwp%2Fv2%2Ftags&post=65952"}],"curies":[{"name":"wp","href":"https:\/\/api.w.org\/{rel}","templated":true}]}}