{"id":65951,"date":"2012-04-05T18:42:50","date_gmt":"2012-04-05T18:42:50","guid":{"rendered":"http:\/\/diariodominicano.ddns.net\/?p=65951"},"modified":"2012-04-05T18:42:50","modified_gmt":"2012-04-05T18:42:50","slug":"khoury-industrial-aporta-90-mil-pesos-para-el-carnaval-de-cabral","status":"publish","type":"post","link":"https:\/\/diariodominicano.com\/?p=65951","title":{"rendered":"Khoury Industrial aporta 90 mil pesos para el Carnaval de Cabral"},"content":{"rendered":"<p><body><\/p>\n<p><span class=\"text1noticias\">TEUDDYS A. SANCHEZ<\/span><\/p>\n<p><span class=\"text1noticias\"> <\/span><\/p>\n<p><span class=\"text1noticias\">Rep.Dom. 05 de Abril 02:43 P.M.- La empresa Khoury Industrial aport\u00f3 90 mil pesos para la celebraci\u00f3n del carnaval de Cabral a celebrarse este fin de semana.<\/span><\/p>\n<p><span class=\"text1noticias\"> <\/span><\/p>\n<p><span class=\"text1noticias\"> La entrega fue realizada por el se\u00f1or Cristiano N\u00fa\u00f1ez, gerente general de la empresa,  recibido por  Ruddy Medina Ferreras, presidente del Comit\u00e9 Organizador.<\/span><\/p>\n<p><span class=\"text1noticias\"> <\/span><\/p>\n<p><span class=\"text1noticias\">El licenciado N\u00fa\u00f1ez destac\u00f3 la trascendencia de ese carnaval, se\u00f1alando que el mismo tiene renombre internacional.<\/span><\/p>\n<p><span class=\"text1noticias\"> <\/span><\/p>\n<p><span class=\"text1noticias\">\u00abEn el pa\u00eds, hay dos grandes carnavales, que es el de La Vega y el nuestro, el de Cabral con sus cachuas\u00bb, explic\u00f3.<\/span><\/p>\n<p><span class=\"text1noticias\"> <\/span><\/p>\n<p><span class=\"text1noticias\">Indic\u00f3 que para Khoury Industrial es un honor hacer  su cooperaci\u00f3n a un icono cultura, como es el <\/span><\/p>\n<p><span class=\"text1noticias\">Carnaval de Cabral.<\/span><\/p>\n<p><span class=\"text1noticias\"> <\/span><\/p>\n<p><span class=\"text1noticias\">Por su parte Medina Ferreras agradeci\u00f3 el aporte econ\u00f3mico de parte del   ingeniero Sadala Khoury y el licenciado N\u00fa\u00f1ez al Carnaval de Cabral, que se ha convertido en los \u00faltimos a\u00f1os en una tradici\u00f3n.<\/span><\/p>\n<p><span class=\"text1noticias\"> <\/span><\/p>\n<p><span class=\"text1noticias\">Indic\u00f3 que Khoury Industrial no solo hace su aporte para el Carnaval, sino tambi\u00e9n a las patronales de ese municipio.(HG)<\/span>.<\/p>\n<\/p>\n<h6> 2012-04-05 18:42:50 <\/h6>\n<p><!--\n<link rel=\"stylesheet\" href=\"css\/bootstrap.min.css\">\n\n\n<ul class=\"pagination\">\n\t    \n\t\n\n<li >\n\t<a href='?page_no=17628'>Previous<\/a>\n\t<\/li>\n\n\n       \n    \n\n<li><a href='?page_no=1'>1<\/a><\/li>\n\n\n\n<li><a href='?page_no=2'>2<\/a><\/li>\n\n\n\n<li><a>...<\/a><\/li>\n\n\n\n<li><a href='?page_no=17627'>17627<\/a><\/li>\n\n\n\n<li><a href='?page_no=17628'>17628<\/a><\/li>\n\n\n\n<li class='active'><a>17629<\/a><\/li>\n\n\n\n<li><a href='?page_no=17630'>17630<\/a><\/li>\n\n\n\n<li><a href='?page_no=17631'>17631<\/a><\/li>\n\n\n\n<li><a>...<\/a><\/li>\n\n\n\n<li><a href='?page_no=22911'>22911<\/a><\/li>\n\n\n\n<li><a href='?page_no=22912'>22912<\/a><\/li>\n\n    \n\t\n\n<li >\n\t<a href='?page_no=17630'>Next<\/a>\n\t<\/li>\n\n\n    \n\n<li><a href='?page_no=22912'>Last &rsaquo;&rsaquo;<\/a><\/li>\n\n<\/ul>\n\n\n--><br \/>\n<\/body><\/p>\n","protected":false},"excerpt":{"rendered":"<p>TEUDDYS A. SANCHEZ Rep.Dom. 05 de Abril 02:43 P.M.- La empresa Khoury Industrial aport\u00f3 90 mil pesos para la celebraci\u00f3n del carnaval de Cabral a celebrarse este fin de semana. La entrega fue realizada por el se\u00f1or Cristiano N\u00fa\u00f1ez, gerente general de la empresa, recibido por Ruddy Medina Ferreras, presidente del Comit\u00e9 Organizador. El licenciado [&hellip;]<\/p>\n","protected":false},"author":3,"featured_media":0,"comment_status":"open","ping_status":"open","sticky":false,"template":"","format":"standard","meta":{"footnotes":""},"categories":[21],"tags":[],"class_list":["post-65951","post","type-post","status-publish","format-standard","hentry","category-cultura"],"_links":{"self":[{"href":"https:\/\/diariodominicano.com\/index.php?rest_route=\/wp\/v2\/posts\/65951","targetHints":{"allow":["GET"]}}],"collection":[{"href":"https:\/\/diariodominicano.com\/index.php?rest_route=\/wp\/v2\/posts"}],"about":[{"href":"https:\/\/diariodominicano.com\/index.php?rest_route=\/wp\/v2\/types\/post"}],"author":[{"embeddable":true,"href":"https:\/\/diariodominicano.com\/index.php?rest_route=\/wp\/v2\/users\/3"}],"replies":[{"embeddable":true,"href":"https:\/\/diariodominicano.com\/index.php?rest_route=%2Fwp%2Fv2%2Fcomments&post=65951"}],"version-history":[{"count":0,"href":"https:\/\/diariodominicano.com\/index.php?rest_route=\/wp\/v2\/posts\/65951\/revisions"}],"wp:attachment":[{"href":"https:\/\/diariodominicano.com\/index.php?rest_route=%2Fwp%2Fv2%2Fmedia&parent=65951"}],"wp:term":[{"taxonomy":"category","embeddable":true,"href":"https:\/\/diariodominicano.com\/index.php?rest_route=%2Fwp%2Fv2%2Fcategories&post=65951"},{"taxonomy":"post_tag","embeddable":true,"href":"https:\/\/diariodominicano.com\/index.php?rest_route=%2Fwp%2Fv2%2Ftags&post=65951"}],"curies":[{"name":"wp","href":"https:\/\/api.w.org\/{rel}","templated":true}]}}