{"id":65946,"date":"2012-04-07T05:46:36","date_gmt":"2012-04-07T05:46:36","guid":{"rendered":"http:\/\/diariodominicano.ddns.net\/?p=65946"},"modified":"2012-04-07T05:46:36","modified_gmt":"2012-04-07T05:46:36","slug":"pasion-y-muerte-por-las-calles-del-viejo-san-juancientos-presencian-la-dramatizacion-del-via-crucis","status":"publish","type":"post","link":"https:\/\/diariodominicano.com\/?p=65946","title":{"rendered":"Pasi\u00f3n y muerte por las calles del Viejo San Juan&#13;Cientos presencian la dramatizaci\u00f3n del v\u00eda crucis"},"content":{"rendered":"<p><body><\/p>\n<\/p>\n<p><span class=\"text1noticias\">Por Cynthia L\u00f3pez Cab\u00e1n \/ End.cynthia.lopez@elnuevodia.com<\/span><\/p>\n<\/p>\n<p><span class=\"text1noticias\">El sol se pon\u00eda ayer cuando cientos de feligreses cat\u00f3licos tomaron las calles del Viejo San Juan para rememorar la muerte y pasi\u00f3n de Jesucristo.<\/span><\/p>\n<\/p>\n<p><span class=\"text1noticias\">A las 5:30 p.m. luego de la reflexi\u00f3n de las Siete Palabras y un servicio que se extendieron cuatro horas, inici\u00f3 la procesi\u00f3n del v\u00eda crucis.<\/span><\/p>\n<\/p>\n<p><span class=\"text1noticias\">\u00ab\u00bfDe qu\u00e9 acus\u00e1is a este hombre?\u00bb, grit\u00f3 un hombre que representaba a Poncio Pilato.<\/span><\/p>\n<\/p>\n<p><span class=\"text1noticias\">Poco despu\u00e9s dos hombres con marcas en sus cuerpos simulando golpes y sangre salieron expulsados de la Catedral de San Juan.<\/span><\/p>\n<\/p>\n<p><span class=\"text1noticias\">\u00abQue es el rey de los jud\u00edos\u00bb, respondieron varios hombres.<\/span><\/p>\n<\/p>\n<p><span class=\"text1noticias\">En las escaleras del templo, turistas y feligreses tomaban fotos y v\u00eddeos de la primera escena de la pasi\u00f3n. Luego entre c\u00e1nticos la muchedumbre baj\u00f3 por la calle Fortaleza, donde personas se hab\u00edan apostado a lo largo de las aceras para ver pasar la procesi\u00f3n, que recorri\u00f3 las calles Tanca, San Francisco y San Jos\u00e9 hasta regresar a la catedral para terminar con la escena de la crucifixi\u00f3n.<\/span><\/p>\n<\/p>\n<p><span class=\"text1noticias\">Antes de la procesi\u00f3n, un grupo de religiosos de las diferentes iglesias del Viejo San Juan predic\u00f3 las Siete Palabras durante el servicio en la catedral.<\/span><\/p>\n<\/p>\n<p><span class=\"text1noticias\">Ante un auditorio repleto de personas de todas las edades, el grupo repas\u00f3 las frases que Jes\u00fas pronunci\u00f3 antes de morir en la cruz.<\/span><\/p>\n<\/p>\n<p><span class=\"text1noticias\">Los religiosos -entre los cuales se encontraba una mujer- resaltaron el mensaje de perd\u00f3n y de amor de Jes\u00fas a pesar de las humillaciones y el dolor al que lo sometieron sus detractores.<\/span><\/p>\n<\/p>\n<p><span class=\"text1noticias\">Tambi\u00e9n insistieron en la necesidad de buscar ayuda en el Evangelio en momentos de \u00abtinieblas\u00bb o de crisis como la que enfrenta la Isla en este momento.<\/span><\/p>\n<\/p>\n<p><span class=\"text1noticias\">Durante su mensaje el monse\u00f1or Roberto Gonz\u00e1lez Nieves censur\u00f3 los valores que promueve el \u00abcapitalismo exagerado\u00bb y reconoci\u00f3 las preocupaciones que agobian a los puertorrique\u00f1os por el aumento en el costo de la vida.<\/span><\/p>\n<\/p>\n<p><span class=\"text1noticias\">Tambi\u00e9n insisti\u00f3 en el valor sanador de la \u00abpalabra\u00bb y en la necesidad de buscar en el Evangelio la respuesta a los problemas.<\/span><\/p>\n<\/p>\n<p><span class=\"text1noticias\">\u00abSomos una sociedad desesperada. Quiz\u00e1s estamos buscando la esperanza en los lugares donde no est\u00e1\u00bb, afirm\u00f3 el prelado, quien camina con bast\u00f3n tras una operaci\u00f3n de la espalda.<\/span><\/p>\n<\/p>\n<p><span class=\"text1noticias\">Luego, en un aparte con la prensa, apunt\u00f3 que la Semana Santa suele ser un periodo de calma y tranquilidad en la sociedad.<\/span><\/p>\n<\/p>\n<p><span class=\"text1noticias\">\u00abHay una cierta paz que se da en la vida p\u00fablica, si eso se pudiera continuar durante un a\u00f1o electoral ser\u00eda de gran provecho porque nuestra sociedad est\u00e1 saturada de la violencia, de la intolerancia, de la estridencia y estos d\u00edas han estado relativamente libres de esta estridencia y de esos ataques personalistas. Es un momento para que todos reflexionemos y hagamos un prop\u00f3sito en lograr un ambiente m\u00e1s respetuoso, m\u00e1s sano y m\u00e1s digno del ser humano\u00bb, respondi\u00f3 a preguntas de los periodistas.<\/span><\/p>\n<\/p>\n<\/p>\n<h6> 2012-04-07 05:46:36 <\/h6>\n<p><!--\n<link rel=\"stylesheet\" href=\"css\/bootstrap.min.css\">\n\n\n<ul class=\"pagination\">\n\t    \n\t\n\n<li >\n\t<a href='?page_no=17623'>Previous<\/a>\n\t<\/li>\n\n\n       \n    \n\n<li><a href='?page_no=1'>1<\/a><\/li>\n\n\n\n<li><a href='?page_no=2'>2<\/a><\/li>\n\n\n\n<li><a>...<\/a><\/li>\n\n\n\n<li><a href='?page_no=17622'>17622<\/a><\/li>\n\n\n\n<li><a href='?page_no=17623'>17623<\/a><\/li>\n\n\n\n<li class='active'><a>17624<\/a><\/li>\n\n\n\n<li><a href='?page_no=17625'>17625<\/a><\/li>\n\n\n\n<li><a href='?page_no=17626'>17626<\/a><\/li>\n\n\n\n<li><a>...<\/a><\/li>\n\n\n\n<li><a href='?page_no=22911'>22911<\/a><\/li>\n\n\n\n<li><a href='?page_no=22912'>22912<\/a><\/li>\n\n    \n\t\n\n<li >\n\t<a href='?page_no=17625'>Next<\/a>\n\t<\/li>\n\n\n    \n\n<li><a href='?page_no=22912'>Last &rsaquo;&rsaquo;<\/a><\/li>\n\n<\/ul>\n\n\n--><br \/>\n<\/body><\/p>\n","protected":false},"excerpt":{"rendered":"<p>Por Cynthia L\u00f3pez Cab\u00e1n \/ End.cynthia.lopez@elnuevodia.com El sol se pon\u00eda ayer cuando cientos de feligreses cat\u00f3licos tomaron las calles del Viejo San Juan para rememorar la muerte y pasi\u00f3n de Jesucristo. A las 5:30 p.m. luego de la reflexi\u00f3n de las Siete Palabras y un servicio que se extendieron cuatro horas, inici\u00f3 la procesi\u00f3n del [&hellip;]<\/p>\n","protected":false},"author":3,"featured_media":0,"comment_status":"open","ping_status":"open","sticky":false,"template":"","format":"standard","meta":{"footnotes":""},"categories":[21],"tags":[],"class_list":["post-65946","post","type-post","status-publish","format-standard","hentry","category-cultura"],"_links":{"self":[{"href":"https:\/\/diariodominicano.com\/index.php?rest_route=\/wp\/v2\/posts\/65946","targetHints":{"allow":["GET"]}}],"collection":[{"href":"https:\/\/diariodominicano.com\/index.php?rest_route=\/wp\/v2\/posts"}],"about":[{"href":"https:\/\/diariodominicano.com\/index.php?rest_route=\/wp\/v2\/types\/post"}],"author":[{"embeddable":true,"href":"https:\/\/diariodominicano.com\/index.php?rest_route=\/wp\/v2\/users\/3"}],"replies":[{"embeddable":true,"href":"https:\/\/diariodominicano.com\/index.php?rest_route=%2Fwp%2Fv2%2Fcomments&post=65946"}],"version-history":[{"count":0,"href":"https:\/\/diariodominicano.com\/index.php?rest_route=\/wp\/v2\/posts\/65946\/revisions"}],"wp:attachment":[{"href":"https:\/\/diariodominicano.com\/index.php?rest_route=%2Fwp%2Fv2%2Fmedia&parent=65946"}],"wp:term":[{"taxonomy":"category","embeddable":true,"href":"https:\/\/diariodominicano.com\/index.php?rest_route=%2Fwp%2Fv2%2Fcategories&post=65946"},{"taxonomy":"post_tag","embeddable":true,"href":"https:\/\/diariodominicano.com\/index.php?rest_route=%2Fwp%2Fv2%2Ftags&post=65946"}],"curies":[{"name":"wp","href":"https:\/\/api.w.org\/{rel}","templated":true}]}}