{"id":65945,"date":"2012-04-07T17:46:26","date_gmt":"2012-04-07T17:46:26","guid":{"rendered":"http:\/\/diariodominicano.ddns.net\/?p=65945"},"modified":"2012-04-07T17:46:26","modified_gmt":"2012-04-07T17:46:26","slug":"nueve-exposiciones-arte-y-literatura-en-feria-del-libro-dominicana","status":"publish","type":"post","link":"https:\/\/diariodominicano.com\/?p=65945","title":{"rendered":"Nueve exposiciones arte y literatura en Feria del Libro dominicana"},"content":{"rendered":"<p><body><\/p>\n<p><img decoding=\"async\" src=\"img3\/libro.jpg\" \/>  <\/p>\n<p><span class=\"text1noticias\">Santo Domingo, Rep.Dom. 7 abr  01: 49 P.M.-(PL) El Ministerio de Cultura anunci\u00f3  la apertura de nueve exposiciones de arte y literatura durante la XV Feria Internacional del Libro Santo Domingo 2012, que se inaugura el 18 de abril.<\/span><\/p>\n<\/p>\n<p><span class=\"text1noticias\">  El magno evento dedicar\u00e1 diferentes espacios para la proyecci\u00f3n de las artes visuales, a trav\u00e9s de nueve exposiciones culturales sobre la vida y obra de importantes figuras literarias nacionales e internacionales.<\/span><\/p>\n<\/p>\n<p><span class=\"text1noticias\">La primera se iniciar\u00e1 el 12 de abril, con \u00abJuan Ram\u00f3n Sobre el Papel\u00bb, en el Museo de Arte Moderno, bajo el patrocinio de la Embajada de Espa\u00f1a.<\/span><\/p>\n<\/p>\n<p><span class=\"text1noticias\">Se trata de una muestra de artes pl\u00e1sticas en la que participan artistas de Brasil, Argentina, Portugal, Espa\u00f1a y Rep\u00fablica Dominicana en torno al poeta espa\u00f1ol Juan Ram\u00f3n Jim\u00e9nez.<\/span><\/p>\n<\/p>\n<p><span class=\"text1noticias\">El d\u00eda inaugural de la feria, en la verja perimetral frontal de la Plaza de la Cultura, quedar\u00e1 abierta al p\u00fablico la exposici\u00f3n \u00abLas Grandes figuras de la FIL en 15 a\u00f1os\u00bb. Ser\u00e1n mostrados los rostros de las m\u00e1s relevantes personalidades literarias protagonistas de la feria del libro desde su primera edici\u00f3n en 1998.<\/span><\/p>\n<\/p>\n<p><span class=\"text1noticias\">El 19 de abril est\u00e1n programadas las exposiciones y homenajes en honor a Mar\u00eda Montez y Enriquillo S\u00e1nchez, en la Cinemateca Dominicana y el Museo de Arte Moderno, respectivamente.<\/span><\/p>\n<\/p>\n<p><span class=\"text1noticias\">El Museo del Hombre Dominicano ser\u00e1 el escenario para esta exhibici\u00f3n, que Santo Domingo es la primera capital del Caribe en recibirla.<\/span><\/p>\n<\/p>\n<p><span class=\"text1noticias\">Tambi\u00e9n, el Museo de Arte Moderno acoger\u00e1 una exposici\u00f3n de Arte Contempor\u00e1neo Centroamericano, con la participaci\u00f3n de los artistas nicarag\u00fcense Cristina Cuadra y Marcos Agudelo; Lourdes de la Riva y Regina Jos\u00e9 Gal\u00edndo, de Guatemala; Sila Chanto y Roxana Nagygeller, de Costa Rica.<\/span><\/p>\n<\/p>\n<p><span class=\"text1noticias\">En esta muestra participan adem\u00e1s el salvadore\u00f1o Mauricio Esquivel, Ana Garuz, de Panam\u00e1; Santiago Cal, de Belice y los hondure\u00f1os Ballardo Blandino y Santos Arz\u00fa Quioto.<\/span><\/p>\n<\/p>\n<p><span class=\"text1noticias\">Asimismo, el Museo de Historia Natural y Geograf\u00eda ser\u00e1 la sede de la exposici\u00f3n de fot\u00f3grafos guatemaltecos \u00abChapinlandia\u00bb y la del Bicentenario de El Salvador, procedentes de Centroam\u00e9rica, regi\u00f3n invitada de honor de este a\u00f1o.<\/span><\/p>\n<\/p>\n<p><span class=\"text1noticias\">Para los amantes del arte captado a trav\u00e9s del lente, tambi\u00e9n estar\u00e1 la muestra \u00abPersonalidades, risas, sonrisas y carcajadas\u00bb, en el Museo de Arte Moderno, una original exposici\u00f3n fotogr\u00e1fica de Francis Arias.<\/span><\/p>\n<\/p>\n<p><span class=\"text1noticias\">La FIL de Santo Domingo, celebrada anualmente y organizada por el Ministerio de Cultura, este a\u00f1o tendr\u00e1 lugar en la Plaza de la Cultura Juan Pablo Duarte, del 18 de abril al 6 de Mayo.(HG)<\/span>.<\/p>\n<h6> 2012-04-07 17:46:26 <\/h6>\n<p><!--\n<link rel=\"stylesheet\" href=\"css\/bootstrap.min.css\">\n\n\n<ul class=\"pagination\">\n\t    \n\t\n\n<li >\n\t<a href='?page_no=17622'>Previous<\/a>\n\t<\/li>\n\n\n       \n    \n\n<li><a href='?page_no=1'>1<\/a><\/li>\n\n\n\n<li><a href='?page_no=2'>2<\/a><\/li>\n\n\n\n<li><a>...<\/a><\/li>\n\n\n\n<li><a href='?page_no=17621'>17621<\/a><\/li>\n\n\n\n<li><a href='?page_no=17622'>17622<\/a><\/li>\n\n\n\n<li class='active'><a>17623<\/a><\/li>\n\n\n\n<li><a href='?page_no=17624'>17624<\/a><\/li>\n\n\n\n<li><a href='?page_no=17625'>17625<\/a><\/li>\n\n\n\n<li><a>...<\/a><\/li>\n\n\n\n<li><a href='?page_no=22911'>22911<\/a><\/li>\n\n\n\n<li><a href='?page_no=22912'>22912<\/a><\/li>\n\n    \n\t\n\n<li >\n\t<a href='?page_no=17624'>Next<\/a>\n\t<\/li>\n\n\n    \n\n<li><a href='?page_no=22912'>Last &rsaquo;&rsaquo;<\/a><\/li>\n\n<\/ul>\n\n\n--><br \/>\n<\/body><\/p>\n","protected":false},"excerpt":{"rendered":"<p>Santo Domingo, Rep.Dom. 7 abr 01: 49 P.M.-(PL) El Ministerio de Cultura anunci\u00f3 la apertura de nueve exposiciones de arte y literatura durante la XV Feria Internacional del Libro Santo Domingo 2012, que se inaugura el 18 de abril. El magno evento dedicar\u00e1 diferentes espacios para la proyecci\u00f3n de las artes visuales, a trav\u00e9s de [&hellip;]<\/p>\n","protected":false},"author":3,"featured_media":0,"comment_status":"open","ping_status":"open","sticky":false,"template":"","format":"standard","meta":{"footnotes":""},"categories":[21],"tags":[],"class_list":["post-65945","post","type-post","status-publish","format-standard","hentry","category-cultura"],"_links":{"self":[{"href":"https:\/\/diariodominicano.com\/index.php?rest_route=\/wp\/v2\/posts\/65945","targetHints":{"allow":["GET"]}}],"collection":[{"href":"https:\/\/diariodominicano.com\/index.php?rest_route=\/wp\/v2\/posts"}],"about":[{"href":"https:\/\/diariodominicano.com\/index.php?rest_route=\/wp\/v2\/types\/post"}],"author":[{"embeddable":true,"href":"https:\/\/diariodominicano.com\/index.php?rest_route=\/wp\/v2\/users\/3"}],"replies":[{"embeddable":true,"href":"https:\/\/diariodominicano.com\/index.php?rest_route=%2Fwp%2Fv2%2Fcomments&post=65945"}],"version-history":[{"count":0,"href":"https:\/\/diariodominicano.com\/index.php?rest_route=\/wp\/v2\/posts\/65945\/revisions"}],"wp:attachment":[{"href":"https:\/\/diariodominicano.com\/index.php?rest_route=%2Fwp%2Fv2%2Fmedia&parent=65945"}],"wp:term":[{"taxonomy":"category","embeddable":true,"href":"https:\/\/diariodominicano.com\/index.php?rest_route=%2Fwp%2Fv2%2Fcategories&post=65945"},{"taxonomy":"post_tag","embeddable":true,"href":"https:\/\/diariodominicano.com\/index.php?rest_route=%2Fwp%2Fv2%2Ftags&post=65945"}],"curies":[{"name":"wp","href":"https:\/\/api.w.org\/{rel}","templated":true}]}}