{"id":65944,"date":"2012-04-08T12:15:19","date_gmt":"2012-04-08T12:15:19","guid":{"rendered":"http:\/\/diariodominicano.ddns.net\/?p=65944"},"modified":"2012-04-08T12:15:19","modified_gmt":"2012-04-08T12:15:19","slug":"expresiones-culturales-se-unen-en-la-semana-santa","status":"publish","type":"post","link":"https:\/\/diariodominicano.com\/?p=65944","title":{"rendered":"&#13;Expresiones culturales se unen en la Semana Santa"},"content":{"rendered":"<p><body><\/p>\n<p><span class=\"text1noticias\">Monte Plata, RD 8 abril (8:13 am).- Todas las expresiones culturales son puestas de manifiesto por los pobladores de la provincia de Monte Plata que se concentran en los diferentes centros recreativos para compartir la Semana Mayor.<\/span><\/p>\n<\/p>\n<p><span class=\"text1noticias\">Cada sector tiene su p\u00fablico, de modo que se ve diseminada la poblaci\u00f3n en las playas, iglesias, bares y parques.<\/span><\/p>\n<p><span class=\"text1noticias\"> <\/span><\/p>\n<p><span class=\"text1noticias\">Con sensuales movimientos a ritmo de una m\u00fasica contagiosa, mujeres dominico-haitianas recorren las calles del municipio de Bayaguana, en Monte Plata, para resaltar la cultura Haitiana a trav\u00e9s del Gaga.<\/span><\/p>\n<p><span class=\"text1noticias\"> <\/span><\/p>\n<p><span class=\"text1noticias\">Miguel Rene y Yesica Ozuna explicaron que la actividad  busca unir los lazos dominico-haitianos.<\/span><\/p>\n<p><span class=\"text1noticias\"> <\/span><\/p>\n<p><span class=\"text1noticias\">Mientras en las calles se celebra con m\u00fasica y fiesta la Semana Santa, la Iglesia de la comunidad se prepara para una nueva ceremonia de fe. Los primeros en las filas son los mendigos y comerciantes que se quejan de la mala situaci\u00f3n econ\u00f3mica del pa\u00eds.<\/span><\/p>\n<p><span class=\"text1noticias\"> <\/span><\/p>\n<p><span class=\"text1noticias\">Decenas de personas se concentran en los parques a disfrutar de la tradicional pelea de gallos y otras en tanto se distribuyen en los siete balnearios disponibles en la provincia.<\/span><\/p>\n<p><span class=\"text1noticias\"> <\/span><\/p>\n<p><span class=\"text1noticias\">Benito Radhames de la Cruz, director de la Defensa Civil, explic\u00f3 que de un total de 12 balnearios, siete est\u00e1n disponibles y cinco clausurados. Hasta el momento no se han producido hechos que lamentar.<\/span><\/p>\n<p><span class=\"text1noticias\"> <\/span><\/p>\n<p><span class=\"text1noticias\">El centro m\u00e1s concurrido de la provincia fue el rio Comate donde mujeres, hombre  y ni\u00f1os desaf\u00edan las aguas sucias para pasar un momento en familia. En el hospital, solo han sido atendidas 16 personas entre viernes y s\u00e1bado, dos de ellas menores de edad intoxicados por alcohol.<\/span><\/p>\n<p><span class=\"text1noticias\"> <\/span><\/p>\n<p><span class=\"text1noticias\">En sentido general, las autoridades calificaron como positivo el trascurso de la Semana Santa en Monte Plata y llamaron a la poblaci\u00f3n a la moderaci\u00f3n, y es que los ciudadanos ignoran hasta las aguas contaminadas para disfrutar el momento.(AD).<\/span>&#8211; <\/p>\n<\/p>\n<p>ADEM\u00c1S EN PANORAMA<\/p>\n<h6> 2012-04-08 12:15:19 <\/h6>\n<p><!--\n<link rel=\"stylesheet\" href=\"css\/bootstrap.min.css\">\n\n\n<ul class=\"pagination\">\n\t    \n\t\n\n<li >\n\t<a href='?page_no=17621'>Previous<\/a>\n\t<\/li>\n\n\n       \n    \n\n<li><a href='?page_no=1'>1<\/a><\/li>\n\n\n\n<li><a href='?page_no=2'>2<\/a><\/li>\n\n\n\n<li><a>...<\/a><\/li>\n\n\n\n<li><a href='?page_no=17620'>17620<\/a><\/li>\n\n\n\n<li><a href='?page_no=17621'>17621<\/a><\/li>\n\n\n\n<li class='active'><a>17622<\/a><\/li>\n\n\n\n<li><a href='?page_no=17623'>17623<\/a><\/li>\n\n\n\n<li><a href='?page_no=17624'>17624<\/a><\/li>\n\n\n\n<li><a>...<\/a><\/li>\n\n\n\n<li><a href='?page_no=22911'>22911<\/a><\/li>\n\n\n\n<li><a href='?page_no=22912'>22912<\/a><\/li>\n\n    \n\t\n\n<li >\n\t<a href='?page_no=17623'>Next<\/a>\n\t<\/li>\n\n\n    \n\n<li><a href='?page_no=22912'>Last &rsaquo;&rsaquo;<\/a><\/li>\n\n<\/ul>\n\n\n--><br \/>\n<\/body><\/p>\n","protected":false},"excerpt":{"rendered":"<p>Monte Plata, RD 8 abril (8:13 am).- Todas las expresiones culturales son puestas de manifiesto por los pobladores de la provincia de Monte Plata que se concentran en los diferentes centros recreativos para compartir la Semana Mayor. Cada sector tiene su p\u00fablico, de modo que se ve diseminada la poblaci\u00f3n en las playas, iglesias, bares [&hellip;]<\/p>\n","protected":false},"author":3,"featured_media":0,"comment_status":"open","ping_status":"open","sticky":false,"template":"","format":"standard","meta":{"footnotes":""},"categories":[21],"tags":[],"class_list":["post-65944","post","type-post","status-publish","format-standard","hentry","category-cultura"],"_links":{"self":[{"href":"https:\/\/diariodominicano.com\/index.php?rest_route=\/wp\/v2\/posts\/65944","targetHints":{"allow":["GET"]}}],"collection":[{"href":"https:\/\/diariodominicano.com\/index.php?rest_route=\/wp\/v2\/posts"}],"about":[{"href":"https:\/\/diariodominicano.com\/index.php?rest_route=\/wp\/v2\/types\/post"}],"author":[{"embeddable":true,"href":"https:\/\/diariodominicano.com\/index.php?rest_route=\/wp\/v2\/users\/3"}],"replies":[{"embeddable":true,"href":"https:\/\/diariodominicano.com\/index.php?rest_route=%2Fwp%2Fv2%2Fcomments&post=65944"}],"version-history":[{"count":0,"href":"https:\/\/diariodominicano.com\/index.php?rest_route=\/wp\/v2\/posts\/65944\/revisions"}],"wp:attachment":[{"href":"https:\/\/diariodominicano.com\/index.php?rest_route=%2Fwp%2Fv2%2Fmedia&parent=65944"}],"wp:term":[{"taxonomy":"category","embeddable":true,"href":"https:\/\/diariodominicano.com\/index.php?rest_route=%2Fwp%2Fv2%2Fcategories&post=65944"},{"taxonomy":"post_tag","embeddable":true,"href":"https:\/\/diariodominicano.com\/index.php?rest_route=%2Fwp%2Fv2%2Ftags&post=65944"}],"curies":[{"name":"wp","href":"https:\/\/api.w.org\/{rel}","templated":true}]}}