{"id":65943,"date":"2012-04-08T18:21:26","date_gmt":"2012-04-08T18:21:26","guid":{"rendered":"http:\/\/diariodominicano.ddns.net\/?p=65943"},"modified":"2012-04-08T18:21:26","modified_gmt":"2012-04-08T18:21:26","slug":"cultura-profetica-a-la-marina-de-sansouci","status":"publish","type":"post","link":"https:\/\/diariodominicano.com\/?p=65943","title":{"rendered":"Cultura Prof\u00e9tica a la marina de Sansouci"},"content":{"rendered":"<p><body><\/p>\n<p><img decoding=\"async\" src=\"http:\/\/localhost:8080\/img3\/Prof%C3%83%C2%A9tica.jpg\" \/>  <\/p>\n<p><span class=\"text1noticias\">Rep. Dom.08 de Abril 02:22 P.M.-.- La agrupaci\u00f3n Cultura Prof\u00e9tica, viene a Santo Domingo para celebrar quince a\u00f1os de carrera art\u00edstica con una presentaci\u00f3n de sus mejores temas en la marina de Sansouci, con capacidad para cinco mil personas.<\/span><\/p>\n<p><span class=\"text1noticias\"> <\/span><\/p>\n<p><span class=\"text1noticias\">La fecha elegida por los boricuas es el 28 de abril, en lo que supone el concierto m\u00e1s ambicioso hecho en Republica Dominicana por la banda, dado que sus seguidores crecen m\u00e1s cada d\u00eda y para tal celebraci\u00f3n necesitan un espacio donde su fanaticada pueda disfrutar c\u00f3modamente.<\/span><\/p>\n<p><span class=\"text1noticias\"> <\/span><\/p>\n<p><span class=\"text1noticias\">\u00abEstamos muy contento de que la Rep\u00fablica forme parte de esta fiesta en momentos que conmemoramos 15 a\u00f1os de carrera, llevando amor, conciencia y paz a nuestros fan\u00e1ticos\u00bb, dice su vocalista Willie Rodr\u00edguez.<\/span><\/p>\n<p><span class=\"text1noticias\"> <\/span><\/p>\n<p><span class=\"text1noticias\">La presentaci\u00f3n aniversario de Cultura Prof\u00e9tica es un concierto muy ambicioso que promete repasar sus mejores temas, en un noche jovial y fluida por dem\u00e1s.<\/span><\/p>\n<p><span class=\"text1noticias\"> <\/span><\/p>\n<p><span class=\"text1noticias\">Su sonido, en el que mezclan el Roots Reggae con jazz y otras texturas musicales, evidencia la madurez e integraci\u00f3n que tienen en escena.<\/span><\/p>\n<p><span class=\"text1noticias\"> <\/span><\/p>\n<p><span class=\"text1noticias\">Los boricuas se han preocupado por utilizar sus canciones como veh\u00edculos de llamados a la paz y conciencia, inculcando a los seguidores el valor que tiene cuidar la esencia que como seres humanos todos tenemos, en momentos en que lo  \u00ablight\u00bb, es la norma impidiendo la profundidad de ideas.<\/span><\/p>\n<p><span class=\"text1noticias\"> <\/span><\/p>\n<p><span class=\"text1noticias\">Pero igualmente no dejan de componer canciones dulces y po\u00e9ticas, que exalten el m\u00e1s noble y poderoso sentimiento de amor.<\/span><\/p>\n<p><span class=\"text1noticias\"> <\/span><\/p>\n<p><span class=\"text1noticias\">Cultura Pr\u00f3f\u00e9tica, se ha mantenido transitando al margen del \u00abmainstream\u00bb, con m\u00fasica y letras a su manera, que impacta directo en la mente y ponen a pensar, motivando un cuestionamiento interno cuando se escucha.<\/span><\/p>\n<p><span class=\"text1noticias\"> <\/span><\/p>\n<p><span class=\"text1noticias\">Su propuesta relajada y \u00abChillin\u00bb, es como una lanza que penetra con suavidad el coraz\u00f3n y la conciencia al momento de hacer reclamos sociales que reflejen el car\u00e1cter de su filosofia y visi\u00f3n de vida.(HG)<\/span>.<\/p>\n<h6> 2012-04-08 18:21:26 <\/h6>\n<p><!--\n<link rel=\"stylesheet\" href=\"css\/bootstrap.min.css\">\n\n\n<ul class=\"pagination\">\n\t    \n\t\n\n<li >\n\t<a href='?page_no=17620'>Previous<\/a>\n\t<\/li>\n\n\n       \n    \n\n<li><a href='?page_no=1'>1<\/a><\/li>\n\n\n\n<li><a href='?page_no=2'>2<\/a><\/li>\n\n\n\n<li><a>...<\/a><\/li>\n\n\n\n<li><a href='?page_no=17619'>17619<\/a><\/li>\n\n\n\n<li><a href='?page_no=17620'>17620<\/a><\/li>\n\n\n\n<li class='active'><a>17621<\/a><\/li>\n\n\n\n<li><a href='?page_no=17622'>17622<\/a><\/li>\n\n\n\n<li><a href='?page_no=17623'>17623<\/a><\/li>\n\n\n\n<li><a>...<\/a><\/li>\n\n\n\n<li><a href='?page_no=22911'>22911<\/a><\/li>\n\n\n\n<li><a href='?page_no=22912'>22912<\/a><\/li>\n\n    \n\t\n\n<li >\n\t<a href='?page_no=17622'>Next<\/a>\n\t<\/li>\n\n\n    \n\n<li><a href='?page_no=22912'>Last &rsaquo;&rsaquo;<\/a><\/li>\n\n<\/ul>\n\n\n--><br \/>\n<\/body><\/p>\n","protected":false},"excerpt":{"rendered":"<p>Rep. Dom.08 de Abril 02:22 P.M.-.- La agrupaci\u00f3n Cultura Prof\u00e9tica, viene a Santo Domingo para celebrar quince a\u00f1os de carrera art\u00edstica con una presentaci\u00f3n de sus mejores temas en la marina de Sansouci, con capacidad para cinco mil personas. La fecha elegida por los boricuas es el 28 de abril, en lo que supone el [&hellip;]<\/p>\n","protected":false},"author":3,"featured_media":0,"comment_status":"open","ping_status":"open","sticky":false,"template":"","format":"standard","meta":{"footnotes":""},"categories":[21],"tags":[],"class_list":["post-65943","post","type-post","status-publish","format-standard","hentry","category-cultura"],"_links":{"self":[{"href":"https:\/\/diariodominicano.com\/index.php?rest_route=\/wp\/v2\/posts\/65943","targetHints":{"allow":["GET"]}}],"collection":[{"href":"https:\/\/diariodominicano.com\/index.php?rest_route=\/wp\/v2\/posts"}],"about":[{"href":"https:\/\/diariodominicano.com\/index.php?rest_route=\/wp\/v2\/types\/post"}],"author":[{"embeddable":true,"href":"https:\/\/diariodominicano.com\/index.php?rest_route=\/wp\/v2\/users\/3"}],"replies":[{"embeddable":true,"href":"https:\/\/diariodominicano.com\/index.php?rest_route=%2Fwp%2Fv2%2Fcomments&post=65943"}],"version-history":[{"count":0,"href":"https:\/\/diariodominicano.com\/index.php?rest_route=\/wp\/v2\/posts\/65943\/revisions"}],"wp:attachment":[{"href":"https:\/\/diariodominicano.com\/index.php?rest_route=%2Fwp%2Fv2%2Fmedia&parent=65943"}],"wp:term":[{"taxonomy":"category","embeddable":true,"href":"https:\/\/diariodominicano.com\/index.php?rest_route=%2Fwp%2Fv2%2Fcategories&post=65943"},{"taxonomy":"post_tag","embeddable":true,"href":"https:\/\/diariodominicano.com\/index.php?rest_route=%2Fwp%2Fv2%2Ftags&post=65943"}],"curies":[{"name":"wp","href":"https:\/\/api.w.org\/{rel}","templated":true}]}}