{"id":65942,"date":"2012-04-08T21:40:29","date_gmt":"2012-04-08T21:40:29","guid":{"rendered":"http:\/\/diariodominicano.ddns.net\/?p=65942"},"modified":"2012-04-08T21:40:29","modified_gmt":"2012-04-08T21:40:29","slug":"rafael-nunez-grassals-premio-nacional-de-periodismo-2012","status":"publish","type":"post","link":"https:\/\/diariodominicano.com\/?p=65942","title":{"rendered":"Rafael N\u00fa\u00f1ez Grassals, Premio Nacional de Periodismo 2012"},"content":{"rendered":"<p><body><\/p>\n<p><img decoding=\"async\" src=\"img3\/Jurado.JPG\" \/>  <\/p>\n<p><span class=\"text1noticias\">Rep.Dom. 08 de Abril 05:41 P.M.-El profesor Rafael N\u00fa\u00f1ez Grassals, maestro de varias generaciones de periodistas y comunicador  es Premio Nacional de Periodismo 2012, por el veredicto del  Ministerio de Educaci\u00f3n y el Colegio Dominicano de Periodistas, seleccionado con de acuerdo con las estipulaciones establecidas en  el Decreto Presidencial 74-94, que crea el galard\u00f3n con motivo del D\u00eda Nacional del Periodista, el 5 de Abril de cada a\u00f1o.<\/span><\/p>\n<\/p>\n<p><span class=\"text1noticias\">El jurado designado por las dos instituciones, encabezado por la Maestra Josefina Pimentel y el licenciado Aurelio Henr\u00edquez, valora la labor docente de N\u00fa\u00f1ez Grassals desde la Escuela de Ciencias de Informaci\u00f3n P\u00fablica (el nombre que ten\u00eda cuando era el director) o Escuela de Comunicaci\u00f3n de la Facultad de Humanidades de la Universidad Aut\u00f3nona de Santo Domingo. La selecci\u00f3n se hizo el 29 de marzo pasado.<\/span><\/p>\n<\/p>\n<p><span class=\"text1noticias\">Junto a su labor de formaci\u00f3n de centenares de periodistas, muchos de los cuales est\u00e1n hoy en ejercicio, se destaca su labor como periodista, corrector de estilo y ejecutivo en algunos medios. impresos como el diario Hoy, El Caribe, Hoy, El Sol El Nacional y digitales, como Clave Digital y Acento.com.do, en donde se caracteriz\u00f3 por sus estrictas correcciones y el enfoque novedoso y cr\u00edtico a sus cr\u00f3nicas.<\/span><\/p>\n<\/p>\n<p><span class=\"text1noticias\">\u00abLa selecci\u00f3n del licenciado N\u00fa\u00f1ez Grassals es un reconocimiento a su postura \u00e9tica incuestionable, a su trayectoria como formador de periodistas , una labor como  comunicador en la que exhibe altos niveles de profesionalidad, a lo agrega el don de una personalidad caracterizada por la ecuanimidad para con sus colegas y alumnos.\u00bb Dice el veredicto.<\/span><\/p>\n<\/p>\n<p><span class=\"text1noticias\">El jurado seleccionador est\u00e1 integrado por la Ministra de Educaci\u00f3n, doctora Josefina Pimentel; el presidente del Colegio Dominicano de Periodista, licenciado Aurelio Henr\u00edquez; el presidente de la Asociaci\u00f3n Dominicana de Diarios, licenciado Persio Maldonado; la Asociaci\u00f3n Dominicana de Radiodifusoras, representada por su director ejecutivo, Am\u00e9rico Mart\u00ednez; el director de la Escuela de Comunicaci\u00f3n de la UASD, el maestro Giovanny Matos (quien adem\u00e1s represent\u00f3 a Aurelio Henr\u00edquez, presidente del CDP, quien se encontraba en Hait\u00ed en labores profesionales) y los jurados 2012: la periodista Minerva Isa (Premio Nacional de Periodismo 2011), investigadora del diario Hoy y Jos\u00e9 Tejada G\u00f3mez, uno de los fundadores del Colegio Dominicano de Periodistas y director del peri\u00f3dico Diariodigitalrd.com. El secretario del jurado es Jos\u00e9 Rafael Sosa . La notaria del jurado fue la licenciada Carmen Reyes, de la Consultor\u00eda Jur\u00eddica del Ministerio de Educaci\u00f3n y la coordinaci\u00f3n general estuvo a cargo de la licenciada Emilia Pereyra, directora de Comunicaciones de Educaci\u00f3n.<\/span><\/p>\n<\/p>\n<p><span class=\"text1noticias\">Sobre el galardonado<\/span><\/p>\n<\/p>\n<p><span class=\"text1noticias\">Rafael N\u00fa\u00f1ez Grassals  es un consagrado maestro formador de periodistas  y el \u00fanico que en la Escuela de Periodismo de la UASD ostenta el t\u00edtulo de \u00abMerit\u00edsimo\u00bb por decisi\u00f3n del Consejo Universitario.<\/span><\/p>\n<\/p>\n<p><span class=\"text1noticias\">Grassals  ofreci\u00f3 las primeras lecciones de comunicaci\u00f3n, comenzando con la \u00abPir\u00e1mide Invertida\u00bb hasta las orientaciones sobre periodismo de opini\u00f3n, investigaci\u00f3n y otros aspectos fundamentales en la preparaci\u00f3n acad\u00e9mica de los estudiantes. Es casado con la doctora Liliam Santana.<\/span><\/p>\n<\/p>\n<p><span class=\"text1noticias\">Sus criterios<\/span><\/p>\n<\/p>\n<p><span class=\"text1noticias\">En una entrevista que concedi\u00f3 a Arismendy Calder\u00f3n, del diario Hoy, Grassals, enfoc\u00f3 el tema de la formaci\u00f3n actual de periodistas: \u00ab\u00bfQu\u00e9 es lo que est\u00e1n entregando las escuelas de periodismo a los medios? Y responde: \u00abAl d\u00eda de hoy, t\u00fa tienes un producto muy pobre que sale de las universidades\u00bb, dijo.<\/span><\/p>\n<\/p>\n<p><span class=\"text1noticias\">Grassals sostiene: \u00abEntonces, de pronto, me queda la perplejidad de si ese tipo de producto informativo est\u00e1 realmente respetando la realidad del dato. Y ese es el punto. Por ejemplo, aprovechando las facilidades de la tecnolog\u00eda para manejar recursos interactivos e intervenciones del auditorio en el producto del medio, de pronto t\u00fa ves que hay un paquete de cosas mezcladas donde hay informaci\u00f3n, comentarios diversos, intentos de an\u00e1lisis que no llegan a ser an\u00e1lisis acabados y opiniones,  digamos ?libres?\u00bb.(HG)<\/span>.<\/p>\n<\/p>\n<h6> 2012-04-08 21:40:29 <\/h6>\n<p><!--\n<link rel=\"stylesheet\" href=\"css\/bootstrap.min.css\">\n\n\n<ul class=\"pagination\">\n\t    \n\t\n\n<li >\n\t<a href='?page_no=17619'>Previous<\/a>\n\t<\/li>\n\n\n       \n    \n\n<li><a href='?page_no=1'>1<\/a><\/li>\n\n\n\n<li><a href='?page_no=2'>2<\/a><\/li>\n\n\n\n<li><a>...<\/a><\/li>\n\n\n\n<li><a href='?page_no=17618'>17618<\/a><\/li>\n\n\n\n<li><a href='?page_no=17619'>17619<\/a><\/li>\n\n\n\n<li class='active'><a>17620<\/a><\/li>\n\n\n\n<li><a href='?page_no=17621'>17621<\/a><\/li>\n\n\n\n<li><a href='?page_no=17622'>17622<\/a><\/li>\n\n\n\n<li><a>...<\/a><\/li>\n\n\n\n<li><a href='?page_no=22911'>22911<\/a><\/li>\n\n\n\n<li><a href='?page_no=22912'>22912<\/a><\/li>\n\n    \n\t\n\n<li >\n\t<a href='?page_no=17621'>Next<\/a>\n\t<\/li>\n\n\n    \n\n<li><a href='?page_no=22912'>Last &rsaquo;&rsaquo;<\/a><\/li>\n\n<\/ul>\n\n\n--><br \/>\n<\/body><\/p>\n","protected":false},"excerpt":{"rendered":"<p>Rep.Dom. 08 de Abril 05:41 P.M.-El profesor Rafael N\u00fa\u00f1ez Grassals, maestro de varias generaciones de periodistas y comunicador es Premio Nacional de Periodismo 2012, por el veredicto del Ministerio de Educaci\u00f3n y el Colegio Dominicano de Periodistas, seleccionado con de acuerdo con las estipulaciones establecidas en el Decreto Presidencial 74-94, que crea el galard\u00f3n con [&hellip;]<\/p>\n","protected":false},"author":3,"featured_media":0,"comment_status":"open","ping_status":"open","sticky":false,"template":"","format":"standard","meta":{"footnotes":""},"categories":[21],"tags":[],"class_list":["post-65942","post","type-post","status-publish","format-standard","hentry","category-cultura"],"_links":{"self":[{"href":"https:\/\/diariodominicano.com\/index.php?rest_route=\/wp\/v2\/posts\/65942","targetHints":{"allow":["GET"]}}],"collection":[{"href":"https:\/\/diariodominicano.com\/index.php?rest_route=\/wp\/v2\/posts"}],"about":[{"href":"https:\/\/diariodominicano.com\/index.php?rest_route=\/wp\/v2\/types\/post"}],"author":[{"embeddable":true,"href":"https:\/\/diariodominicano.com\/index.php?rest_route=\/wp\/v2\/users\/3"}],"replies":[{"embeddable":true,"href":"https:\/\/diariodominicano.com\/index.php?rest_route=%2Fwp%2Fv2%2Fcomments&post=65942"}],"version-history":[{"count":0,"href":"https:\/\/diariodominicano.com\/index.php?rest_route=\/wp\/v2\/posts\/65942\/revisions"}],"wp:attachment":[{"href":"https:\/\/diariodominicano.com\/index.php?rest_route=%2Fwp%2Fv2%2Fmedia&parent=65942"}],"wp:term":[{"taxonomy":"category","embeddable":true,"href":"https:\/\/diariodominicano.com\/index.php?rest_route=%2Fwp%2Fv2%2Fcategories&post=65942"},{"taxonomy":"post_tag","embeddable":true,"href":"https:\/\/diariodominicano.com\/index.php?rest_route=%2Fwp%2Fv2%2Ftags&post=65942"}],"curies":[{"name":"wp","href":"https:\/\/api.w.org\/{rel}","templated":true}]}}