{"id":659374,"date":"2026-01-09T13:28:18","date_gmt":"2026-01-09T17:28:18","guid":{"rendered":"https:\/\/diariodominicano.com\/?p=659374"},"modified":"2026-01-09T13:28:22","modified_gmt":"2026-01-09T17:28:22","slug":"cuando-la-infancia-se-quiebra-violencia-depresion-y-el-fracaso-de-la-proteccion-familiar","status":"publish","type":"post","link":"https:\/\/diariodominicano.com\/?p=659374","title":{"rendered":"Cuando la infancia se quiebra violencia, depresi\u00f3n y el fracaso de la protecci\u00f3n familiar"},"content":{"rendered":"\n<p>Por Doctor Ram\u00f3n Ceballo<\/p>\n\n\n\n<p>La infancia se quiebra cuando una ni\u00f1a es asesinada en Puerto Plata, cuando un padrastro con apenas dos meses en un hogar termina lanzado desde un segundo piso y cuando una ni\u00f1a hiere a sus propios padres.<\/p>\n\n\n\n<p>Estos hechos, lejos de ser sucesos aislados o simples episodios de violencia dom\u00e9stica, revelan una fractura profunda en la protecci\u00f3n familiar y un abandono alarmante de la salud mental infantil. Detr\u00e1s de cada uno hay se\u00f1ales ignoradas, emociones no atendidas y una sociedad que sigue llegando tarde, solo despu\u00e9s de que el da\u00f1o ya es irreversible.<\/p>\n\n\n\n<p>No se trata de afirmar que toda violencia extrema sea consecuencia directa de una enfermedad mental. Ser\u00eda una conclusi\u00f3n irresponsable. Sin embargo, tambi\u00e9n resulta peligroso minimizar el papel que juegan la depresi\u00f3n, los trastornos emocionales, el trauma y la violencia intrafamiliar cuando no son detectados ni tratados a tiempo.<\/p>\n\n\n\n<p>Estos hechos no surgen de manera espont\u00e1nea; se gestan en entornos donde el dolor se acumula, donde la agresi\u00f3n se normaliza y donde nadie escucha hasta que la tragedia estalla.<\/p>\n\n\n\n<p>El asesinato de la ni\u00f1a en Puerto Plata expone una realidad lacerante,&nbsp;&nbsp;hogares donde la violencia deja de ser una excepci\u00f3n y se convierte en rutina. M\u00e1s all\u00e1 de la responsabilidad penal que corresponde, este crimen evidencia un entorno familiar profundamente deteriorado, sin redes de apoyo ni mecanismos eficaces de alerta temprana.<\/p>\n\n\n\n<p>Cuando una ni\u00f1a muere a manos de quienes deb\u00edan protegerla, no solo falla una persona; fallan la familia extendida, la comunidad, la escuela y las instituciones encargadas de velar por la ni\u00f1ez.<\/p>\n\n\n\n<p>El caso del padrastro que llevaba apenas dos meses en el hogar y fue lanzado desde un segundo piso revela otro rostro del mismo problema. Las relaciones improvisadas, la imposici\u00f3n acelerada de figuras de autoridad y la ausencia de procesos de adaptaci\u00f3n emocional generan tensiones profundas.<\/p>\n\n\n\n<p>En muchos hogares, los ni\u00f1os son obligados a aceptar cambios radicales sin acompa\u00f1amiento psicol\u00f3gico ni espacios para expresar sus emociones. En ese contexto, la impulsividad, la ira y la violencia se convierten en respuestas frecuentes ante el estr\u00e9s cr\u00f3nico.<\/p>\n\n\n\n<p>A\u00fan m\u00e1s alarmante es el hecho de la ni\u00f1a que hiri\u00f3 a sus padres. Este caso constituye una se\u00f1al clara de alerta en materia de salud mental infantil. La depresi\u00f3n en los ni\u00f1os rara vez se manifiesta como tristeza silenciosa; con frecuencia aparece como agresividad extrema, rebeld\u00eda persistente o conductas violentas. Cuando un menor ataca a sus propios padres, casi nunca se trata de maldad innata, sino de un dolor profundo que no encontr\u00f3 palabras, atenci\u00f3n ni contenci\u00f3n emocional.<\/p>\n\n\n\n<p>El hilo conductor entre estos casos no es la casualidad ni la fatalidad. Es la negligencia colectiva. Hogares desbordados por conflictos no resueltos, escuelas sin suficientes orientadores, comunidades que prefieren mirar hacia otro lado y un sistema de salud mental que act\u00faa solo cuando la tragedia ya se ha consumado.<\/p>\n\n\n\n<p>La ni\u00f1ez dominicana est\u00e1 creciendo en medio de precariedades emocionales invisibles, pero devastadoras, que solo llaman la atenci\u00f3n p\u00fablica cuando se convierten en muerte o esc\u00e1ndalo.<\/p>\n\n\n\n<p>La depresi\u00f3n, los trastornos de conducta y el trauma no explican por s\u00ed solos estos hechos, pero su falta de diagn\u00f3stico y tratamiento oportuno crea el terreno f\u00e9rtil para que la violencia emerja de las formas m\u00e1s crueles. Ignorar esta realidad es seguir condenando a m\u00e1s ni\u00f1os al silencio, a la agresi\u00f3n o a la muerte. Cada caso es una oportunidad perdida de intervenci\u00f3n temprana, de escucha y de prevenci\u00f3n.<\/p>\n\n\n\n<p>Cuando un ni\u00f1o mata o muere, no estamos ante un simple titular policial ni ante un drama privado que pueda archivarse con una sentencia judicial. Estamos frente al colapso de la protecci\u00f3n familiar y al fracaso de un Estado que no previene, no acompa\u00f1a y no escucha.<\/p>\n\n\n\n<p>Cada uno de estos hechos es una advertencia clara y dolorosa, mientras la salud mental siga siendo un tema secundario y la infancia contin\u00fae desprotegida, estas tragedias seguir\u00e1n repiti\u00e9ndose. Y entonces, como sociedad, ya no podremos alegar sorpresa ni conmoci\u00f3n.&nbsp;Solo nos quedar\u00e1 asumir, con verg\u00fcenza, nuestra responsabilidad colectiva.<\/p>\n\n\n\n<p>Ramon Ceballo <a href=\"mailto:raceballo@yahoo.com\">raceballo@yahoo.com<\/a><\/p>\n","protected":false},"excerpt":{"rendered":"<p>Por Doctor Ram\u00f3n Ceballo La infancia se quiebra cuando una ni\u00f1a es asesinada en Puerto Plata, cuando un padrastro con apenas dos meses en un hogar termina lanzado desde un segundo piso y cuando una ni\u00f1a hiere a sus propios padres. Estos hechos, lejos de ser sucesos aislados o simples episodios de violencia dom\u00e9stica, revelan [&hellip;]<\/p>\n","protected":false},"author":7,"featured_media":617479,"comment_status":"closed","ping_status":"closed","sticky":false,"template":"","format":"standard","meta":{"footnotes":""},"categories":[16],"tags":[],"class_list":["post-659374","post","type-post","status-publish","format-standard","has-post-thumbnail","hentry","category-opiniones"],"_links":{"self":[{"href":"https:\/\/diariodominicano.com\/index.php?rest_route=\/wp\/v2\/posts\/659374","targetHints":{"allow":["GET"]}}],"collection":[{"href":"https:\/\/diariodominicano.com\/index.php?rest_route=\/wp\/v2\/posts"}],"about":[{"href":"https:\/\/diariodominicano.com\/index.php?rest_route=\/wp\/v2\/types\/post"}],"author":[{"embeddable":true,"href":"https:\/\/diariodominicano.com\/index.php?rest_route=\/wp\/v2\/users\/7"}],"replies":[{"embeddable":true,"href":"https:\/\/diariodominicano.com\/index.php?rest_route=%2Fwp%2Fv2%2Fcomments&post=659374"}],"version-history":[{"count":1,"href":"https:\/\/diariodominicano.com\/index.php?rest_route=\/wp\/v2\/posts\/659374\/revisions"}],"predecessor-version":[{"id":659381,"href":"https:\/\/diariodominicano.com\/index.php?rest_route=\/wp\/v2\/posts\/659374\/revisions\/659381"}],"wp:featuredmedia":[{"embeddable":true,"href":"https:\/\/diariodominicano.com\/index.php?rest_route=\/wp\/v2\/media\/617479"}],"wp:attachment":[{"href":"https:\/\/diariodominicano.com\/index.php?rest_route=%2Fwp%2Fv2%2Fmedia&parent=659374"}],"wp:term":[{"taxonomy":"category","embeddable":true,"href":"https:\/\/diariodominicano.com\/index.php?rest_route=%2Fwp%2Fv2%2Fcategories&post=659374"},{"taxonomy":"post_tag","embeddable":true,"href":"https:\/\/diariodominicano.com\/index.php?rest_route=%2Fwp%2Fv2%2Ftags&post=659374"}],"curies":[{"name":"wp","href":"https:\/\/api.w.org\/{rel}","templated":true}]}}