{"id":659373,"date":"2026-01-09T12:30:04","date_gmt":"2026-01-09T16:30:04","guid":{"rendered":"https:\/\/diariodominicano.com\/?p=659373"},"modified":"2026-01-09T17:53:54","modified_gmt":"2026-01-09T21:53:54","slug":"anpa-saluda-designacion-de-nuevo-ministro-pero-advierte-que-no-habra-paz-laboral-si-no-se-atienden-sus-demandas","status":"publish","type":"post","link":"https:\/\/diariodominicano.com\/?p=659373","title":{"rendered":"ANPA saluda designaci\u00f3n de nuevo ministro, pero advierte que no habr\u00e1 paz laboral si no se atienden sus demandas"},"content":{"rendered":"\n<p>La Asociaci\u00f3n Nacional de Profesionales Agropecuarios (ANPA) salud\u00f3 la designaci\u00f3n del ingeniero Oliverio Espaillat como nuevo ministro de Agricultura, dispuesta por el presidente de la Rep\u00fablica, Luis Abinader, y expres\u00f3 su disposici\u00f3n de trabajar de manera conjunta por el fortalecimiento del sector agropecuario y la garant\u00eda de la seguridad alimentaria del pueblo dominicano.<\/p>\n\n\n\n<p>No obstante, el gremio advirti\u00f3 de manera clara y responsable que no habr\u00e1 paz laboral en el sector agropecuario mientras no se atiendan las demandas hist\u00f3ricas de los profesionales agropecuarios, las cuales seg\u00fan se\u00f1al\u00f3 han sido postergadas durante a\u00f1os sin respuestas concretas.<\/p>\n\n\n\n<p>La ANPA reconoci\u00f3 que el ministro es nuevo en el cargo, pero subray\u00f3 que la lucha del gremio no lo es. \u201cEl funcionario puede ser nuevo, pero nuestras demandas son viejas, leg\u00edtimas y acumuladas, y no pueden seguir siendo ignoradas\u201d, expres\u00f3 la dirigencia gremial, al reiterar que sin agr\u00f3nomos y personal t\u00e9cnico con condiciones dignas no es posible garantizar la producci\u00f3n de alimentos ni el desarrollo del sector agropecuario.<\/p>\n\n\n\n<p>El presidente de la ANPA, Tito Hern\u00e1ndez, afirm\u00f3 que la organizaci\u00f3n mantendr\u00e1 firme su lucha hasta lograr m\u00e1s de 1,600 pensiones, el aumento salarial prometido, la reposici\u00f3n de los profesionales agropecuarios cancelados, as\u00ed como soluciones urgentes a la situaci\u00f3n calamitosa que enfrentan centenares de profesionales que laboran en el Instituto Agrario Dominicano (IAD), quienes advirti\u00f3 viven en la incertidumbre ante el proceso de fusi\u00f3n entre el IAD y el Ministerio de Agricultura.<\/p>\n\n\n\n<p>Hern\u00e1ndez indic\u00f3 que la ANPA est\u00e1 a la espera de reunirse con el nuevo ministro a la mayor brevedad posible, para abordar estas demandas y procurar soluciones inmediatas y verificables, al tiempo que reiter\u00f3 que la estabilidad del sector agropecuario depender\u00e1 de la voluntad real del Gobierno de responder a las reivindicaciones del capital humano que sostiene la producci\u00f3n nacional.<\/p>\n\n\n\n<p>Estos pronunciamientos fueron realizados durante una rueda de prensa celebrada la ma\u00f1ana de hoy en el local de la ANPA, donde la dirigencia nacional dej\u00f3 claro que el gremio no renunciar\u00e1 a su lucha ni a la defensa de los derechos de los profesionales agropecuarios.<\/p>\n","protected":false},"excerpt":{"rendered":"<p>La Asociaci\u00f3n Nacional de Profesionales Agropecuarios (ANPA) salud\u00f3 la designaci\u00f3n del ingeniero Oliverio Espaillat como nuevo ministro de Agricultura, dispuesta por el presidente de la Rep\u00fablica, Luis Abinader, y expres\u00f3 su disposici\u00f3n de trabajar de manera conjunta por el fortalecimiento del sector agropecuario y la garant\u00eda de la seguridad alimentaria del pueblo dominicano. No obstante, [&hellip;]<\/p>\n","protected":false},"author":7,"featured_media":659379,"comment_status":"closed","ping_status":"closed","sticky":false,"template":"","format":"standard","meta":{"footnotes":""},"categories":[36],"tags":[2659],"class_list":["post-659373","post","type-post","status-publish","format-standard","has-post-thumbnail","hentry","category-hombresmujeresycosas","tag-anpa"],"_links":{"self":[{"href":"https:\/\/diariodominicano.com\/index.php?rest_route=\/wp\/v2\/posts\/659373","targetHints":{"allow":["GET"]}}],"collection":[{"href":"https:\/\/diariodominicano.com\/index.php?rest_route=\/wp\/v2\/posts"}],"about":[{"href":"https:\/\/diariodominicano.com\/index.php?rest_route=\/wp\/v2\/types\/post"}],"author":[{"embeddable":true,"href":"https:\/\/diariodominicano.com\/index.php?rest_route=\/wp\/v2\/users\/7"}],"replies":[{"embeddable":true,"href":"https:\/\/diariodominicano.com\/index.php?rest_route=%2Fwp%2Fv2%2Fcomments&post=659373"}],"version-history":[{"count":1,"href":"https:\/\/diariodominicano.com\/index.php?rest_route=\/wp\/v2\/posts\/659373\/revisions"}],"predecessor-version":[{"id":659380,"href":"https:\/\/diariodominicano.com\/index.php?rest_route=\/wp\/v2\/posts\/659373\/revisions\/659380"}],"wp:featuredmedia":[{"embeddable":true,"href":"https:\/\/diariodominicano.com\/index.php?rest_route=\/wp\/v2\/media\/659379"}],"wp:attachment":[{"href":"https:\/\/diariodominicano.com\/index.php?rest_route=%2Fwp%2Fv2%2Fmedia&parent=659373"}],"wp:term":[{"taxonomy":"category","embeddable":true,"href":"https:\/\/diariodominicano.com\/index.php?rest_route=%2Fwp%2Fv2%2Fcategories&post=659373"},{"taxonomy":"post_tag","embeddable":true,"href":"https:\/\/diariodominicano.com\/index.php?rest_route=%2Fwp%2Fv2%2Ftags&post=659373"}],"curies":[{"name":"wp","href":"https:\/\/api.w.org\/{rel}","templated":true}]}}