{"id":65937,"date":"2012-04-09T23:32:52","date_gmt":"2012-04-09T23:32:52","guid":{"rendered":"http:\/\/diariodominicano.ddns.net\/?p=65937"},"modified":"2012-04-09T23:32:52","modified_gmt":"2012-04-09T23:32:52","slug":"celebran-50-anos-del-cejac-primer-club-cultural-de-nuevo-tipo","status":"publish","type":"post","link":"https:\/\/diariodominicano.com\/?p=65937","title":{"rendered":"Celebran 50 a\u00f1os del CEJAC primer club cultural de nuevo tipo"},"content":{"rendered":"<p><body><\/p>\n<p><span class=\"text1noticias\">Rep.Dom 09 de Abril 07:35 P.M.-El movimiento cultural progresista est\u00e1 de fiesta esta semana al conmemorarse el 50 aniversario del primer club cultural de nuevo tipo, el Club Estudiantil de J\u00f3venes Amantes de la Cultura (CEJC), fundado oficialmente el 14 de abril de 1962 en la Escuela Rep\u00fablica Dominicana.<\/span><\/p>\n<\/p>\n<p><span class=\"text1noticias\">\tEl acontecimiento ser\u00e1 celebrado este s\u00e1bado por los miembros de aquella organizaci\u00f3n con un programa que incluye una visita a la escuela donde funcion\u00f3 el CEJAC, as\u00ed como una ofrenda floral en el Altar de la Patria, donde se rendir\u00e1 tributo a la memoria de los miembros fallecidos Lu\u00eds Reyes Acosta, Rafael Encarnaci\u00f3n, Manuel de la Rosa, Eddy Garc\u00eda y F\u00e9lix Brito.<\/span><\/p>\n<\/p>\n<p><span class=\"text1noticias\">\tEl CEJAC, que fuera fundado gracias a la iniciativa de Jimmy Sierra, quien fue su primer presidente sirvi\u00f3  de inspiraci\u00f3n para que en ese mismo a\u00f1o  surgieran otras organizaciones similares, tales como el Club Enriquillo, Mauricio B\u00e1ez, Movimiento Cultural del 63, Gast\u00f3n Fernando Deligne y muchos otros.<\/span><\/p>\n<\/p>\n<p><span class=\"text1noticias\"> Fue el origen del movimiento cultural de nuevo tipo, que jug\u00f3 un papel protag\u00f3nico en la lucha por las libertades p\u00fablicas del pueblo dominicano durante los a\u00f1os dif\u00edciles de 1961 a 1978.<\/span><\/p>\n<\/p>\n<p><span class=\"text1noticias\">\tEsta entidad estaba estructurada en varias secciones: Canto, a cargo de Rafael Encarnaci\u00f3n, Pintura, dirigida por F\u00e9lix Brito; Cuento, Pedro Caro; Periodismo, Lu\u00eds Reyes Acosta; Declamaci\u00f3n, Eduardo Oller; Filosof\u00eda, Eddy Nicol\u00e1s Garc\u00eda y M\u00fasica, Domingo Mercedes.<\/span><\/p>\n<\/p>\n<p><span class=\"text1noticias\">\tFuncionaba a base de c\u00edrculos de estudio, que se reun\u00edan durante la semana, mientras los viernes desarrollaba una velada cultural en la que los miembros de la agrupaci\u00f3n exhib\u00edan sus realizaciones. <\/span><\/p>\n<p><span class=\"text1noticias\">\tEl CEJAC fue una verdadera escuela que uni\u00f3 a numerosos j\u00f3venes, principalmente de lo barrios Villa Consuelo, Villa Juana y el Ensanche La Fe, que luego se destacaron en diferentes \u00e1reas. Entre ellos Rafael N\u00fa\u00f1ez Grassals, quien lleg\u00f3 a ser presidente del mismo, as\u00ed como Te\u00f3filo Rodr\u00edguez, Di\u00f3genes C\u00e9spedes, Andr\u00e9s L. Mateo, Manuel de la Rosa, Norberto James, Frank Fuentes Tavarez, Nelly Manuel Do\u00f1\u00e9, Chiqui y Leo Corpor\u00e1n, Bienvenido de la Cruz, Johnny y Pablo Arturo Mari\u00f1ez, C\u00e9sar P\u00e9rez, Adriano de la Cruz, Tom\u00e1s Mont\u00e1s, Rafael Reyes Jerez, Ram\u00f3n E. Colombo y C\u00e9sar Pina Toribio.<\/span><\/p>\n<\/p>\n<p><span class=\"text1noticias\">\tAdem\u00e1s, Roberto Marcall\u00e9 Abreu, Pedro Caba, Lu\u00eds Fern\u00e1ndez, Mariano Peralta, Pedro Caro, Bienvenido Rojas, Jaime Lucero, Jos\u00e9 Ulises Rutinel, Mar\u00eda Hern\u00e1ndez, Rodolfo de la Cruz Guerrero, Rafael Roque (Lucho), Frank Fuentes, Radham\u00e9s Garc\u00eda, Luis Linval y otros.<\/span><\/p>\n<\/p>\n<p><span class=\"text1noticias\">\tEntre los asesores del CEJAC estaban Pedro Read Tolentino, Carlos Lebr\u00f3n Savi\u00f1on, Enrique Pat\u00edn Veloz y Rafael Castro Casimiro.(HG)<\/span>.<\/p>\n<\/p>\n<h6> 2012-04-09 23:32:52 <\/h6>\n<p><!--\n<link rel=\"stylesheet\" href=\"css\/bootstrap.min.css\">\n\n\n<ul class=\"pagination\">\n\t    \n\t\n\n<li >\n\t<a href='?page_no=17614'>Previous<\/a>\n\t<\/li>\n\n\n       \n    \n\n<li><a href='?page_no=1'>1<\/a><\/li>\n\n\n\n<li><a href='?page_no=2'>2<\/a><\/li>\n\n\n\n<li><a>...<\/a><\/li>\n\n\n\n<li><a href='?page_no=17613'>17613<\/a><\/li>\n\n\n\n<li><a href='?page_no=17614'>17614<\/a><\/li>\n\n\n\n<li class='active'><a>17615<\/a><\/li>\n\n\n\n<li><a href='?page_no=17616'>17616<\/a><\/li>\n\n\n\n<li><a href='?page_no=17617'>17617<\/a><\/li>\n\n\n\n<li><a>...<\/a><\/li>\n\n\n\n<li><a href='?page_no=22911'>22911<\/a><\/li>\n\n\n\n<li><a href='?page_no=22912'>22912<\/a><\/li>\n\n    \n\t\n\n<li >\n\t<a href='?page_no=17616'>Next<\/a>\n\t<\/li>\n\n\n    \n\n<li><a href='?page_no=22912'>Last &rsaquo;&rsaquo;<\/a><\/li>\n\n<\/ul>\n\n\n--><br \/>\n<\/body><\/p>\n","protected":false},"excerpt":{"rendered":"<p>Rep.Dom 09 de Abril 07:35 P.M.-El movimiento cultural progresista est\u00e1 de fiesta esta semana al conmemorarse el 50 aniversario del primer club cultural de nuevo tipo, el Club Estudiantil de J\u00f3venes Amantes de la Cultura (CEJC), fundado oficialmente el 14 de abril de 1962 en la Escuela Rep\u00fablica Dominicana. El acontecimiento ser\u00e1 celebrado este s\u00e1bado [&hellip;]<\/p>\n","protected":false},"author":3,"featured_media":0,"comment_status":"open","ping_status":"open","sticky":false,"template":"","format":"standard","meta":{"footnotes":""},"categories":[21],"tags":[],"class_list":["post-65937","post","type-post","status-publish","format-standard","hentry","category-cultura"],"_links":{"self":[{"href":"https:\/\/diariodominicano.com\/index.php?rest_route=\/wp\/v2\/posts\/65937","targetHints":{"allow":["GET"]}}],"collection":[{"href":"https:\/\/diariodominicano.com\/index.php?rest_route=\/wp\/v2\/posts"}],"about":[{"href":"https:\/\/diariodominicano.com\/index.php?rest_route=\/wp\/v2\/types\/post"}],"author":[{"embeddable":true,"href":"https:\/\/diariodominicano.com\/index.php?rest_route=\/wp\/v2\/users\/3"}],"replies":[{"embeddable":true,"href":"https:\/\/diariodominicano.com\/index.php?rest_route=%2Fwp%2Fv2%2Fcomments&post=65937"}],"version-history":[{"count":0,"href":"https:\/\/diariodominicano.com\/index.php?rest_route=\/wp\/v2\/posts\/65937\/revisions"}],"wp:attachment":[{"href":"https:\/\/diariodominicano.com\/index.php?rest_route=%2Fwp%2Fv2%2Fmedia&parent=65937"}],"wp:term":[{"taxonomy":"category","embeddable":true,"href":"https:\/\/diariodominicano.com\/index.php?rest_route=%2Fwp%2Fv2%2Fcategories&post=65937"},{"taxonomy":"post_tag","embeddable":true,"href":"https:\/\/diariodominicano.com\/index.php?rest_route=%2Fwp%2Fv2%2Ftags&post=65937"}],"curies":[{"name":"wp","href":"https:\/\/api.w.org\/{rel}","templated":true}]}}