{"id":65935,"date":"2012-04-10T00:30:11","date_gmt":"2012-04-10T00:30:11","guid":{"rendered":"http:\/\/diariodominicano.ddns.net\/?p=65935"},"modified":"2012-04-10T00:30:11","modified_gmt":"2012-04-10T00:30:11","slug":"libro-analiza-factores-conviertieron-al-pld-en-principal-fuerza-electoral","status":"publish","type":"post","link":"https:\/\/diariodominicano.com\/?p=65935","title":{"rendered":"Libro analiza factores conviertieron al PLD en principal fuerza electoral"},"content":{"rendered":"<p><body><\/p>\n<p><span class=\"text1noticias\">Rep.Dom. 09 de Abril 08:30 P.M.-Los factores que llevaron al Partido de la Liberaci\u00f3n Dominicana a convertirse en la principal fuerza pol\u00edtica del pa\u00eds despu\u00e9s de pasar de un partido de cuadros formado por Juan Bosch a  un partidos de masas que ha ganado las \u00faltimas elecciones bajo el liderazgo del doctor Leonel  Fern\u00e1ndez, son descritos el libro el \u00abPLD: Post Bosch, los nuevos padigmas\u00bb,  de la autor\u00eda de de Rafael Grull\u00f3n.<\/span><\/p>\n<\/p>\n<p><span class=\"text1noticias\">Rafael Grull\u00f3n, quien ha escrito los libros \u00abPLD y PRD: Entre la noche y el amancer\u00bb , \u00abPLD: Experiencia electoral y vida partidaria\u00bb y coautor del libro \u00abLeonel: Visi\u00f3n de futuro, pondr\u00e1 pr\u00f3ximamente en circulaci\u00f3n la nueva obra \u00abPLD: Post Bosch, los nuevos padigmas\u00bb,  donde se analiza el proceso que llev\u00f3  al PLD a un partido de masas bajo un nuevo liderazgo con nuevos paradigmas conforme a los cambios que se han venido produciendo en el mundo tras el final de la Guerra Fr\u00eda y la revoluci\u00f3n informativa que mueve al mundo de hoy.<\/span><\/p>\n<\/p>\n<p><span class=\"text1noticias\">En su nuevo libro, Rafael Grull\u00f3n narra el proceso de apertura que se di\u00f3 en el PLD para convertirse en la fuerza electoral que es hoy hasta determinar el rumbo de la sociedad  dominicanas con cuatro elecciones consecutivas ganadas, imponi\u00e9ndose el PLD al PRD, ambos partidos fundados por el profesor Juan Bosch, caso \u00fanico en la historia pol\u00edtica de la humanidad.<\/span><\/p>\n<\/p>\n<p><span class=\"text1noticias\">A pesar de que sostiene en que el PLD es guiado por nuevos paradigmas, Rafael Grull\u00f3n analiza en su obra los fundamentos te\u00f3ricos del profesor Juan Bosch, el nuevo liderazgo de Leonel Fern\u00e1ndez, que aglutin\u00f3 las experiencias pol\u00edticas de los escenarios monopolizados por el Doctor Balaguer, el propio  Bosch y Jos\u00e9 Francisco Pe\u00f1a G\u00f3mez.<\/span><\/p>\n<\/p>\n<p><span class=\"text1noticias\">\u00abJuan Bosch represent\u00f3 el proceso de fundaci\u00f3n, construcci\u00f3n y desarrollo del PLD, Leonel Fern\u00e1ndez ha marcado el liderazgo  en llevar la organizaci\u00f3n y mantenerla en el ejercicio del Poder y ahora Danilo Medina se proyecta como la recomposici\u00f3n y la renovaci\u00f3n del Partido morado en la direcci\u00f3n del Estado\u00bb, sostiene Rafael Grull\u00f3n en su libro.<\/span><\/p>\n<\/p>\n<p><span class=\"text1noticias\">La obra cuenta con un prefacio del doctor Di\u00f3medes N\u00fa\u00f1ez Polanco, quien dirigi\u00f3 junto a Grull\u00f3n el peri\u00f3dico Vanguardia del Pueblo y fue asistente del profesor Juan Bosch hasta despu\u00e9s del fundador del PLD retirarse de la vida pol\u00edtica.<\/span><\/p>\n<\/p>\n<p><span class=\"text1noticias\">El pr\u00f3logo de la obra fue escrito por Miguel Angel Rodr\u00edguez,  seleccionado por el autor para que en la obra est\u00e9 representado un s\u00edmbolo de los cuadros pol\u00edticos que acompa\u00f1aron a Bosch en el largo trayecto de desarrollar al PLD hasta convertirse en una opci\u00f3n pol\u00edtica que rompi\u00f3 el bipartidismo, dejando las huellas en la historia pol\u00edtica dominicana de una fuerza tercerista que se transforma en una fuerza electoral mayoritaria.<\/span><\/p>\n<\/p>\n<p><span class=\"text1noticias\">Rafael Grull\u00f3n  tiene programado para despu\u00e9s de la Semana Santa hacer de la puesta en circulaci\u00f3n del libro \u00abPLD: Post Bosch, los nuevos padigmas\u00bb en un acto masivo, encabezado por el presidente Leonel Fern\u00e1ndez y el candidato presidencial del PLD, Danilo Medina, y con la presencia de la direcci\u00f3n pol\u00edtica de esa organizaci\u00f3n.(HG<\/span>).<\/p>\n<\/p>\n<h6> 2012-04-10 00:30:11 <\/h6>\n<p><!--\n<link rel=\"stylesheet\" href=\"css\/bootstrap.min.css\">\n\n\n<ul class=\"pagination\">\n\t    \n\t\n\n<li >\n\t<a href='?page_no=17612'>Previous<\/a>\n\t<\/li>\n\n\n       \n    \n\n<li><a href='?page_no=1'>1<\/a><\/li>\n\n\n\n<li><a href='?page_no=2'>2<\/a><\/li>\n\n\n\n<li><a>...<\/a><\/li>\n\n\n\n<li><a href='?page_no=17611'>17611<\/a><\/li>\n\n\n\n<li><a href='?page_no=17612'>17612<\/a><\/li>\n\n\n\n<li class='active'><a>17613<\/a><\/li>\n\n\n\n<li><a href='?page_no=17614'>17614<\/a><\/li>\n\n\n\n<li><a href='?page_no=17615'>17615<\/a><\/li>\n\n\n\n<li><a>...<\/a><\/li>\n\n\n\n<li><a href='?page_no=22911'>22911<\/a><\/li>\n\n\n\n<li><a href='?page_no=22912'>22912<\/a><\/li>\n\n    \n\t\n\n<li >\n\t<a href='?page_no=17614'>Next<\/a>\n\t<\/li>\n\n\n    \n\n<li><a href='?page_no=22912'>Last &rsaquo;&rsaquo;<\/a><\/li>\n\n<\/ul>\n\n\n--><br \/>\n<\/body><\/p>\n","protected":false},"excerpt":{"rendered":"<p>Rep.Dom. 09 de Abril 08:30 P.M.-Los factores que llevaron al Partido de la Liberaci\u00f3n Dominicana a convertirse en la principal fuerza pol\u00edtica del pa\u00eds despu\u00e9s de pasar de un partido de cuadros formado por Juan Bosch a un partidos de masas que ha ganado las \u00faltimas elecciones bajo el liderazgo del doctor Leonel Fern\u00e1ndez, son [&hellip;]<\/p>\n","protected":false},"author":3,"featured_media":0,"comment_status":"open","ping_status":"open","sticky":false,"template":"","format":"standard","meta":{"footnotes":""},"categories":[21],"tags":[],"class_list":["post-65935","post","type-post","status-publish","format-standard","hentry","category-cultura"],"_links":{"self":[{"href":"https:\/\/diariodominicano.com\/index.php?rest_route=\/wp\/v2\/posts\/65935","targetHints":{"allow":["GET"]}}],"collection":[{"href":"https:\/\/diariodominicano.com\/index.php?rest_route=\/wp\/v2\/posts"}],"about":[{"href":"https:\/\/diariodominicano.com\/index.php?rest_route=\/wp\/v2\/types\/post"}],"author":[{"embeddable":true,"href":"https:\/\/diariodominicano.com\/index.php?rest_route=\/wp\/v2\/users\/3"}],"replies":[{"embeddable":true,"href":"https:\/\/diariodominicano.com\/index.php?rest_route=%2Fwp%2Fv2%2Fcomments&post=65935"}],"version-history":[{"count":0,"href":"https:\/\/diariodominicano.com\/index.php?rest_route=\/wp\/v2\/posts\/65935\/revisions"}],"wp:attachment":[{"href":"https:\/\/diariodominicano.com\/index.php?rest_route=%2Fwp%2Fv2%2Fmedia&parent=65935"}],"wp:term":[{"taxonomy":"category","embeddable":true,"href":"https:\/\/diariodominicano.com\/index.php?rest_route=%2Fwp%2Fv2%2Fcategories&post=65935"},{"taxonomy":"post_tag","embeddable":true,"href":"https:\/\/diariodominicano.com\/index.php?rest_route=%2Fwp%2Fv2%2Ftags&post=65935"}],"curies":[{"name":"wp","href":"https:\/\/api.w.org\/{rel}","templated":true}]}}