{"id":659342,"date":"2026-01-09T03:26:51","date_gmt":"2026-01-09T07:26:51","guid":{"rendered":"https:\/\/diariodominicano.com\/?p=659342"},"modified":"2026-01-09T19:29:37","modified_gmt":"2026-01-09T23:29:37","slug":"club-de-guatemala-aurora-fc-a-segundo-duelo-en-evento-en-honduras","status":"publish","type":"post","link":"https:\/\/diariodominicano.com\/?p=659342","title":{"rendered":"Club de Guatemala Aurora FC a segundo duelo en evento en Honduras"},"content":{"rendered":"\n<p>Ciudad de Guatemala, 9 ene (Prensa Latina) El sorprendente Aurora GF, cuarto en la regular del pasado Apertura 2025 del f\u00fatbol de Guatemala, saldr\u00e1 hoy a su segundo duelo en evento en Honduras, preparatorio para el pr\u00f3ximo torneo local.<\/p>\n\n\n\n<p><a href=\"https:\/\/www.prensa-latina.cu\/2026\/01\/09\/\"><time>enero 9, 2026 | 00:46<\/time><\/a> <\/p>\n\n\n\n<p>Los pupilos del exjugador y entrenador costarricense, naturalizado chap\u00edn, Sa\u00fal Philips, enfrentar\u00e1n al Olancho FC en el estadio Juan Ram\u00f3n Brev\u00e9 Vargas de Juticalpa por seguir sumando minutos de cara al Clausura 2026.<\/p>\n\n\n\n<p>El seleccionado Aurinegro debut\u00f3 el pasado domingo ante el tambi\u00e9n catracho G\u00e9nesis FC en la cancha del Roberto Suazo C\u00f3rdova y cedi\u00f3 1-2.<\/p>\n\n\n\n<p>Sin embargo, analistas chapines dieron mayor importancia a la posibilidad de ajustar estrategias y evaluar a cada jugador contra rivales de car\u00e1cter.<\/p>\n\n\n\n<p>Los capitalinos, terceros en trofeos con ocho en la m\u00e1xima competici\u00f3n del m\u00e1s universal en esta tierra, finalizar\u00e1n la cuadrangular el domingo 11 frente al reconocido FC Motagua.<\/p>\n\n\n\n<p>El jueves entrante completar\u00e1n su preparaci\u00f3n en un partido igualmente amistoso en su feudo del Guillermo Slowing ante CSD Amatitl\u00e1n, de la Segunda Divisi\u00f3n.<\/p>\n\n\n\n<p>As\u00ed, seg\u00fan la confirmaci\u00f3n del calendario con sus respectivos horarios, se estrenar\u00edan en la Liga Nacional el martes 20 de visita en el estadio Mario Camposeco, plaza de Xelaj\u00fa MC.<\/p>\n\n\n\n<p>Al d\u00eda siguiente chocar\u00edan Cob\u00e1n Imperial y Antigua FC, en el Jos\u00e9 \u00c1ngel Rossi de los primeros, Achuapa acoger\u00e1 a Comunicaciones en el Winston Pineda y Malacateco recibir\u00e1 en el Santa Luc\u00eda a Marquense.<\/p>\n\n\n\n<p>El viernes 22 completar\u00e1n la primera fecha Guastatoya ante Mixco, en el David Cord\u00f3n de los Pecho Amarillo, y Municipal esperar\u00e1 por Mictl\u00e1n en una cancha a\u00fan por definir.<\/p>\n\n\n\n<p>El Clausura 2026 arrancar\u00e1 con ciertos cambios y la novedad de las pruebas iniciales para la utilizaci\u00f3n del Sistema de \u00c1rbitro Asistente de Video (VAR) a partir de la sexta jornada.<\/p>\n\n\n\n<p>Decidir\u00e1 los \u00faltimos cupos a justas internacionales del segundo semestre del presente a\u00f1o, lo que aumentar\u00e1 la exigencia para todos, aunque algunos como Comunicaciones muestran una presi\u00f3n extra, al querer salir del s\u00f3tano.<\/p>\n\n\n\n<p>La varilla para los Cremas siempre es alta, ya que junto con los Rojos figura como el de m\u00e1s coronas (32) de Guatemala.<\/p>\n\n\n\n<p>otf\/znc<\/p>\n\n\n\n<ul class=\"wp-block-list\">\n<li>#<a href=\"https:\/\/www.prensa-latina.cu\/etiqueta\/evento\/\">evento<\/a>&nbsp;#<a href=\"https:\/\/www.prensa-latina.cu\/etiqueta\/guatemala\/\">Guatemala<\/a>&nbsp;#<a href=\"https:\/\/www.prensa-latina.cu\/etiqueta\/honduras\/\">Honduras<\/a><\/li>\n<\/ul>\n","protected":false},"excerpt":{"rendered":"<p>Ciudad de Guatemala, 9 ene (Prensa Latina) El sorprendente Aurora GF, cuarto en la regular del pasado Apertura 2025 del f\u00fatbol de Guatemala, saldr\u00e1 hoy a su segundo duelo en evento en Honduras, preparatorio para el pr\u00f3ximo torneo local. enero 9, 2026 | 00:46 Los pupilos del exjugador y entrenador costarricense, naturalizado chap\u00edn, Sa\u00fal Philips, [&hellip;]<\/p>\n","protected":false},"author":2,"featured_media":659343,"comment_status":"closed","ping_status":"closed","sticky":false,"template":"","format":"standard","meta":{"footnotes":""},"categories":[17],"tags":[3707,3563],"class_list":["post-659342","post","type-post","status-publish","format-standard","has-post-thumbnail","hentry","category-deportes","tag-guatemala","tag-honduras"],"_links":{"self":[{"href":"https:\/\/diariodominicano.com\/index.php?rest_route=\/wp\/v2\/posts\/659342","targetHints":{"allow":["GET"]}}],"collection":[{"href":"https:\/\/diariodominicano.com\/index.php?rest_route=\/wp\/v2\/posts"}],"about":[{"href":"https:\/\/diariodominicano.com\/index.php?rest_route=\/wp\/v2\/types\/post"}],"author":[{"embeddable":true,"href":"https:\/\/diariodominicano.com\/index.php?rest_route=\/wp\/v2\/users\/2"}],"replies":[{"embeddable":true,"href":"https:\/\/diariodominicano.com\/index.php?rest_route=%2Fwp%2Fv2%2Fcomments&post=659342"}],"version-history":[{"count":2,"href":"https:\/\/diariodominicano.com\/index.php?rest_route=\/wp\/v2\/posts\/659342\/revisions"}],"predecessor-version":[{"id":659428,"href":"https:\/\/diariodominicano.com\/index.php?rest_route=\/wp\/v2\/posts\/659342\/revisions\/659428"}],"wp:featuredmedia":[{"embeddable":true,"href":"https:\/\/diariodominicano.com\/index.php?rest_route=\/wp\/v2\/media\/659343"}],"wp:attachment":[{"href":"https:\/\/diariodominicano.com\/index.php?rest_route=%2Fwp%2Fv2%2Fmedia&parent=659342"}],"wp:term":[{"taxonomy":"category","embeddable":true,"href":"https:\/\/diariodominicano.com\/index.php?rest_route=%2Fwp%2Fv2%2Fcategories&post=659342"},{"taxonomy":"post_tag","embeddable":true,"href":"https:\/\/diariodominicano.com\/index.php?rest_route=%2Fwp%2Fv2%2Ftags&post=659342"}],"curies":[{"name":"wp","href":"https:\/\/api.w.org\/{rel}","templated":true}]}}