{"id":65934,"date":"2012-04-10T03:33:41","date_gmt":"2012-04-10T03:33:41","guid":{"rendered":"http:\/\/diariodominicano.ddns.net\/?p=65934"},"modified":"2012-04-10T03:33:41","modified_gmt":"2012-04-10T03:33:41","slug":"pedro-guzman-presenta-estampas-dominicanas-en-el-zoetry-agua-punta-cana","status":"publish","type":"post","link":"https:\/\/diariodominicano.com\/?p=65934","title":{"rendered":"Pedro Guzm\u00e1n presenta Estampas Dominicanas en el Zo\u00ebtry Agua Punta Cana"},"content":{"rendered":"<p><body><\/p>\n<p><img decoding=\"async\" src=\"img3\/uno00.jpg\" \/><br \/><img decoding=\"async\" src=\"img3\/uno02.jpg\" \/><br \/><img decoding=\"async\" src=\"img3\/uno003.jpg\" \/>  <\/p>\n<p><span class=\"text1noticias\">  11:32 PM                     <\/span><\/p>\n<p><span class=\"text1noticias\">PUNTA CANA, Rep\u00fablica Dominicana, 10 abril.- Fue inaugurada el viernes 6 de abril la exposici\u00f3n fotogr\u00e1fica \u00abEstampas Dominicanas\u00bb del foto-reportero dominicano Pedro Guzm\u00e1n.<\/span><\/p>\n<\/p>\n<p><span class=\"text1noticias\">La exposici\u00f3n se present\u00f3 en la recepci\u00f3n del hotel Zo\u00ebtry Agua Punta Cana y cont\u00f3 con la presencia de los hu\u00e9spedes y los principales ejecutivos de la cadena hotelera AM Resorts, entre ellos: Luis Fernando Tirado &#8211; Director de Operaciones AM Resorts para la Rep\u00fablica Dominicana y Jamaica, Alain Berthelot ? Gerente del Hotel Zo\u00ebtry Agua Punta Cana, Juan Jos\u00e9 Montijo ? Signature Shops Manager AM Resorts, Gabriel Prado &#8211; Gerente de Ventas Unlimited Vacation Club y Patric Loeser &#8211; Guest Experience Manager del Hotel Zo\u00ebtry Agua Punta Cana.<\/span><\/p>\n<\/p>\n<p><span class=\"text1noticias\">La exposici\u00f3n se organiz\u00f3 como parte de las actividades que Zo\u00ebtry le ofrece a sus hu\u00e9spedes, apoyando a la cultura local.<\/span><\/p>\n<p><span class=\"text1noticias\">\t<\/span><\/p>\n<p><span class=\"text1noticias\">La serie fotogr\u00e1fica consta de 48 im\u00e1genes impresas sobre canvas en diferentes formatos y tama\u00f1os que describen algunas facetas de la cotidianidad y la idiosincrasia del pueblo dominicano. <\/span><\/p>\n<\/p>\n<p><span class=\"text1noticias\">La colecci\u00f3n fotogr\u00e1fica ha tenido muy buena acogida dentro de los hu\u00e9spedes del hotel que desde el momento inaugural expresaron su inter\u00e9s en varias de las im\u00e1genes mas populares como \u00abEl burrito de la suerte o carbonero\u00bb, \u00abHabano\u00bb, \u00abCocina t\u00edpica\u00bb y \u00abEl granero del sur\u00bb. <\/span><\/p>\n<\/p>\n<p><span class=\"text1noticias\">Pedro Guzm\u00e1n ha expuesto en muestras individuales y colectivas en Santo Domingo, Nueva York, Londres, Par\u00eds, Mosc\u00fa, Caracas, Oxford, Managua, San Salvador, Madrid, Gibraltar y La Habana. Sus fotograf\u00edas han sido adquiridas por coleccionistas nacionales e internacionales para la decoraci\u00f3n de villas, apartamentos, oficinas y hoteles.<\/span><\/p>\n<\/p>\n<p><span class=\"text1noticias\">La muestra de  \u00abEstampas Dominicanas\u00bb continuar\u00e1 hasta el 15 de abril.<\/span><\/p>\n<\/p>\n<\/p>\n<\/p>\n<h6> 2012-04-10 03:33:41 <\/h6>\n<p><!--\n<link rel=\"stylesheet\" href=\"css\/bootstrap.min.css\">\n\n\n<ul class=\"pagination\">\n\t    \n\t\n\n<li >\n\t<a href='?page_no=17611'>Previous<\/a>\n\t<\/li>\n\n\n       \n    \n\n<li><a href='?page_no=1'>1<\/a><\/li>\n\n\n\n<li><a href='?page_no=2'>2<\/a><\/li>\n\n\n\n<li><a>...<\/a><\/li>\n\n\n\n<li><a href='?page_no=17610'>17610<\/a><\/li>\n\n\n\n<li><a href='?page_no=17611'>17611<\/a><\/li>\n\n\n\n<li class='active'><a>17612<\/a><\/li>\n\n\n\n<li><a href='?page_no=17613'>17613<\/a><\/li>\n\n\n\n<li><a href='?page_no=17614'>17614<\/a><\/li>\n\n\n\n<li><a>...<\/a><\/li>\n\n\n\n<li><a href='?page_no=22911'>22911<\/a><\/li>\n\n\n\n<li><a href='?page_no=22912'>22912<\/a><\/li>\n\n    \n\t\n\n<li >\n\t<a href='?page_no=17613'>Next<\/a>\n\t<\/li>\n\n\n    \n\n<li><a href='?page_no=22912'>Last &rsaquo;&rsaquo;<\/a><\/li>\n\n<\/ul>\n\n\n--><br \/>\n<\/body><\/p>\n","protected":false},"excerpt":{"rendered":"<p>11:32 PM PUNTA CANA, Rep\u00fablica Dominicana, 10 abril.- Fue inaugurada el viernes 6 de abril la exposici\u00f3n fotogr\u00e1fica \u00abEstampas Dominicanas\u00bb del foto-reportero dominicano Pedro Guzm\u00e1n. La exposici\u00f3n se present\u00f3 en la recepci\u00f3n del hotel Zo\u00ebtry Agua Punta Cana y cont\u00f3 con la presencia de los hu\u00e9spedes y los principales ejecutivos de la cadena hotelera AM [&hellip;]<\/p>\n","protected":false},"author":3,"featured_media":0,"comment_status":"open","ping_status":"open","sticky":false,"template":"","format":"standard","meta":{"footnotes":""},"categories":[21],"tags":[],"class_list":["post-65934","post","type-post","status-publish","format-standard","hentry","category-cultura"],"_links":{"self":[{"href":"https:\/\/diariodominicano.com\/index.php?rest_route=\/wp\/v2\/posts\/65934","targetHints":{"allow":["GET"]}}],"collection":[{"href":"https:\/\/diariodominicano.com\/index.php?rest_route=\/wp\/v2\/posts"}],"about":[{"href":"https:\/\/diariodominicano.com\/index.php?rest_route=\/wp\/v2\/types\/post"}],"author":[{"embeddable":true,"href":"https:\/\/diariodominicano.com\/index.php?rest_route=\/wp\/v2\/users\/3"}],"replies":[{"embeddable":true,"href":"https:\/\/diariodominicano.com\/index.php?rest_route=%2Fwp%2Fv2%2Fcomments&post=65934"}],"version-history":[{"count":0,"href":"https:\/\/diariodominicano.com\/index.php?rest_route=\/wp\/v2\/posts\/65934\/revisions"}],"wp:attachment":[{"href":"https:\/\/diariodominicano.com\/index.php?rest_route=%2Fwp%2Fv2%2Fmedia&parent=65934"}],"wp:term":[{"taxonomy":"category","embeddable":true,"href":"https:\/\/diariodominicano.com\/index.php?rest_route=%2Fwp%2Fv2%2Fcategories&post=65934"},{"taxonomy":"post_tag","embeddable":true,"href":"https:\/\/diariodominicano.com\/index.php?rest_route=%2Fwp%2Fv2%2Ftags&post=65934"}],"curies":[{"name":"wp","href":"https:\/\/api.w.org\/{rel}","templated":true}]}}