{"id":65933,"date":"2012-04-10T21:32:25","date_gmt":"2012-04-10T21:32:25","guid":{"rendered":"http:\/\/diariodominicano.ddns.net\/?p=65933"},"modified":"2012-04-10T21:32:25","modified_gmt":"2012-04-10T21:32:25","slug":"feria-internacional-del-libro-contara-con-35-pabellones","status":"publish","type":"post","link":"https:\/\/diariodominicano.com\/?p=65933","title":{"rendered":"Feria Internacional del Libro contar\u00e1 con 35 pabellones"},"content":{"rendered":"<p><body><\/p>\n<p><img decoding=\"async\" src=\"img3\/pabellon.jpg\" \/>  <\/p>\n<p><span class=\"text1noticias\">Rep.Dom. 10 de Abril 05:30 P.M.-La Feria Internacional del Libro, Santo Domingo 2012, dedicada al escritor dominicano Enriquillo S\u00e1nchez, iniciar\u00e1 el mi\u00e9rcoles 18 de abril con la participaci\u00f3n de 35 pabellones, a trav\u00e9s de los cuales se brindar\u00e1, a miles de visitantes, la oportunidad de interactuar con la cultura universal.<\/span><\/p>\n<\/p>\n<p><span class=\"text1noticias\">Diez de estos stands corresponden a la Comisi\u00f3n Organizadora de la FIL. Los dem\u00e1s est\u00e1n compuestos por el Pabell\u00f3n de Centroam\u00e9rica, integrado por los pa\u00edses invitados Belice, Costa Rica, El Salvador, Guatemala, Honduras, Nicaragua y Panam\u00e1.<\/span><\/p>\n<\/p>\n<p><span class=\"text1noticias\">El pabell\u00f3n de Escritores Dominicanos es otra de las ofertas de este importante fest\u00edn cultural, donde los intelectuales nacionales mostrar\u00e1n su amplia bibliograf\u00eda e interactuar\u00e1n de manera directa con los ni\u00f1os, j\u00f3venes y adultos que acudan al recinto ferial.<\/span><\/p>\n<\/p>\n<p><span class=\"text1noticias\">El p\u00fablico tambi\u00e9n podr\u00e1 disfrutar del espacio destinado al Ministerio de Cultura, entidad organizadora de la feria, que ofrecer\u00e1 m\u00e1s de 300 obras editadas durante los \u00faltimos 8 a\u00f1os de gesti\u00f3n cultural.<\/span><\/p>\n<\/p>\n<p><span class=\"text1noticias\">En este encuentro, que permanecer\u00e1 por un per\u00edodo de 18 d\u00edas, los j\u00f3venes tendr\u00e1n el \u00abEspacio Juvenil\u00bb, con una programaci\u00f3n multifac\u00e9tica, dirigida por tres talentosos j\u00f3venes.<\/span><\/p>\n<\/p>\n<p><span class=\"text1noticias\">Y para los que quieran pasar un momento agradable, donde disfrutar de buena m\u00fasica, una taza de caf\u00e9 o un delicioso jugo natural, estar\u00e1 el \u00abCaf\u00e9 Bohemio\u00bb, ideal para descansar luego del recorrido por la feria y escuchar lecturas de poemas y cuentos.<\/span><\/p>\n<\/p>\n<p><span class=\"text1noticias\">El Pabell\u00f3n Librer\u00eda de Cultura es una popular tienda que oferta las obras m\u00e1s baratas de la feria, editadas por las Unidades Editoriales: Ferilibro, Editora Nacional y Ediciones de Cultura.<\/span><\/p>\n<\/p>\n<p><span class=\"text1noticias\">En cada entrega de la Feria Internacional del Libro de Santo Domingo se toma muy en cuenta la diversi\u00f3n y el sano entretenimiento para los ni\u00f1os, creando la \u00abFeria Infantil\u00bb, que este a\u00f1o contar\u00e1 con cinco \u00e1reas: Cine, Talleres, Lecturas de Cuentos, Espect\u00e1culos y Pintacaritas.<\/span><\/p>\n<\/p>\n<p><span class=\"text1noticias\">Si deseas adquirir un presente y conocer el trabajo que hacen los artesanos dominicanos, el sitio ideal ser\u00e1 el Paseo de los Artesanos, tambi\u00e9n ubicado dentro del recinto ferial, que ofrecer\u00e1 numerosas mercanc\u00edas hechas a manos, las cuales impulsan una de las principales industrias culturales: la artesan\u00eda.<\/span><\/p>\n<\/p>\n<p><span class=\"text1noticias\">Para los que disfrutan del arte culinario, el Pabell\u00f3n Libro Cocina se convertir\u00e1 en el lugar ideal. Podr\u00e1n compartir con diversas personalidades, probar sus platos y comprar un libro con diversas recetas. <\/span><\/p>\n<\/p>\n<p><span class=\"text1noticias\">La tecnolog\u00eda no se quedar\u00e1 de lado, en la Feria del Libro, donde el Libro Electr\u00f3nico tambi\u00e9n tiene su espacio, los m\u00e1s j\u00f3venes buscan las novedades del libro del futuro. El \u00e1rea jur\u00eddica pondr\u00e1 a disposici\u00f3n su Pabell\u00f3n Jur\u00eddico, con libros de inter\u00e9s para los profesionales de las leyes.<\/span><\/p>\n<p><span class=\"text1noticias\"> <\/span><\/p>\n<p><span class=\"text1noticias\">Otro lugar, ser\u00e1 el destinado al Ministerio de Educaci\u00f3n, entidad que, a trav\u00e9s de su pabell\u00f3n, juega un papel interesante en la FIL, honrando en esta ocasi\u00f3n a la cultura maya, con una variada y amplia programaci\u00f3n para los visitantes.<\/span><\/p>\n<\/p>\n<p><span class=\"text1noticias\">A estos stand tambi\u00e9n se sumar\u00e1n el de instituciones del Estado como Fuerzas Armadas, Despacho Primera Dama, Copresida, UASD, Banco Central, INDOTEL, Ministerio de la Mujer, Instituto Dominicano de Aviaci\u00f3n Civil, Ministerio de Administraci\u00f3n P\u00fablica, Polic\u00eda Nacional, Consejo Nacional de Drogas, Suprema Corte de Justicia, Loter\u00eda Nacional y Fundaci\u00f3n Global Democracia y Desarrollo, entre otras.(HG)<\/span>.<\/p>\n<h6> 2012-04-10 21:32:25 <\/h6>\n<p><!--\n<link rel=\"stylesheet\" href=\"css\/bootstrap.min.css\">\n\n\n<ul class=\"pagination\">\n\t    \n\t\n\n<li >\n\t<a href='?page_no=17610'>Previous<\/a>\n\t<\/li>\n\n\n       \n    \n\n<li><a href='?page_no=1'>1<\/a><\/li>\n\n\n\n<li><a href='?page_no=2'>2<\/a><\/li>\n\n\n\n<li><a>...<\/a><\/li>\n\n\n\n<li><a href='?page_no=17609'>17609<\/a><\/li>\n\n\n\n<li><a href='?page_no=17610'>17610<\/a><\/li>\n\n\n\n<li class='active'><a>17611<\/a><\/li>\n\n\n\n<li><a href='?page_no=17612'>17612<\/a><\/li>\n\n\n\n<li><a href='?page_no=17613'>17613<\/a><\/li>\n\n\n\n<li><a>...<\/a><\/li>\n\n\n\n<li><a href='?page_no=22911'>22911<\/a><\/li>\n\n\n\n<li><a href='?page_no=22912'>22912<\/a><\/li>\n\n    \n\t\n\n<li >\n\t<a href='?page_no=17612'>Next<\/a>\n\t<\/li>\n\n\n    \n\n<li><a href='?page_no=22912'>Last &rsaquo;&rsaquo;<\/a><\/li>\n\n<\/ul>\n\n\n--><br \/>\n<\/body><\/p>\n","protected":false},"excerpt":{"rendered":"<p>Rep.Dom. 10 de Abril 05:30 P.M.-La Feria Internacional del Libro, Santo Domingo 2012, dedicada al escritor dominicano Enriquillo S\u00e1nchez, iniciar\u00e1 el mi\u00e9rcoles 18 de abril con la participaci\u00f3n de 35 pabellones, a trav\u00e9s de los cuales se brindar\u00e1, a miles de visitantes, la oportunidad de interactuar con la cultura universal. Diez de estos stands corresponden [&hellip;]<\/p>\n","protected":false},"author":3,"featured_media":0,"comment_status":"open","ping_status":"open","sticky":false,"template":"","format":"standard","meta":{"footnotes":""},"categories":[21],"tags":[],"class_list":["post-65933","post","type-post","status-publish","format-standard","hentry","category-cultura"],"_links":{"self":[{"href":"https:\/\/diariodominicano.com\/index.php?rest_route=\/wp\/v2\/posts\/65933","targetHints":{"allow":["GET"]}}],"collection":[{"href":"https:\/\/diariodominicano.com\/index.php?rest_route=\/wp\/v2\/posts"}],"about":[{"href":"https:\/\/diariodominicano.com\/index.php?rest_route=\/wp\/v2\/types\/post"}],"author":[{"embeddable":true,"href":"https:\/\/diariodominicano.com\/index.php?rest_route=\/wp\/v2\/users\/3"}],"replies":[{"embeddable":true,"href":"https:\/\/diariodominicano.com\/index.php?rest_route=%2Fwp%2Fv2%2Fcomments&post=65933"}],"version-history":[{"count":0,"href":"https:\/\/diariodominicano.com\/index.php?rest_route=\/wp\/v2\/posts\/65933\/revisions"}],"wp:attachment":[{"href":"https:\/\/diariodominicano.com\/index.php?rest_route=%2Fwp%2Fv2%2Fmedia&parent=65933"}],"wp:term":[{"taxonomy":"category","embeddable":true,"href":"https:\/\/diariodominicano.com\/index.php?rest_route=%2Fwp%2Fv2%2Fcategories&post=65933"},{"taxonomy":"post_tag","embeddable":true,"href":"https:\/\/diariodominicano.com\/index.php?rest_route=%2Fwp%2Fv2%2Ftags&post=65933"}],"curies":[{"name":"wp","href":"https:\/\/api.w.org\/{rel}","templated":true}]}}