{"id":659325,"date":"2026-01-09T02:49:46","date_gmt":"2026-01-09T06:49:46","guid":{"rendered":"https:\/\/diariodominicano.com\/?p=659325"},"modified":"2026-01-09T19:27:43","modified_gmt":"2026-01-09T23:27:43","slug":"reunion-del-subsecretario-landau-con-el-viceministro-de-asuntos-exteriores-de-canada-morrison-reconoce-compromiso-con-haiti","status":"publish","type":"post","link":"https:\/\/diariodominicano.com\/?p=659325","title":{"rendered":"El Subsecretario Landau se re\u00fane con el Viceministro de Asuntos Exteriores de Canad\u00e1, Morrison; le reconoce compromiso con Hait\u00ed"},"content":{"rendered":"\n<p>ARCHIVO: Christopher Landau<\/p>\n\n\n\n<p>8 de enero de 2026<\/p>\n\n\n\n<p>El Subsecretario de Estado, Christopher Landau, se reuni\u00f3 el jueves  con el Viceministro de Asuntos Exteriores de Canad\u00e1, David Morrison, para abordar diversos temas urgentes de inter\u00e9s mutuo, como la seguridad fronteriza, las relaciones con otras naciones del hemisferio occidental y la necesidad de una estrecha coordinaci\u00f3n para garantizar el \u00e9xito de la pr\u00f3xima Copa Mundial de la FIFA, que se celebrar\u00e1 en ambos pa\u00edses y en M\u00e9xico, inform\u00f3 el portavoz adjunto principal Tommy Pigott.<\/p>\n\n\n\n<p> Se\u00f1al\u00f3 que \u00abEl Subsecretario Landau reconoci\u00f3 el continuo compromiso de Canad\u00e1 con Hait\u00ed, incluyendo los avances en la Fuerza de Supresi\u00f3n de Pandillas. <\/p>\n\n\n\n<p>El Subsecretario y el Viceministro reafirmaron la coincidencia general de intereses entre ambos pa\u00edses y la importancia de colaborar para impulsar estos objetivos comunes.<\/p>\n","protected":false},"excerpt":{"rendered":"<p>ARCHIVO: Christopher Landau 8 de enero de 2026 El Subsecretario de Estado, Christopher Landau, se reuni\u00f3 el jueves con el Viceministro de Asuntos Exteriores de Canad\u00e1, David Morrison, para abordar diversos temas urgentes de inter\u00e9s mutuo, como la seguridad fronteriza, las relaciones con otras naciones del hemisferio occidental y la necesidad de una estrecha coordinaci\u00f3n [&hellip;]<\/p>\n","protected":false},"author":2,"featured_media":648206,"comment_status":"closed","ping_status":"closed","sticky":false,"template":"","format":"standard","meta":{"footnotes":""},"categories":[112,23],"tags":[314,3570],"class_list":["post-659325","post","type-post","status-publish","format-standard","has-post-thumbnail","hentry","category-haiti","category-internacional","tag-canada","tag-haiti"],"_links":{"self":[{"href":"https:\/\/diariodominicano.com\/index.php?rest_route=\/wp\/v2\/posts\/659325","targetHints":{"allow":["GET"]}}],"collection":[{"href":"https:\/\/diariodominicano.com\/index.php?rest_route=\/wp\/v2\/posts"}],"about":[{"href":"https:\/\/diariodominicano.com\/index.php?rest_route=\/wp\/v2\/types\/post"}],"author":[{"embeddable":true,"href":"https:\/\/diariodominicano.com\/index.php?rest_route=\/wp\/v2\/users\/2"}],"replies":[{"embeddable":true,"href":"https:\/\/diariodominicano.com\/index.php?rest_route=%2Fwp%2Fv2%2Fcomments&post=659325"}],"version-history":[{"count":4,"href":"https:\/\/diariodominicano.com\/index.php?rest_route=\/wp\/v2\/posts\/659325\/revisions"}],"predecessor-version":[{"id":659330,"href":"https:\/\/diariodominicano.com\/index.php?rest_route=\/wp\/v2\/posts\/659325\/revisions\/659330"}],"wp:featuredmedia":[{"embeddable":true,"href":"https:\/\/diariodominicano.com\/index.php?rest_route=\/wp\/v2\/media\/648206"}],"wp:attachment":[{"href":"https:\/\/diariodominicano.com\/index.php?rest_route=%2Fwp%2Fv2%2Fmedia&parent=659325"}],"wp:term":[{"taxonomy":"category","embeddable":true,"href":"https:\/\/diariodominicano.com\/index.php?rest_route=%2Fwp%2Fv2%2Fcategories&post=659325"},{"taxonomy":"post_tag","embeddable":true,"href":"https:\/\/diariodominicano.com\/index.php?rest_route=%2Fwp%2Fv2%2Ftags&post=659325"}],"curies":[{"name":"wp","href":"https:\/\/api.w.org\/{rel}","templated":true}]}}