{"id":65932,"date":"2012-04-10T23:20:00","date_gmt":"2012-04-10T23:20:00","guid":{"rendered":"http:\/\/diariodominicano.ddns.net\/?p=65932"},"modified":"2012-04-10T23:20:00","modified_gmt":"2012-04-10T23:20:00","slug":"dpd-y-bijrd-inauguran-ii-festival-internacional-de-cuentacuentos","status":"publish","type":"post","link":"https:\/\/diariodominicano.com\/?p=65932","title":{"rendered":"DPD y BIJRD inauguran II Festival Internacional de Cuentacuentos"},"content":{"rendered":"<p><body><\/p>\n<p><img decoding=\"async\" src=\"img3\/cuentacuento.JPG\" \/>  <\/p>\n<p><span class=\"text1noticias\">Rep.Dom. 10 de Abril 07:20 P.M.-El Despacho de la Primera Dama y la Biblioteca Infantil y Juvenil Rep\u00fablica Dominicana (BIJRD) dejaron hoy formalmente inaugurada la segunda versi\u00f3n del \u00abII Festival Internacional de Cuentacuentos\u00bb, el cual se llevar\u00e1 a cabo hasta el s\u00e1bado 14 de abril.<\/span><\/p>\n<\/p>\n<p><span class=\"text1noticias\">Este a\u00f1o los escritores de literatura para los m\u00e1s j\u00f3venes y cuentacuentos de Brasil, Estados Unidos, Colombia, Espa\u00f1a, M\u00e9xico, Uruguay, Cuba y Rep\u00fablica Dominicana, deleitar\u00e1n a grandes y peque\u00f1os con narraciones de cuentos, talleres, charlas y conferencias acerca de c\u00f3mo cultivar el amor por la lectura a temprana edad y la importancia de contar cuentos a los ni\u00f1os, entre otros.<\/span><\/p>\n<\/p>\n<p><span class=\"text1noticias\">Los cuentacuentos participantes son Ilan Brenman, Emilie Andrade, Sisa Ruival, Mirtha Gonz\u00e1lez, Jorge Antonio Garc\u00eda P\u00e9rez, Cesar Bejarano, Eric Lynn Baba y Barry Man; de Rep\u00fablica Dominicana estar\u00e1n Johnni\u00e9 Mercedes, Yamil\u00e9 Scheker, Dulce Elvira de los Santos, Clara Lozano, Ernesto L\u00f3pez, Rita de los Santos y Katiuska B\u00e1ez. <\/span><\/p>\n<\/p>\n<p><span class=\"text1noticias\">Con el lema \u00abPalabras de amor a trav\u00e9s de los cuentos\u00bb, la BIJRD vuelve a vestirse de gala para convertirse en la sede del evento literario y cultural en ocasi\u00f3n de celebrarse el 2 de abril el D\u00eda Mundial del Libro Infantil y Juvenil.<\/span><\/p>\n<p><span class=\"text1noticias\">En esta II edici\u00f3n, el Festival Internacional de Cuentacuentos llegar\u00e1 hasta los Centros Tecnol\u00f3gicos de Villa Altagracia, Haina, Boca Chica, La Victoria y Villa Mella; adem\u00e1s visitar\u00e1 la Biblioteca Villa Duarte, Biblioteca Comunitaria Guaricanos y la Biblioteca del Centro Cultural Mauricio B\u00e1ez, en Villa Juana y el Hogar de Ni\u00f1as Do\u00f1a Chucha.<\/span><\/p>\n<\/p>\n<p><span class=\"text1noticias\">En estas sub-sedes los escritores invitados impartir\u00e1n acciones formativas para maestros, activistas culturales, cuenteros, padres y bibliotecarios. As\u00ed mismo contaran cuentos a los ni\u00f1os y ni\u00f1as de esas comunidades.<\/span><\/p>\n<\/p>\n<p><span class=\"text1noticias\">Al acto de inauguraci\u00f3n de este II Festival Internacional de Cuenta Cuentos asistieron Alexis Bandrich Vega, Embajador de Cuba; Jos\u00e9 Ignacio Pi\u00f1a, Embajador de M\u00e9xico; Carmenza Ovalle, encargada de asuntos culturales de la Embajada de Colombia; Antonio Ramos, Consejero de la Embajada de Espa\u00f1a.<\/span><\/p>\n<p><span class=\"text1noticias\"> <\/span><\/p>\n<p><span class=\"text1noticias\">En representaci\u00f3n del Despacho de la Primera Dama estuvieron Alicia Custals, directora de Comunicaciones; Teresa Peralta, directora de la Biblioteca Infantil y Juvenil Rep\u00fablica Dominicana; y Dulce Elvira de los Santos, encargada de extensi\u00f3n cultural y actividades de la BIJRD.(HG)<\/span>.<\/p>\n<h6> 2012-04-10 23:20:00 <\/h6>\n<p><!--\n<link rel=\"stylesheet\" href=\"css\/bootstrap.min.css\">\n\n\n<ul class=\"pagination\">\n\t    \n\t\n\n<li >\n\t<a href='?page_no=17609'>Previous<\/a>\n\t<\/li>\n\n\n       \n    \n\n<li><a href='?page_no=1'>1<\/a><\/li>\n\n\n\n<li><a href='?page_no=2'>2<\/a><\/li>\n\n\n\n<li><a>...<\/a><\/li>\n\n\n\n<li><a href='?page_no=17608'>17608<\/a><\/li>\n\n\n\n<li><a href='?page_no=17609'>17609<\/a><\/li>\n\n\n\n<li class='active'><a>17610<\/a><\/li>\n\n\n\n<li><a href='?page_no=17611'>17611<\/a><\/li>\n\n\n\n<li><a href='?page_no=17612'>17612<\/a><\/li>\n\n\n\n<li><a>...<\/a><\/li>\n\n\n\n<li><a href='?page_no=22911'>22911<\/a><\/li>\n\n\n\n<li><a href='?page_no=22912'>22912<\/a><\/li>\n\n    \n\t\n\n<li >\n\t<a href='?page_no=17611'>Next<\/a>\n\t<\/li>\n\n\n    \n\n<li><a href='?page_no=22912'>Last &rsaquo;&rsaquo;<\/a><\/li>\n\n<\/ul>\n\n\n--><br \/>\n<\/body><\/p>\n","protected":false},"excerpt":{"rendered":"<p>Rep.Dom. 10 de Abril 07:20 P.M.-El Despacho de la Primera Dama y la Biblioteca Infantil y Juvenil Rep\u00fablica Dominicana (BIJRD) dejaron hoy formalmente inaugurada la segunda versi\u00f3n del \u00abII Festival Internacional de Cuentacuentos\u00bb, el cual se llevar\u00e1 a cabo hasta el s\u00e1bado 14 de abril. Este a\u00f1o los escritores de literatura para los m\u00e1s j\u00f3venes [&hellip;]<\/p>\n","protected":false},"author":3,"featured_media":0,"comment_status":"open","ping_status":"open","sticky":false,"template":"","format":"standard","meta":{"footnotes":""},"categories":[21],"tags":[],"class_list":["post-65932","post","type-post","status-publish","format-standard","hentry","category-cultura"],"_links":{"self":[{"href":"https:\/\/diariodominicano.com\/index.php?rest_route=\/wp\/v2\/posts\/65932","targetHints":{"allow":["GET"]}}],"collection":[{"href":"https:\/\/diariodominicano.com\/index.php?rest_route=\/wp\/v2\/posts"}],"about":[{"href":"https:\/\/diariodominicano.com\/index.php?rest_route=\/wp\/v2\/types\/post"}],"author":[{"embeddable":true,"href":"https:\/\/diariodominicano.com\/index.php?rest_route=\/wp\/v2\/users\/3"}],"replies":[{"embeddable":true,"href":"https:\/\/diariodominicano.com\/index.php?rest_route=%2Fwp%2Fv2%2Fcomments&post=65932"}],"version-history":[{"count":0,"href":"https:\/\/diariodominicano.com\/index.php?rest_route=\/wp\/v2\/posts\/65932\/revisions"}],"wp:attachment":[{"href":"https:\/\/diariodominicano.com\/index.php?rest_route=%2Fwp%2Fv2%2Fmedia&parent=65932"}],"wp:term":[{"taxonomy":"category","embeddable":true,"href":"https:\/\/diariodominicano.com\/index.php?rest_route=%2Fwp%2Fv2%2Fcategories&post=65932"},{"taxonomy":"post_tag","embeddable":true,"href":"https:\/\/diariodominicano.com\/index.php?rest_route=%2Fwp%2Fv2%2Ftags&post=65932"}],"curies":[{"name":"wp","href":"https:\/\/api.w.org\/{rel}","templated":true}]}}