{"id":659311,"date":"2026-01-09T02:21:23","date_gmt":"2026-01-09T06:21:23","guid":{"rendered":"https:\/\/diariodominicano.com\/?p=659311"},"modified":"2026-01-09T16:06:01","modified_gmt":"2026-01-09T20:06:01","slug":"fdf-destaca-labor-de-la-adfn-en-2025-y-la-cataloga-como-ejemplo-a-seguir","status":"publish","type":"post","link":"https:\/\/diariodominicano.com\/?p=659311","title":{"rendered":"FDF destaca labor de la ADFN en 2025 \u00a0y la cataloga como ejemplo a seguir"},"content":{"rendered":"\n<p>SANTO DOMINGO, RD.- La Federaci\u00f3n Dominicana de F\u00fatbol resalt\u00f3 la labor de la Asociaci\u00f3n de F\u00fatbol del Distrito Nacional (AFDN) por la gran gesti\u00f3n desarrollada durante el \u00faltimo cuatrimestre de 2025, cumpliendo con todas las exigencias emanadas por los Estatutos de la FDF, y la propia FIFA. Estos logros la convierten en referencia para las dem\u00e1s asociaciones de f\u00fatbol en el pa\u00eds.<\/p>\n\n\n\n<figure class=\"wp-block-image size-large\"><img loading=\"lazy\" decoding=\"async\" width=\"1024\" height=\"896\" src=\"https:\/\/diariodominicano.com\/wp-content\/uploads\/2026\/01\/IMG_6859-1024x896.jpg\" alt=\"\" class=\"wp-image-659314\" srcset=\"https:\/\/diariodominicano.com\/wp-content\/uploads\/2026\/01\/IMG_6859-1024x896.jpg 1024w, https:\/\/diariodominicano.com\/wp-content\/uploads\/2026\/01\/IMG_6859-300x263.jpg 300w, https:\/\/diariodominicano.com\/wp-content\/uploads\/2026\/01\/IMG_6859-768x672.jpg 768w, https:\/\/diariodominicano.com\/wp-content\/uploads\/2026\/01\/IMG_6859-816x714.jpg 816w, https:\/\/diariodominicano.com\/wp-content\/uploads\/2026\/01\/IMG_6859.jpg 1536w\" sizes=\"auto, (max-width: 1024px) 100vw, 1024px\" \/><\/figure>\n\n\n\n<p>Las nuevas autoridades de la AFDN fueron elegidas el pasado 2 de septiembre de 2025 y desde entonces han llevado a cabo el plan propuesto, el cual contempla cuatro pilares estrat\u00e9gicos: educaci\u00f3n, comunicaci\u00f3n, institucionalidad y competencias. Completando el primer paso que debe dar cualquier asociaci\u00f3n de f\u00fatbol, la regularizaci\u00f3n.<\/p>\n\n\n\n<p><\/p>\n\n\n\n<p>Adem\u00e1s, lograron la conformaci\u00f3n de diversas comisiones internas: F\u00fatbol Femenino, Finanzas, Disciplina, Asuntos Legales y Estatuto del Jugador, Competici\u00f3n y Arbitraje; en procura de optimizar la gesti\u00f3n y toma de decisiones para cada \u00e1rea.<\/p>\n\n\n\n<figure class=\"wp-block-image size-large\"><img loading=\"lazy\" decoding=\"async\" width=\"1024\" height=\"826\" src=\"https:\/\/diariodominicano.com\/wp-content\/uploads\/2026\/01\/IMG_7137-1024x826.jpg\" alt=\"\" class=\"wp-image-659318\" srcset=\"https:\/\/diariodominicano.com\/wp-content\/uploads\/2026\/01\/IMG_7137-1024x826.jpg 1024w, https:\/\/diariodominicano.com\/wp-content\/uploads\/2026\/01\/IMG_7137-300x242.jpg 300w, https:\/\/diariodominicano.com\/wp-content\/uploads\/2026\/01\/IMG_7137-768x620.jpg 768w, https:\/\/diariodominicano.com\/wp-content\/uploads\/2026\/01\/IMG_7137-1536x1239.jpg 1536w, https:\/\/diariodominicano.com\/wp-content\/uploads\/2026\/01\/IMG_7137-816x658.jpg 816w, https:\/\/diariodominicano.com\/wp-content\/uploads\/2026\/01\/IMG_7137.jpg 1666w\" sizes=\"auto, (max-width: 1024px) 100vw, 1024px\" \/><\/figure>\n\n\n\n<p>A nivel deportivo pusieron en marcha su torneo infantil para ni\u00f1os de las categor\u00edas: Sub-8, Sub-10, Sub-12 y Sub-14 -esta \u00faltima cont\u00f3 con la rama femenina-; activando de esta manera al universo de clubes que hacen vida en el Distrito Nacional y ofreciendo una nueva plataforma para el crecimiento del ecosistema futbol\u00edstico.<\/p>\n\n\n\n<p>Estas competiciones se mantuvieron desde el propio mes de septiembre hasta diciembre de 2025.<\/p>\n\n\n\n<figure class=\"wp-block-image size-large\"><img loading=\"lazy\" decoding=\"async\" width=\"917\" height=\"1024\" src=\"https:\/\/diariodominicano.com\/wp-content\/uploads\/2026\/01\/IMG_7010-917x1024.jpg\" alt=\"\" class=\"wp-image-659316\" srcset=\"https:\/\/diariodominicano.com\/wp-content\/uploads\/2026\/01\/IMG_7010-917x1024.jpg 917w, https:\/\/diariodominicano.com\/wp-content\/uploads\/2026\/01\/IMG_7010-269x300.jpg 269w, https:\/\/diariodominicano.com\/wp-content\/uploads\/2026\/01\/IMG_7010-768x857.jpg 768w, https:\/\/diariodominicano.com\/wp-content\/uploads\/2026\/01\/IMG_7010-816x911.jpg 816w, https:\/\/diariodominicano.com\/wp-content\/uploads\/2026\/01\/IMG_7010.jpg 1204w\" sizes=\"auto, (max-width: 917px) 100vw, 917px\" \/><\/figure>\n\n\n\n<p>Sobre la marcha se produjo la activaci\u00f3n de plataformas digitales -sitio web: afdn.do y redes sociales- que permiten mantener informada a la comunidad distrital sobre las actividades a desarrollar y los caminos que se van transitando de manera oportuna.<\/p>\n\n\n\n<p>En tanto que, a futuro se tiene previsto implementar un programa educativo en procura de contribuir al desarrollo integral de ni\u00f1os, ni\u00f1as, entrenadores, \u00e1rbitros y todas aquellas personas que forman parte del f\u00fatbol asociado del DN.<\/p>\n\n\n\n<p>Para la FDF est\u00e1 claro que todas estas aristas muestran una instituci\u00f3n saludable y comprometida con los dominicanos, as\u00ed como tambi\u00e9n con el f\u00fatbol de nuestro pa\u00eds. Adem\u00e1s, la convierten en una muestra clara de que se puede cumplir con las exigencias federativas y de la FIFA, para la regularizaci\u00f3n y correcto funcionamiento de sus asociaciones.<\/p>\n\n\n\n<p>La Federaci\u00f3n Dominicana de F\u00fatbol impulsa actualmente un proceso de regularizaci\u00f3n de sus miembros, en coordinaci\u00f3n con la FIFA. La experiencia de la AFDN demuestra que el crecimiento del f\u00fatbol est\u00e1 estrechamente vinculado a una gesti\u00f3n administrativa ordenada, basada en el cumplimiento normativo, la transparencia y la correcta administraci\u00f3n de los procesos.<\/p>\n\n\n\n<p><strong>Johnny Nieto<\/strong><\/p>\n\n\n\n<p><strong>Departamento de Comunicaciones F.D.F.<\/strong><\/p>\n","protected":false},"excerpt":{"rendered":"<p>SANTO DOMINGO, RD.- La Federaci\u00f3n Dominicana de F\u00fatbol resalt\u00f3 la labor de la Asociaci\u00f3n de F\u00fatbol del Distrito Nacional (AFDN) por la gran gesti\u00f3n desarrollada durante el \u00faltimo cuatrimestre de 2025, cumpliendo con todas las exigencias emanadas por los Estatutos de la FDF, y la propia FIFA. Estos logros la convierten en referencia para las [&hellip;]<\/p>\n","protected":false},"author":2,"featured_media":659312,"comment_status":"closed","ping_status":"closed","sticky":false,"template":"","format":"standard","meta":{"footnotes":""},"categories":[17],"tags":[3975,3640,1533],"class_list":["post-659311","post","type-post","status-publish","format-standard","has-post-thumbnail","hentry","category-deportes","tag-adfn","tag-fdf","tag-fedofutbol-2"],"_links":{"self":[{"href":"https:\/\/diariodominicano.com\/index.php?rest_route=\/wp\/v2\/posts\/659311","targetHints":{"allow":["GET"]}}],"collection":[{"href":"https:\/\/diariodominicano.com\/index.php?rest_route=\/wp\/v2\/posts"}],"about":[{"href":"https:\/\/diariodominicano.com\/index.php?rest_route=\/wp\/v2\/types\/post"}],"author":[{"embeddable":true,"href":"https:\/\/diariodominicano.com\/index.php?rest_route=\/wp\/v2\/users\/2"}],"replies":[{"embeddable":true,"href":"https:\/\/diariodominicano.com\/index.php?rest_route=%2Fwp%2Fv2%2Fcomments&post=659311"}],"version-history":[{"count":4,"href":"https:\/\/diariodominicano.com\/index.php?rest_route=\/wp\/v2\/posts\/659311\/revisions"}],"predecessor-version":[{"id":659321,"href":"https:\/\/diariodominicano.com\/index.php?rest_route=\/wp\/v2\/posts\/659311\/revisions\/659321"}],"wp:featuredmedia":[{"embeddable":true,"href":"https:\/\/diariodominicano.com\/index.php?rest_route=\/wp\/v2\/media\/659312"}],"wp:attachment":[{"href":"https:\/\/diariodominicano.com\/index.php?rest_route=%2Fwp%2Fv2%2Fmedia&parent=659311"}],"wp:term":[{"taxonomy":"category","embeddable":true,"href":"https:\/\/diariodominicano.com\/index.php?rest_route=%2Fwp%2Fv2%2Fcategories&post=659311"},{"taxonomy":"post_tag","embeddable":true,"href":"https:\/\/diariodominicano.com\/index.php?rest_route=%2Fwp%2Fv2%2Ftags&post=659311"}],"curies":[{"name":"wp","href":"https:\/\/api.w.org\/{rel}","templated":true}]}}