{"id":65931,"date":"2012-04-10T23:31:11","date_gmt":"2012-04-10T23:31:11","guid":{"rendered":"http:\/\/diariodominicano.ddns.net\/?p=65931"},"modified":"2012-04-10T23:31:11","modified_gmt":"2012-04-10T23:31:11","slug":"unicaribe-se-fortalece-cada-vez-mas-anuncia-nuevas-designaciones-academica-y-gerencial","status":"publish","type":"post","link":"https:\/\/diariodominicano.com\/?p=65931","title":{"rendered":"UNICARIBE se fortalece cada vez m\u00e1s; anuncia nuevas designaciones acad\u00e9mica y gerencial"},"content":{"rendered":"<p><body><\/p>\n<p><img decoding=\"async\" src=\"img3\/unicaribe.JPG\" \/>  <\/p>\n<p><span class=\"text1noticias\">Rep.Dom. 10 de Abril 07:32 P.M.-Con el prop\u00f3sito de eficientizar los servicios que ofrece como academia de educaci\u00f3n superior comprometida con la ciencia y el conocimiento, en un contexto social que experimenta cambios y transformaciones, el Consejo Directivo de la Universidad del Caribe (UNICARIBE) inform\u00f3 que dispuso nuevas designaciones en su personal directivo y acad\u00e9mico.<\/span><\/p>\n<\/p>\n<p><span class=\"text1noticias\">Mediante la Resoluci\u00f3n 01-2012 del 2 de abril del presente a\u00f1o, el Consejo Directivo de UNICARIBE, encabezado por su presidente, doctor Jos\u00e9 Andr\u00e9s Aybar S\u00e1nchez, design\u00f3 al doctor Miguel Antonio Rodr\u00edguez Cabrer, Director de  la Escuela de Ciencias Jur\u00eddicas y Pol\u00edticas.<\/span><\/p>\n<\/p>\n<p><span class=\"text1noticias\">El doctor Rodr\u00edguez Cabrer ha sido un destacado diplom\u00e1tico de carrera con grados de licenciatura y maestr\u00eda en universidades nacionales, as\u00ed como egresado de cursos de post-grado en la Universidad de Georgetown, Washington, Distrito de Columbia y en la Academia Diplom\u00e1tica Andr\u00e9s Bello de Chile. Tambi\u00e9n ha sido Embajador de la Rep\u00fablica Dominicana en distintos pa\u00edses y es autor de importantes obras diplom\u00e1ticas y de Relaciones Internacionales.<\/span><\/p>\n<p><span class=\"text1noticias\"> <\/span><\/p>\n<p><span class=\"text1noticias\">Otras de las designaciones del Consejo Directivo de UNICARIBE incluyen  a  la doctora Ana Berg\u00e9s Dreyfous como nueva directora de la Carrera de Derecho. Es una reconocida jurista con Doctorado en Derecho, miembro correspondiente N\u00famero 11 por la Rep\u00fablica Dominicana del Grupo de los 100, Organizaci\u00f3n Jur\u00eddica Hispano Am\u00e9rica y form\u00f3 parte de la C\u00e1mara Civil de la Suprema Corte de Justicia, entre otras posiciones.<\/span><\/p>\n<\/p>\n<p><span class=\"text1noticias\">La Carrera de Derecho de UNICARIBE est\u00e1 posicionada como una de las principales del pa\u00eds, dispone de un personal docente altamente calificado, muchos de ellos se desempe\u00f1an como jueces, fiscales y Defensores P\u00fablicos, por lo que con la entrada de la doctora Berg\u00e9s Breyfous se proyecta un mayor crecimiento y consolidaci\u00f3n cient\u00edfico-t\u00e9cnico.<\/span><\/p>\n<p><span class=\"text1noticias\">  <\/span><\/p>\n<p><span class=\"text1noticias\">Mientras que la maestra Mirna Aquino fue ascendida a directora de la Escuela de Humanidades.  Se trata de una profesional con gran trayectoria a nivel acad\u00e9mico, con maestr\u00eda en Administraci\u00f3n de la Educaci\u00f3n.<\/span><\/p>\n<p><span class=\"text1noticias\"> <\/span><\/p>\n<p><span class=\"text1noticias\">De igual modo, la maestra Ligia P\u00e9rez fue designada directora la Escuela de Educaci\u00f3n. Curs\u00f3 maestr\u00eda en Educaci\u00f3n Superior y postgrado en Planificaci\u00f3n y Gesti\u00f3n Educativa. <\/span><\/p>\n<p><span class=\"text1noticias\"> <\/span><\/p>\n<p><span class=\"text1noticias\">UNICARIBE es una de las escasas universidades del pa\u00eds y del \u00e1rea latinoamericana  que imparte programas diarios de Educaci\u00f3n as\u00ed como los fines de semana. <\/span><\/p>\n<p><span class=\"text1noticias\"> <\/span><\/p>\n<p><span class=\"text1noticias\">A trav\u00e9s de la misma Resoluci\u00f3n fueron designados  los maestros F\u00e9lix Infante, director de la Carrera de Contabilidad; Eddy de Moya, directora de  Mercadeo y Publicidad y el licenciado Wandy Robles Lamouht,  promovido a  director de la Carrera de Hoteler\u00eda y Turismo.<\/span><\/p>\n<p><span class=\"text1noticias\"> <\/span><\/p>\n<p><span class=\"text1noticias\">Fortaleza institucional<\/span><\/p>\n<\/p>\n<p><span class=\"text1noticias\">Conforme informaron las autoridades de UNICARIBE, la Vicerrector\u00eda de Evaluaci\u00f3n Institucional fue fortalecida con el ascenso de la maestra Clara Elisa Tapia, al  ser designada directora de Evaluaci\u00f3n Institucional.<\/span><\/p>\n<\/p>\n<p><span class=\"text1noticias\">Tapia es una profesional con maestr\u00edas y diplomados entre los que destacan: Gerentes Universitarios, Centro IGLU-Caribe y el Diplomado Latinoamericano en Evaluaci\u00f3n Universitaria, impartido por la Uni\u00f3n de Universidades de Am\u00e9rica Latina (UDUAL).  <\/span><\/p>\n<p><span class=\"text1noticias\"> <\/span><\/p>\n<p><span class=\"text1noticias\">De igual manera, la Vicerrector\u00eda Ejecutiva se consolida con el ascenso de la maestra Mercedes Campusano, quien desempe\u00f1ar\u00e1 las funciones de directora de Planificaci\u00f3n y Desarrollo. Es una profesional con maestr\u00eda en Planificaci\u00f3n y Gesti\u00f3n Educativa, Post-Grado en Calidad Total y Diplomado en Gerencia de la Educaci\u00f3n Superior.<\/span><\/p>\n<p><span class=\"text1noticias\"> <\/span><\/p>\n<p><span class=\"text1noticias\">El doctor Virgilio Malag\u00f3n, un reputado economista y acad\u00e9mico, fue promovido a Asesor de la Rector\u00eda.  Ha desempe\u00f1ado funciones directivas en instituciones de educaci\u00f3n superior y de Organismos Nacionales e Internacionales<\/span><\/p>\n<\/p>\n<p><span class=\"text1noticias\">De igual modo, el doctor Pedro Duarte Cana\u00e1n qued\u00f3 designado como Asesor de la Rector\u00eda de UNICARIBE. Es un reconocido abogado penalista.(HG)<\/span>.<\/p>\n<\/p>\n<h6> 2012-04-10 23:31:11 <\/h6>\n<p><!--\n<link rel=\"stylesheet\" href=\"css\/bootstrap.min.css\">\n\n\n<ul class=\"pagination\">\n\t    \n\t\n\n<li >\n\t<a href='?page_no=17608'>Previous<\/a>\n\t<\/li>\n\n\n       \n    \n\n<li><a href='?page_no=1'>1<\/a><\/li>\n\n\n\n<li><a href='?page_no=2'>2<\/a><\/li>\n\n\n\n<li><a>...<\/a><\/li>\n\n\n\n<li><a href='?page_no=17607'>17607<\/a><\/li>\n\n\n\n<li><a href='?page_no=17608'>17608<\/a><\/li>\n\n\n\n<li class='active'><a>17609<\/a><\/li>\n\n\n\n<li><a href='?page_no=17610'>17610<\/a><\/li>\n\n\n\n<li><a href='?page_no=17611'>17611<\/a><\/li>\n\n\n\n<li><a>...<\/a><\/li>\n\n\n\n<li><a href='?page_no=22911'>22911<\/a><\/li>\n\n\n\n<li><a href='?page_no=22912'>22912<\/a><\/li>\n\n    \n\t\n\n<li >\n\t<a href='?page_no=17610'>Next<\/a>\n\t<\/li>\n\n\n    \n\n<li><a href='?page_no=22912'>Last &rsaquo;&rsaquo;<\/a><\/li>\n\n<\/ul>\n\n\n--><br \/>\n<\/body><\/p>\n","protected":false},"excerpt":{"rendered":"<p>Rep.Dom. 10 de Abril 07:32 P.M.-Con el prop\u00f3sito de eficientizar los servicios que ofrece como academia de educaci\u00f3n superior comprometida con la ciencia y el conocimiento, en un contexto social que experimenta cambios y transformaciones, el Consejo Directivo de la Universidad del Caribe (UNICARIBE) inform\u00f3 que dispuso nuevas designaciones en su personal directivo y acad\u00e9mico. [&hellip;]<\/p>\n","protected":false},"author":3,"featured_media":0,"comment_status":"open","ping_status":"open","sticky":false,"template":"","format":"standard","meta":{"footnotes":""},"categories":[21],"tags":[],"class_list":["post-65931","post","type-post","status-publish","format-standard","hentry","category-cultura"],"_links":{"self":[{"href":"https:\/\/diariodominicano.com\/index.php?rest_route=\/wp\/v2\/posts\/65931","targetHints":{"allow":["GET"]}}],"collection":[{"href":"https:\/\/diariodominicano.com\/index.php?rest_route=\/wp\/v2\/posts"}],"about":[{"href":"https:\/\/diariodominicano.com\/index.php?rest_route=\/wp\/v2\/types\/post"}],"author":[{"embeddable":true,"href":"https:\/\/diariodominicano.com\/index.php?rest_route=\/wp\/v2\/users\/3"}],"replies":[{"embeddable":true,"href":"https:\/\/diariodominicano.com\/index.php?rest_route=%2Fwp%2Fv2%2Fcomments&post=65931"}],"version-history":[{"count":0,"href":"https:\/\/diariodominicano.com\/index.php?rest_route=\/wp\/v2\/posts\/65931\/revisions"}],"wp:attachment":[{"href":"https:\/\/diariodominicano.com\/index.php?rest_route=%2Fwp%2Fv2%2Fmedia&parent=65931"}],"wp:term":[{"taxonomy":"category","embeddable":true,"href":"https:\/\/diariodominicano.com\/index.php?rest_route=%2Fwp%2Fv2%2Fcategories&post=65931"},{"taxonomy":"post_tag","embeddable":true,"href":"https:\/\/diariodominicano.com\/index.php?rest_route=%2Fwp%2Fv2%2Ftags&post=65931"}],"curies":[{"name":"wp","href":"https:\/\/api.w.org\/{rel}","templated":true}]}}