{"id":65930,"date":"2012-04-11T00:40:18","date_gmt":"2012-04-11T00:40:18","guid":{"rendered":"http:\/\/diariodominicano.ddns.net\/?p=65930"},"modified":"2012-04-11T00:40:18","modified_gmt":"2012-04-11T00:40:18","slug":"jce-inaugura-salones-con-imagenes-de-figuras-emblematicas-de-rd","status":"publish","type":"post","link":"https:\/\/diariodominicano.com\/?p=65930","title":{"rendered":"JCE inaugura salones con imagenes de figuras emblematicas de RD"},"content":{"rendered":"<p><body><\/p>\n<p><span class=\"text1noticias\">Rep.Dom. 10 de Abril 08:40 P.M.-El Presidente de la Junta Central Electoral inaugur\u00f3 la galer\u00eda de los h\u00e9roes de la independencia dominicana y  la sala de prensa.<\/span><\/p>\n<\/p>\n<p><span class=\"text1noticias\">El presidente de la JCE, Doctor Roberto Rosario M\u00e1rquez destac\u00f3 que estas dos nuevas creaciones del organismo comicial servir\u00e1n para ponderar tanto a las figuras emblem\u00e1ticas de la nacionalidad dominicana como acoger a los periodistas acreditados en esa entidad y laboran en los diferentes medios de comunicaci\u00f3n nacional e internacional.<\/span><\/p>\n<\/p>\n<p><span class=\"text1noticias\">Entre los cuadros que se exhiben  cabe destacar a Juan Pablo Duarte, Mat\u00edas Ram\u00f3n Mella, Francisco del Rosario S\u00e1nchez y Gregorio Luperon, entre otros.<\/span><\/p>\n<\/p>\n<p><span class=\"text1noticias\">La Sala de Prensa de la Junta Central Electoral, que fue construida y equipada  para  dar  facilidades  y   comodidades  a los periodistas de los diferentes medios de comunicaci\u00f3n que realizan una  ardua tarea de organizar los procesos electorales, y que con mucha frecuencia es  el centro de atenci\u00f3n de todo el pa\u00eds, porque desde aqu\u00ed se ofrecen  importantes informaciones p\u00fablicas, estar\u00e1 permanentemente  rindi\u00e9ndole tributo a estos  ilustres dominicanos.<\/span><\/p>\n<\/p>\n<p><span class=\"text1noticias\">Rosario Marquez ponder\u00f3 la funci\u00f3 que tiene los medios de comunicaci\u00f3n en la fortaleza de la democracia.<\/span><\/p>\n<\/p>\n<p><span class=\"text1noticias\">El sal\u00f3n que alberga a los comunicadores tiene im\u00e1genes de destacados periodistas como  Orlando Mart\u00ednez, Gregorio Garc\u00eda Castro, Guido Gil y Marcelino Vega, quienes fueron plasmado por el artista del pincel  y el lienzo, Miguel N\u00fa\u00f1ez.(HG)<\/span>.<\/p>\n<\/p>\n<\/p>\n<h6> 2012-04-11 00:40:18 <\/h6>\n<p><!--\n<link rel=\"stylesheet\" href=\"css\/bootstrap.min.css\">\n\n\n<ul class=\"pagination\">\n\t    \n\t\n\n<li >\n\t<a href='?page_no=17607'>Previous<\/a>\n\t<\/li>\n\n\n       \n    \n\n<li><a href='?page_no=1'>1<\/a><\/li>\n\n\n\n<li><a href='?page_no=2'>2<\/a><\/li>\n\n\n\n<li><a>...<\/a><\/li>\n\n\n\n<li><a href='?page_no=17606'>17606<\/a><\/li>\n\n\n\n<li><a href='?page_no=17607'>17607<\/a><\/li>\n\n\n\n<li class='active'><a>17608<\/a><\/li>\n\n\n\n<li><a href='?page_no=17609'>17609<\/a><\/li>\n\n\n\n<li><a href='?page_no=17610'>17610<\/a><\/li>\n\n\n\n<li><a>...<\/a><\/li>\n\n\n\n<li><a href='?page_no=22911'>22911<\/a><\/li>\n\n\n\n<li><a href='?page_no=22912'>22912<\/a><\/li>\n\n    \n\t\n\n<li >\n\t<a href='?page_no=17609'>Next<\/a>\n\t<\/li>\n\n\n    \n\n<li><a href='?page_no=22912'>Last &rsaquo;&rsaquo;<\/a><\/li>\n\n<\/ul>\n\n\n--><br \/>\n<\/body><\/p>\n","protected":false},"excerpt":{"rendered":"<p>Rep.Dom. 10 de Abril 08:40 P.M.-El Presidente de la Junta Central Electoral inaugur\u00f3 la galer\u00eda de los h\u00e9roes de la independencia dominicana y la sala de prensa. El presidente de la JCE, Doctor Roberto Rosario M\u00e1rquez destac\u00f3 que estas dos nuevas creaciones del organismo comicial servir\u00e1n para ponderar tanto a las figuras emblem\u00e1ticas de la [&hellip;]<\/p>\n","protected":false},"author":3,"featured_media":0,"comment_status":"open","ping_status":"open","sticky":false,"template":"","format":"standard","meta":{"footnotes":""},"categories":[21],"tags":[],"class_list":["post-65930","post","type-post","status-publish","format-standard","hentry","category-cultura"],"_links":{"self":[{"href":"https:\/\/diariodominicano.com\/index.php?rest_route=\/wp\/v2\/posts\/65930","targetHints":{"allow":["GET"]}}],"collection":[{"href":"https:\/\/diariodominicano.com\/index.php?rest_route=\/wp\/v2\/posts"}],"about":[{"href":"https:\/\/diariodominicano.com\/index.php?rest_route=\/wp\/v2\/types\/post"}],"author":[{"embeddable":true,"href":"https:\/\/diariodominicano.com\/index.php?rest_route=\/wp\/v2\/users\/3"}],"replies":[{"embeddable":true,"href":"https:\/\/diariodominicano.com\/index.php?rest_route=%2Fwp%2Fv2%2Fcomments&post=65930"}],"version-history":[{"count":0,"href":"https:\/\/diariodominicano.com\/index.php?rest_route=\/wp\/v2\/posts\/65930\/revisions"}],"wp:attachment":[{"href":"https:\/\/diariodominicano.com\/index.php?rest_route=%2Fwp%2Fv2%2Fmedia&parent=65930"}],"wp:term":[{"taxonomy":"category","embeddable":true,"href":"https:\/\/diariodominicano.com\/index.php?rest_route=%2Fwp%2Fv2%2Fcategories&post=65930"},{"taxonomy":"post_tag","embeddable":true,"href":"https:\/\/diariodominicano.com\/index.php?rest_route=%2Fwp%2Fv2%2Ftags&post=65930"}],"curies":[{"name":"wp","href":"https:\/\/api.w.org\/{rel}","templated":true}]}}