{"id":65929,"date":"2012-04-11T14:56:28","date_gmt":"2012-04-11T14:56:28","guid":{"rendered":"http:\/\/diariodominicano.ddns.net\/?p=65929"},"modified":"2012-04-11T14:56:28","modified_gmt":"2012-04-11T14:56:28","slug":"y-sin-embargo-un-filme-cubano-sobre-el-derecho-a-sonar","status":"publish","type":"post","link":"https:\/\/diariodominicano.com\/?p=65929","title":{"rendered":"Y sin embargo&#8230;, un filme cubano sobre el derecho a so\u00f1ar"},"content":{"rendered":"<p><body><\/p>\n<p><img decoding=\"async\" src=\"img3\/menor pensando.jpg\" \/>  <\/p>\n<p>Por Mayl\u00edn Vidal<\/p>\n<\/p>\n<p>La Habana, 11 abr (PL), 10:46 am.-  Un llamado a luchar por los sue\u00f1os desde un viaje a la fantas\u00eda es la invitaci\u00f3n del cineasta cubano Rudy Mora al espectador en su \u00f3pera prima, Y sin embargo&#8230;, protagonizada por la compa\u00f1\u00eda teatral infantil La Colmenita.<\/p>\n<\/p>\n<p>  Estrenada la v\u00edspera en la sala capitalina Charles Chaplin, abarrotada de p\u00fablico, la cinta mezcla la f\u00e1bula, elementos fant\u00e1sticos y del g\u00e9nero musical, con un elenco de primeras figuras al que se une el cantautor Silvio Rodr\u00edguez, en breves escenas.<\/p>\n<\/p>\n<p>En 86 minutos, Mora adentra al espectador en un mundo imaginario. No hay ni \u00e9pocas, ni lugares definidos, s\u00ed una gran fusi\u00f3n de culturas, dijo recientemente a Prensa Latina. Quise hacer un largometraje con una proyeccion universal, que se conectara lo mismo con un iran\u00ed, un franc\u00e9s o un argentino, a\u00f1adi\u00f3.<\/p>\n<\/p>\n<p>La necesidad del ser humano de hacerse preguntas aunque no encuentre respuestas, el derecho a so\u00f1ar, la justicia, la amistad, prevalecen en la cinta, que narra la vida de Lapat\u00fan, un ni\u00f1o que, para justificar su llegada tarde a un examen, crea una historia fantasiosa sobre platillos voladores y humanoides.<\/p>\n<\/p>\n<p>Con una excelente fotograf\u00eda de Angel Alderete, tiene como protagonistas a los actores Laura de la Uz, Eslinda Nu\u00f1ez, Adria Santana (recientemente fallecida), Laritza Vega, Osvaldo Doimeadios y Manuel Porto, este \u00faltimo espl\u00e9ndido en su interpretaci\u00f3n.<\/p>\n<\/p>\n<p>Los principales roles infantiles los asumen Olo Tamayo, Liliana Sosa, Carolina Fern\u00e1ndez, Daniel Ram\u00edrez y Ernesto Escalona, conocido por su papel en Habanastation.<\/p>\n<\/p>\n<p>Basada en una obra teatral del director de La Colmenita, Carlos Alberto Cremata, sobre la pieza original del ruso Alexander Jmelik, Y sin embargo&#8230; destaca por sus profundos valores filos\u00f3ficos y universales.<\/p>\n<\/p>\n<p>Realce adicional merecen las 12 canciones elegidas para la banda sonora, todas de Silvio Rodr\u00edguez, dos de ellas in\u00e9ditas (Cosmonuta y Cay\u00f3 una estrella), en perfecta sinton\u00eda con la historia.<\/p>\n<\/p>\n<p>Tras su estreno, el filme se exhibir\u00e1 en otras 300 salas del pa\u00eds y luego comenzar\u00e1 a recorrer el mundo.<\/p>\n<h6> 2012-04-11 14:56:28 <\/h6>\n<p><!--\n<link rel=\"stylesheet\" href=\"css\/bootstrap.min.css\">\n\n\n<ul class=\"pagination\">\n\t    \n\t\n\n<li >\n\t<a href='?page_no=17606'>Previous<\/a>\n\t<\/li>\n\n\n       \n    \n\n<li><a href='?page_no=1'>1<\/a><\/li>\n\n\n\n<li><a href='?page_no=2'>2<\/a><\/li>\n\n\n\n<li><a>...<\/a><\/li>\n\n\n\n<li><a href='?page_no=17605'>17605<\/a><\/li>\n\n\n\n<li><a href='?page_no=17606'>17606<\/a><\/li>\n\n\n\n<li class='active'><a>17607<\/a><\/li>\n\n\n\n<li><a href='?page_no=17608'>17608<\/a><\/li>\n\n\n\n<li><a href='?page_no=17609'>17609<\/a><\/li>\n\n\n\n<li><a>...<\/a><\/li>\n\n\n\n<li><a href='?page_no=22911'>22911<\/a><\/li>\n\n\n\n<li><a href='?page_no=22912'>22912<\/a><\/li>\n\n    \n\t\n\n<li >\n\t<a href='?page_no=17608'>Next<\/a>\n\t<\/li>\n\n\n    \n\n<li><a href='?page_no=22912'>Last &rsaquo;&rsaquo;<\/a><\/li>\n\n<\/ul>\n\n\n--><br \/>\n<\/body><\/p>\n","protected":false},"excerpt":{"rendered":"<p>Por Mayl\u00edn Vidal La Habana, 11 abr (PL), 10:46 am.- Un llamado a luchar por los sue\u00f1os desde un viaje a la fantas\u00eda es la invitaci\u00f3n del cineasta cubano Rudy Mora al espectador en su \u00f3pera prima, Y sin embargo&#8230;, protagonizada por la compa\u00f1\u00eda teatral infantil La Colmenita. Estrenada la v\u00edspera en la sala capitalina [&hellip;]<\/p>\n","protected":false},"author":3,"featured_media":0,"comment_status":"open","ping_status":"open","sticky":false,"template":"","format":"standard","meta":{"footnotes":""},"categories":[21],"tags":[],"class_list":["post-65929","post","type-post","status-publish","format-standard","hentry","category-cultura"],"_links":{"self":[{"href":"https:\/\/diariodominicano.com\/index.php?rest_route=\/wp\/v2\/posts\/65929","targetHints":{"allow":["GET"]}}],"collection":[{"href":"https:\/\/diariodominicano.com\/index.php?rest_route=\/wp\/v2\/posts"}],"about":[{"href":"https:\/\/diariodominicano.com\/index.php?rest_route=\/wp\/v2\/types\/post"}],"author":[{"embeddable":true,"href":"https:\/\/diariodominicano.com\/index.php?rest_route=\/wp\/v2\/users\/3"}],"replies":[{"embeddable":true,"href":"https:\/\/diariodominicano.com\/index.php?rest_route=%2Fwp%2Fv2%2Fcomments&post=65929"}],"version-history":[{"count":0,"href":"https:\/\/diariodominicano.com\/index.php?rest_route=\/wp\/v2\/posts\/65929\/revisions"}],"wp:attachment":[{"href":"https:\/\/diariodominicano.com\/index.php?rest_route=%2Fwp%2Fv2%2Fmedia&parent=65929"}],"wp:term":[{"taxonomy":"category","embeddable":true,"href":"https:\/\/diariodominicano.com\/index.php?rest_route=%2Fwp%2Fv2%2Fcategories&post=65929"},{"taxonomy":"post_tag","embeddable":true,"href":"https:\/\/diariodominicano.com\/index.php?rest_route=%2Fwp%2Fv2%2Ftags&post=65929"}],"curies":[{"name":"wp","href":"https:\/\/api.w.org\/{rel}","templated":true}]}}