{"id":659282,"date":"2026-01-09T01:37:28","date_gmt":"2026-01-09T05:37:28","guid":{"rendered":"https:\/\/diariodominicano.com\/?p=659282"},"modified":"2026-01-09T19:01:19","modified_gmt":"2026-01-09T23:01:19","slug":"lanzan-ano-de-intercambios-entre-pueblos-china-africa-en-sede-de-ua","status":"publish","type":"post","link":"https:\/\/diariodominicano.com\/?p=659282","title":{"rendered":"Lanzan A\u00f1o de Intercambios entre Pueblos China-\u00c1frica en sede de UA"},"content":{"rendered":"\n<p><em>spanish.news.cn<\/em>|<em>&nbsp;2026-01-09 05:13:30<\/em>|<\/p>\n\n\n\n<p>(Xinhua\/Han Xu)<\/p>\n\n\n\n<p>AD\u00cdS ABEBA, 8 ene (Xinhua) &#8212; La ceremonia de lanzamiento del A\u00f1o de Intercambios entre Pueblos China-\u00c1frica 2026 fue realizada hoy en la sede de la Uni\u00f3n Africana (UA) en Ad\u00eds Abeba, la capital de Etiop\u00eda, y los participantes pidieron profundizar el di\u00e1logo entre las dos civilizaciones.<\/p>\n\n\n\n<p>Wang Yi, miembro del Bur\u00f3 Pol\u00edtico del Comit\u00e9 Central del Partido Comunista de China y ministro de Relaciones Exteriores de China, ley\u00f3 en voz alta una carta de felicitaci\u00f3n del presidente chino, Xi Jinping, en el evento y pronunci\u00f3 un discurso inaugural.<\/p>\n\n\n\n<p>Jean-Claude Gakosso, ministro de Relaciones Exteriores de Rep\u00fablica del Congo, copresidente africano del Foro de Cooperaci\u00f3n China-\u00c1frica (FOCAC); el presidente de la Comisi\u00f3n de la UA, Mahmoud Ali Youssouf; y el presidente de Etiop\u00eda, Taye Atske Selassie, tambi\u00e9n pronunciaron discursos en la ceremonia.<\/p>\n\n\n\n<p>M\u00e1s de 200 participantes asistieron al evento, incluyendo a importantes funcionarios de la Comisi\u00f3n de la UA y de instituciones de la UA, diplom\u00e1ticos de pa\u00edses africanos ante la UA, altos representantes de agencias de la ONU, y funcionarios y representantes de varios sectores de Etiop\u00eda.<\/p>\n\n\n\n<p>Wang dijo que el lanzamiento del A\u00f1o de Intercambios entre Pueblos China-\u00c1frica 2026 es una importante iniciativa acordada conjuntamente por el presidente chino y los l\u00edderes africanos.<\/p>\n\n\n\n<p>En su carta de felicitaci\u00f3n, Xi detall\u00f3 la importancia del aprendizaje mutuo entre civilizaciones para impulsar la modernizaci\u00f3n China-\u00c1frica y explic\u00f3 la direcci\u00f3n y principios de la cooperaci\u00f3n cultural y entre pueblos China-\u00c1frica, lo que mostr\u00f3 profundas reflexiones sobre la historia de la humanidad y de la civilizaci\u00f3n y ofreci\u00f3 una importante gu\u00eda para construir una comunidad China-\u00c1frica de futuro compartido para todo tiempo y para la nueva era, dijo Wang.<\/p>\n\n\n\n<p>Las relaciones China-\u00c1frica cuentan con una larga historia y gozan de una tradicional amistad, dijo Wang, quien destac\u00f3 que en los \u00faltimos a\u00f1os, bajo la gu\u00eda conjunta de los l\u00edderes de ambas partes, los intercambios entre pueblos China-\u00c1frica han florecido y rendido resultados fruct\u00edferos.<\/p>\n\n\n\n<p>Los hechos han mostrado que los intercambios entre pueblos conforman la base m\u00e1s s\u00f3lida de la amistad China-\u00c1frica, mientras que el aprendizaje mutuo entre civilizaciones sirve como la m\u00e1s firme fuerza impulsora de la cooperaci\u00f3n China-\u00c1frica, dijo.<\/p>\n\n\n\n<p>El ministro chino de Relaciones Exteriores dijo que el mundo actual est\u00e1 atravesando por profundos cambios no vistos en una centuria, con importantes cambios hist\u00f3ricos en el panorama internacional, y enfatiz\u00f3 que el Sur Global, representado por China y \u00c1frica, est\u00e1 ascendiendo de forma irresistible.<\/p>\n\n\n\n<p>Por otra parte, el mundo est\u00e1 lejos de ser pac\u00edfico. La ley de la jungla va en contra del derecho internacional y de las normas b\u00e1sicas de las relaciones internacionales, mientras que la pol\u00edtica de poder y los actos de intimidaci\u00f3n infringen los leg\u00edtimos derechos e intereses de los pa\u00edses en desarrollo, dijo Wang.<\/p>\n\n\n\n<p>Ante un mundo turbulento, China y \u00c1frica necesitan m\u00e1s que nunca defender la equidad y la justicia, reforzar la solidaridad y el apoyo mutuo, y profundizar los intercambios y la cooperaci\u00f3n, dijo, y pidi\u00f3 a ambas partes dar prioridad al desarrollo, poner en primer lugar al pueblo, defender los intercambios y el aprendizaje mutuo, y adoptar la apertura y la inclusi\u00f3n.<\/p>\n\n\n\n<p>Los l\u00edderes africanos dijeron que el A\u00f1o de Intercambios entre Pueblos China-\u00c1frica es un importante paso en la implementaci\u00f3n de las iniciativas del presidente chino, y enfatizaron que la carta de felicitaci\u00f3n de Xi alent\u00f3 a la parte africana.<\/p>\n\n\n\n<p>Tambi\u00e9n expresaron la convicci\u00f3n de que el A\u00f1o de Intercambios entre Pueblos China-\u00c1frica abrir\u00e1 un nuevo cap\u00edtulo en las relaciones \u00c1frica-China, profundizar\u00e1 el di\u00e1logo entre las dos civilizaciones, ampliar\u00e1 los intercambios de ideas, y reforzar\u00e1 a\u00fan m\u00e1s los v\u00ednculos entre los pueblos.<\/p>\n\n\n\n<p>Los pa\u00edses africanos est\u00e1n listos para aprovechar esta oportunidad para profundizar la cooperaci\u00f3n con China en \u00e1mbitos como cultura, educaci\u00f3n, turismo, arte e intercambios juveniles, entre otros, y seguir\u00e1n impulsando las relaciones \u00c1frica-China, dijeron.<\/p>\n\n\n\n<p>Los l\u00edderes africanos tambi\u00e9n destacaron que los pueblos de \u00c1frica y China son tan cercanos como si fueran hermanos y dijeron que la cooperaci\u00f3n \u00c1frica-China es mutuamente ben\u00e9fica.<\/p>\n\n\n\n<p>Adem\u00e1s, elogiaron la tradici\u00f3n de mucho tiempo de que los ministros chinos de Relaciones Exteriores elijan a \u00c1frica como el destino de su primera visita al extranjero, expresaron su admiraci\u00f3n por los destacados logros de desarrollo de China, y expresaron su agradecimiento por el apoyo y asistencia de China para \u00c1frica.<\/p>\n\n\n\n<p>Desde el establecimiento de FOCAC, ambas partes han logrado resultados significativos en econom\u00eda, comercio, conectividad, agricultura, educaci\u00f3n y telecomunicaciones, entre otros \u00e1mbitos, lo que ha contribuido a la implementaci\u00f3n de la agenda de desarrollo de la Uni\u00f3n Africana, dijeron.<\/p>\n\n\n\n<p>La parte africana expres\u00f3 su disposici\u00f3n para profundizar la cooperaci\u00f3n con China en el marco de FOCAC y de la Iniciativa de la Franja y la Ruta para lograr el desarrollo com\u00fan.<\/p>\n\n\n\n<p>En el contexto de la creciente inestabilidad mundial y de los serios desaf\u00edos para el orden internacional, la parte africana expres\u00f3 su apoyo a la Iniciativa para la Gobernanza Global propuesta por el presidente chino, e inst\u00f3 a ambas partes a permanecer unidas contra el hegemonismo, a defender conjuntamente el orden internacional y a salvaguardar la paz mundial.<\/p>\n\n\n\n<p><a href=\"https:\/\/www.facebook.com\/sharer\/sharer.php?u=https:\/\/spanish.news.cn\/20260109\/a51cd71ac93d4b9eb60416d8622b6dc4\/c.html\" target=\"_blank\" rel=\"noreferrer noopener\"><\/a>&nbsp;<a href=\"https:\/\/twitter.com\/intent\/tweet?text=%0A%20%20%20%20%20%20%20%20%20%20%20%20%20%20%20%20%20%20%20%20Lanzan%20A%C3%B1o%20de%20Intercambios%20entre%20Pueblos%20China-%C3%81frica%20en%20sede%20de%20UA%0A%20%20%20%20%20%20%20%20%20%20%20%20%20%20%20%20&amp;url=https:\/\/spanish.news.cn\/20260109\/a51cd71ac93d4b9eb60416d8622b6dc4\/c.html\" target=\"_blank\" rel=\"noreferrer noopener\"><\/a>&nbsp;<a target=\"_blank\" href=\"https:\/\/service.weibo.com\/share\/share.php?title=%0A%20%20%20%20%20%20%20%20%20%20%20%20%20%20%20%20%20%20%20%20Lanzan%20A%C3%B1o%20de%20Intercambios%20entre%20Pueblos%20China-%C3%81frica%20en%20sede%20de%20UA%0A%20%20%20%20%20%20%20%20%20%20%20%20%20%20%20%20&amp;url=https:\/\/spanish.news.cn\/20260109\/a51cd71ac93d4b9eb60416d8622b6dc4\/c.html\" rel=\"noreferrer noopener\"><\/a>&nbsp;<a><\/a><\/p>\n\n\n\n<figure class=\"wp-block-image\"><img decoding=\"async\" src=\"https:\/\/imgs.news.cn\/res\/xhwimg\/spanish\/20170522\/img\/jc-xfa.png\" alt=\"\"\/><\/figure>\n\n\n\n<figure class=\"wp-block-table\"><table class=\"has-fixed-layout\"><tbody><tr><td><\/td><\/tr><\/tbody><\/table><\/figure>\n\n\n\n<figure class=\"wp-block-table\"><table class=\"has-fixed-layout\"><tbody><tr><td><\/td><\/tr><\/tbody><\/table><\/figure>\n","protected":false},"excerpt":{"rendered":"<p>spanish.news.cn|&nbsp;2026-01-09 05:13:30| (Xinhua\/Han Xu) AD\u00cdS ABEBA, 8 ene (Xinhua) &#8212; La ceremonia de lanzamiento del A\u00f1o de Intercambios entre Pueblos China-\u00c1frica 2026 fue realizada hoy en la sede de la Uni\u00f3n Africana (UA) en Ad\u00eds Abeba, la capital de Etiop\u00eda, y los participantes pidieron profundizar el di\u00e1logo entre las dos civilizaciones. Wang Yi, miembro del [&hellip;]<\/p>\n","protected":false},"author":2,"featured_media":659283,"comment_status":"closed","ping_status":"closed","sticky":false,"template":"","format":"standard","meta":{"footnotes":""},"categories":[23,27],"tags":[3785,1388,3978],"class_list":["post-659282","post","type-post","status-publish","format-standard","has-post-thumbnail","hentry","category-internacional","category-portada","tag-africa","tag-china","tag-ua"],"_links":{"self":[{"href":"https:\/\/diariodominicano.com\/index.php?rest_route=\/wp\/v2\/posts\/659282","targetHints":{"allow":["GET"]}}],"collection":[{"href":"https:\/\/diariodominicano.com\/index.php?rest_route=\/wp\/v2\/posts"}],"about":[{"href":"https:\/\/diariodominicano.com\/index.php?rest_route=\/wp\/v2\/types\/post"}],"author":[{"embeddable":true,"href":"https:\/\/diariodominicano.com\/index.php?rest_route=\/wp\/v2\/users\/2"}],"replies":[{"embeddable":true,"href":"https:\/\/diariodominicano.com\/index.php?rest_route=%2Fwp%2Fv2%2Fcomments&post=659282"}],"version-history":[{"count":1,"href":"https:\/\/diariodominicano.com\/index.php?rest_route=\/wp\/v2\/posts\/659282\/revisions"}],"predecessor-version":[{"id":659284,"href":"https:\/\/diariodominicano.com\/index.php?rest_route=\/wp\/v2\/posts\/659282\/revisions\/659284"}],"wp:featuredmedia":[{"embeddable":true,"href":"https:\/\/diariodominicano.com\/index.php?rest_route=\/wp\/v2\/media\/659283"}],"wp:attachment":[{"href":"https:\/\/diariodominicano.com\/index.php?rest_route=%2Fwp%2Fv2%2Fmedia&parent=659282"}],"wp:term":[{"taxonomy":"category","embeddable":true,"href":"https:\/\/diariodominicano.com\/index.php?rest_route=%2Fwp%2Fv2%2Fcategories&post=659282"},{"taxonomy":"post_tag","embeddable":true,"href":"https:\/\/diariodominicano.com\/index.php?rest_route=%2Fwp%2Fv2%2Ftags&post=659282"}],"curies":[{"name":"wp","href":"https:\/\/api.w.org\/{rel}","templated":true}]}}