{"id":65928,"date":"2012-04-11T21:32:24","date_gmt":"2012-04-11T21:32:24","guid":{"rendered":"http:\/\/diariodominicano.ddns.net\/?p=65928"},"modified":"2012-04-11T21:32:24","modified_gmt":"2012-04-11T21:32:24","slug":"curadora-dominicana-destaca-rigor-y-excelencia-de-estudios-en-cuba","status":"publish","type":"post","link":"https:\/\/diariodominicano.com\/?p=65928","title":{"rendered":"Curadora dominicana destaca rigor y excelencia de estudios en Cuba"},"content":{"rendered":"<p><body><\/p>\n<p><img decoding=\"async\" src=\"img3\/Hermann.jpg\" \/>  <\/p>\n<p><span class=\"text1noticias\">Santo Domingo, Rep.Dom.  11 abr 05:35 P.M. (PL) Sara Hermann, curadora dominicana de arte y asesora de Artes Visuales del Centro Le\u00f3n, valor\u00f3<\/span><\/p>\n<\/p>\n<p><span class=\"text1noticias\">  el rigor y la excelencia que recibi\u00f3 durante sus estudios en Cuba, durante una entrevista con la publicaci\u00f3n List\u00edn Diario.<\/span><\/p>\n<\/p>\n<p><span class=\"text1noticias\">Asegura que en cinco a\u00f1os de estudios en La Habana conoci\u00f3 el arte y su historia en diapositivas, \u00abporque las grandes obras del arte Occidental no se encuentran en Am\u00e9rica Latina, pero con el rigor y la excelencia que el sistema cubano de educaci\u00f3n puede ostentar con orgullo\u00bb.<\/span><\/p>\n<\/p>\n<p><span class=\"text1noticias\">La que fuera directora del Museo de Arte Moderno de la Rep\u00fablica Dominicana durante muchos a\u00f1os se gradu\u00f3 de Historia del Arte en la Universidad de La Habana en 1991.<\/span><\/p>\n<\/p>\n<p><span class=\"text1noticias\">En 1994 a Hermann le preguntaron qu\u00e9 estar\u00eda haciendo en 10 a\u00f1os y la especialista de arte, que entonces contaba con solo 25 a\u00f1os, respondi\u00f3: \u00abdirigiendo el Museo de Arte Moderno\u00bb. Una d\u00e9cada despu\u00e9s la fantas\u00eda que ella misma consideraba atrevida se convirti\u00f3 en realidad.<\/span><\/p>\n<\/p>\n<p><span class=\"text1noticias\">Es catedr\u00e1tica de Historia del Arte, Arte Latinoamericano del siglo XX, Arte Contempor\u00e1neo en la Escuela de Dise\u00f1o de Altos de Chav\u00f3n, Universidad Nacional Pedro Henr\u00edquez Ure\u00f1a (Unphu) y APEC.<\/span><\/p>\n<\/p>\n<p><span class=\"text1noticias\">Ha disertado sobre Arte Caribe\u00f1o y ha sido jurado en la Bienal del Caribe, entre otros cert\u00e1menes.<\/span><\/p>\n<\/p>\n<p><span class=\"text1noticias\">Refiri\u00e9ndose al desarrollo art\u00edstico de su pa\u00eds, Hermann expres\u00f3 que la producci\u00f3n de arte dominicano es muy poderosa y puede medirse con la de cualquier parte del mundo.<\/span><\/p>\n<\/p>\n<p><span class=\"text1noticias\">Nadie deja de trabajar en la pintura por falta de retos, agreg\u00f3, porque aqu\u00ed siempre hay retos.(HG)<\/span>.<\/p>\n<h6> 2012-04-11 21:32:24 <\/h6>\n<p><!--\n<link rel=\"stylesheet\" href=\"css\/bootstrap.min.css\">\n\n\n<ul class=\"pagination\">\n\t    \n\t\n\n<li >\n\t<a href='?page_no=17605'>Previous<\/a>\n\t<\/li>\n\n\n       \n    \n\n<li><a href='?page_no=1'>1<\/a><\/li>\n\n\n\n<li><a href='?page_no=2'>2<\/a><\/li>\n\n\n\n<li><a>...<\/a><\/li>\n\n\n\n<li><a href='?page_no=17604'>17604<\/a><\/li>\n\n\n\n<li><a href='?page_no=17605'>17605<\/a><\/li>\n\n\n\n<li class='active'><a>17606<\/a><\/li>\n\n\n\n<li><a href='?page_no=17607'>17607<\/a><\/li>\n\n\n\n<li><a href='?page_no=17608'>17608<\/a><\/li>\n\n\n\n<li><a>...<\/a><\/li>\n\n\n\n<li><a href='?page_no=22911'>22911<\/a><\/li>\n\n\n\n<li><a href='?page_no=22912'>22912<\/a><\/li>\n\n    \n\t\n\n<li >\n\t<a href='?page_no=17607'>Next<\/a>\n\t<\/li>\n\n\n    \n\n<li><a href='?page_no=22912'>Last &rsaquo;&rsaquo;<\/a><\/li>\n\n<\/ul>\n\n\n--><br \/>\n<\/body><\/p>\n","protected":false},"excerpt":{"rendered":"<p>Santo Domingo, Rep.Dom. 11 abr 05:35 P.M. (PL) Sara Hermann, curadora dominicana de arte y asesora de Artes Visuales del Centro Le\u00f3n, valor\u00f3 el rigor y la excelencia que recibi\u00f3 durante sus estudios en Cuba, durante una entrevista con la publicaci\u00f3n List\u00edn Diario. Asegura que en cinco a\u00f1os de estudios en La Habana conoci\u00f3 el [&hellip;]<\/p>\n","protected":false},"author":3,"featured_media":0,"comment_status":"open","ping_status":"open","sticky":false,"template":"","format":"standard","meta":{"footnotes":""},"categories":[21],"tags":[],"class_list":["post-65928","post","type-post","status-publish","format-standard","hentry","category-cultura"],"_links":{"self":[{"href":"https:\/\/diariodominicano.com\/index.php?rest_route=\/wp\/v2\/posts\/65928","targetHints":{"allow":["GET"]}}],"collection":[{"href":"https:\/\/diariodominicano.com\/index.php?rest_route=\/wp\/v2\/posts"}],"about":[{"href":"https:\/\/diariodominicano.com\/index.php?rest_route=\/wp\/v2\/types\/post"}],"author":[{"embeddable":true,"href":"https:\/\/diariodominicano.com\/index.php?rest_route=\/wp\/v2\/users\/3"}],"replies":[{"embeddable":true,"href":"https:\/\/diariodominicano.com\/index.php?rest_route=%2Fwp%2Fv2%2Fcomments&post=65928"}],"version-history":[{"count":0,"href":"https:\/\/diariodominicano.com\/index.php?rest_route=\/wp\/v2\/posts\/65928\/revisions"}],"wp:attachment":[{"href":"https:\/\/diariodominicano.com\/index.php?rest_route=%2Fwp%2Fv2%2Fmedia&parent=65928"}],"wp:term":[{"taxonomy":"category","embeddable":true,"href":"https:\/\/diariodominicano.com\/index.php?rest_route=%2Fwp%2Fv2%2Fcategories&post=65928"},{"taxonomy":"post_tag","embeddable":true,"href":"https:\/\/diariodominicano.com\/index.php?rest_route=%2Fwp%2Fv2%2Ftags&post=65928"}],"curies":[{"name":"wp","href":"https:\/\/api.w.org\/{rel}","templated":true}]}}