{"id":65926,"date":"2012-04-12T13:43:33","date_gmt":"2012-04-12T13:43:33","guid":{"rendered":"http:\/\/diariodominicano.ddns.net\/?p=65926"},"modified":"2012-04-12T13:43:33","modified_gmt":"2012-04-12T13:43:33","slug":"homenaje-a-fidel-castro-en-la-capilla-del-hombre-en-quito","status":"publish","type":"post","link":"https:\/\/diariodominicano.com\/?p=65926","title":{"rendered":"Homenaje a Fidel Castro en la Capilla del Hombre en Quito"},"content":{"rendered":"<p><body><\/p>\n<p><img decoding=\"async\" src=\"img3\/Fidel C pintura.jpg\" \/>  <\/p>\n<p>Por Pedro Rioseco<\/p>\n<\/p>\n<p>Quito, 12 abr (PL), 9:35 am.-  La presentaci\u00f3n del libro \u00abFidel Castro, Guerrillero del tiempo\u00bb, en la quite\u00f1a Capilla del Hombre, que atesora la obra de su gran amigo Oswaldo Guayasam\u00edn, devino masivo homenaje ecuatoriano a la vida del l\u00edder de la Revoluci\u00f3n cubana.<\/p>\n<\/p>\n<p>Ante unos 400 invitados reunidos alrededor de la llama eterna que pidi\u00f3 el \u00abPintor de Iberoam\u00e9rica\u00bb mantener siempre encendida hasta su regreso, se present\u00f3 la obra biogr\u00e1fica de mil 166 p\u00e1ginas desde la infancia de Fidel Castro hasta el triunfo revolucionario de 1959.<\/p>\n<\/p>\n<p>La autora del libro, Katiuska Blanco, y Abel Prieto, escritor y asesor del presidente cubano, Ra\u00fal Castro, concluyeron aqu\u00ed las presentaciones en Ecuador, luego de otro encuentro similar la noche del martes en la gobernaci\u00f3n de la provincia Guayas, ciudad portuaria de Guayaquil.<\/p>\n<\/p>\n<p>El acto cont\u00f3 con las intervenciones de las ministras ecuatorianas coordinadora de Patrimonio, Mar\u00eda Fernanda Espinosa, y de Cultura, Erika Silva, esta \u00faltima participante en la reciente Feria del Libro de La Habana de un encuentro de intelectuales durante nueve horas con Fidel Castro.<\/p>\n<\/p>\n<p>Compartieron la presidencia, Alfredo Vera, por la Fundaci\u00f3n Guayasam\u00edn; el embajador cubano Jorge Rodr\u00edguez y Patricio Zambrano, diputado del Parlamento Andino, quien invit\u00f3 a los presentes a unirse a la Red de Redes en Defensa de la Humanidad.<\/p>\n<\/p>\n<p>En la bienvenida, Vera anunci\u00f3 la celebraci\u00f3n aqu\u00ed, en junio pr\u00f3ximo, del octavo encuentro \u00abJos\u00e9 Mart\u00ed por la Solidaridad Mundial\u00bb y la Fundaci\u00f3n entreg\u00f3 reproducciones para los presidentes de los pa\u00edses del ALBA del retrato de Sim\u00f3n Bol\u00edvar pintado por Guayasam\u00edn.<\/p>\n<\/p>\n<p>Prieto disert\u00f3 sobre el primero de dos tomos de esta obra, en el que la autora aborda la infancia de Fidel Castro hasta el golpe de Estado del dictador Fulgencio Batista, en el cual dijo, la humanidad del l\u00edder cubano est\u00e1 todo el tiempo presente.<\/p>\n<\/p>\n<p>Katiuska Blanco expres\u00f3 su admiraci\u00f3n por la Revoluci\u00f3n Ciudadana y su presidente, Rafael Correa, revel\u00f3 detalles poco conocidos de la lucha de Fidel Castro, pasando por el asalto al Cuartel Moncada, la prisi\u00f3n, el exilio en M\u00e9xico, hasta la guerra y finalmente el triunfo.<\/p>\n<\/p>\n<p>En sus palabras centrales, Espinosa subray\u00f3 que las confesiones de Fidel Castro constituyen una manera de ver el mundo y explicar la urgente necesidad de las luchas por la libertad, para poner fin a la explotaci\u00f3n y a todas las formas de dominaci\u00f3n imperialista.<\/p>\n<\/p>\n<p>Enfatiz\u00f3 que la Revoluci\u00f3n Ciudadana es profundamente bolivariana, alfarista y fidelista, al tiempo que reafirm\u00f3 la unidad hist\u00f3rica de las luchas de los pueblos ecuatoriano y cubano, y reiter\u00f3 que no se concibe una Am\u00e9rica sin la presencia de Cuba.<\/p>\n<\/p>\n<p>El embajador Rodr\u00edguez agradeci\u00f3 la presencia de todos y aclar\u00f3 a los adversarios de Nuestra Am\u00e9rica que los pueblos y gobiernos progresistas de la regi\u00f3n se mantienen unidos, al decir de Mart\u00ed, como la plata en las ra\u00edces de los Andes.<\/p>\n<h6> 2012-04-12 13:43:33 <\/h6>\n<p><!--\n<link rel=\"stylesheet\" href=\"css\/bootstrap.min.css\">\n\n\n<ul class=\"pagination\">\n\t    \n\t\n\n<li >\n\t<a href='?page_no=17603'>Previous<\/a>\n\t<\/li>\n\n\n       \n    \n\n<li><a href='?page_no=1'>1<\/a><\/li>\n\n\n\n<li><a href='?page_no=2'>2<\/a><\/li>\n\n\n\n<li><a>...<\/a><\/li>\n\n\n\n<li><a href='?page_no=17602'>17602<\/a><\/li>\n\n\n\n<li><a href='?page_no=17603'>17603<\/a><\/li>\n\n\n\n<li class='active'><a>17604<\/a><\/li>\n\n\n\n<li><a href='?page_no=17605'>17605<\/a><\/li>\n\n\n\n<li><a href='?page_no=17606'>17606<\/a><\/li>\n\n\n\n<li><a>...<\/a><\/li>\n\n\n\n<li><a href='?page_no=22911'>22911<\/a><\/li>\n\n\n\n<li><a href='?page_no=22912'>22912<\/a><\/li>\n\n    \n\t\n\n<li >\n\t<a href='?page_no=17605'>Next<\/a>\n\t<\/li>\n\n\n    \n\n<li><a href='?page_no=22912'>Last &rsaquo;&rsaquo;<\/a><\/li>\n\n<\/ul>\n\n\n--><br \/>\n<\/body><\/p>\n","protected":false},"excerpt":{"rendered":"<p>Por Pedro Rioseco Quito, 12 abr (PL), 9:35 am.- La presentaci\u00f3n del libro \u00abFidel Castro, Guerrillero del tiempo\u00bb, en la quite\u00f1a Capilla del Hombre, que atesora la obra de su gran amigo Oswaldo Guayasam\u00edn, devino masivo homenaje ecuatoriano a la vida del l\u00edder de la Revoluci\u00f3n cubana. Ante unos 400 invitados reunidos alrededor de la [&hellip;]<\/p>\n","protected":false},"author":3,"featured_media":0,"comment_status":"open","ping_status":"open","sticky":false,"template":"","format":"standard","meta":{"footnotes":""},"categories":[21],"tags":[],"class_list":["post-65926","post","type-post","status-publish","format-standard","hentry","category-cultura"],"_links":{"self":[{"href":"https:\/\/diariodominicano.com\/index.php?rest_route=\/wp\/v2\/posts\/65926","targetHints":{"allow":["GET"]}}],"collection":[{"href":"https:\/\/diariodominicano.com\/index.php?rest_route=\/wp\/v2\/posts"}],"about":[{"href":"https:\/\/diariodominicano.com\/index.php?rest_route=\/wp\/v2\/types\/post"}],"author":[{"embeddable":true,"href":"https:\/\/diariodominicano.com\/index.php?rest_route=\/wp\/v2\/users\/3"}],"replies":[{"embeddable":true,"href":"https:\/\/diariodominicano.com\/index.php?rest_route=%2Fwp%2Fv2%2Fcomments&post=65926"}],"version-history":[{"count":0,"href":"https:\/\/diariodominicano.com\/index.php?rest_route=\/wp\/v2\/posts\/65926\/revisions"}],"wp:attachment":[{"href":"https:\/\/diariodominicano.com\/index.php?rest_route=%2Fwp%2Fv2%2Fmedia&parent=65926"}],"wp:term":[{"taxonomy":"category","embeddable":true,"href":"https:\/\/diariodominicano.com\/index.php?rest_route=%2Fwp%2Fv2%2Fcategories&post=65926"},{"taxonomy":"post_tag","embeddable":true,"href":"https:\/\/diariodominicano.com\/index.php?rest_route=%2Fwp%2Fv2%2Ftags&post=65926"}],"curies":[{"name":"wp","href":"https:\/\/api.w.org\/{rel}","templated":true}]}}