{"id":65925,"date":"2012-04-12T13:57:46","date_gmt":"2012-04-12T13:57:46","guid":{"rendered":"http:\/\/diariodominicano.ddns.net\/?p=65925"},"modified":"2012-04-12T13:57:46","modified_gmt":"2012-04-12T13:57:46","slug":"fidel-castro-pertenece-a-todos-afirmo-escritora-cubana-en-ecuador","status":"publish","type":"post","link":"https:\/\/diariodominicano.com\/?p=65925","title":{"rendered":"Fidel Castro pertenece a todos, afirm\u00f3 escritora cubana en Ecuador"},"content":{"rendered":"<p><body><\/p>\n<p><img decoding=\"async\" src=\"img3\/katiuska escritora cubana.jpg\" \/>  <\/p>\n<p>Por Yuri\u00e9n Portelles<\/p>\n<\/p>\n<p>Quito, 12 abr (PL), 9:47 am.-  La escritora Katiuska Blanco afirm\u00f3 en esta capital que el l\u00edder hist\u00f3rico de la Revoluci\u00f3n cubana, Fidel Castro, es un hombre que pertenece a todos y resulta comparable con los grandes de la historia de la humanidad.<\/p>\n<\/p>\n<p>Blanco, autora tambi\u00e9n de las obras Todo el tiempo de los cedros y \u00c1ngel, la ra\u00edz gallega de Fidel, asisti\u00f3 en Ecuador a dos presentaciones de su m\u00e1s reciente libro titulado Fidel Castro: Guerrillero del tiempo, en la ciudad de Guayaquil y en Quito, acompa\u00f1ada de Abel Prieto, asesor del presidente Ra\u00fal Castro.<\/p>\n<\/p>\n<p>La tambi\u00e9n periodista cubana confes\u00f3 a Prensa Latina que ha tenido el privilegio de estar cerca de esta figura mundial, pero, se\u00f1al\u00f3, lo m\u00e1s importante ha sido la voluntad de \u00e9l, \u00abquien ha buscado en la comunicaci\u00f3n para hacer este libro la posibilidad de aportar en la lucha por causas nobles de la humanidad\u00bb.<\/p>\n<\/p>\n<p>Calific\u00f3 al l\u00edder revolucionario de ser excepcional todav\u00eda por descubrir, \u00abincluso por m\u00ed misma\u00bb, porque, a\u00f1adi\u00f3, posee cualidades dif\u00edciles de definir en pocas palabras, tal cual dec\u00eda el extinto pintor ecuatoriano Oswaldo Guayasam\u00edn.<\/p>\n<\/p>\n<p>Relat\u00f3 que para Guayasam\u00edn, Fidel es un hombre de m\u00faltiples dimensiones, como ser humano extraordinario, como estadista y pol\u00edtico revolucionario, por lo que para acercarse a \u00e9l a trav\u00e9s de su arte no pod\u00eda hacerlo de una sola vez, y por eso lo pint\u00f3 en varias oportunidades.<\/p>\n<\/p>\n<p>\u00abYo creo que pasar\u00e1n los tiempos y \u00e9l estar\u00e1 ah\u00ed\u00bb, puntualiz\u00f3 al argumentar la amplitud e inmensidad en sus conocimientos y valores humanos \u00e9ticos, su sabidur\u00eda pol\u00edtica y su adhesi\u00f3n a las causas de manera ferviente.<\/p>\n<\/p>\n<p>Para la autora, el l\u00edder cubano es la suma maravillosa de un legado revolucionario a lo largo de muchos a\u00f1os, comparable con grandes de la historia de la humanidad, entre los que cita a Carlos Marx, Federico Engels y Vladimir I. Lenin.<\/p>\n<\/p>\n<p>\u00abPor eso pienso que Fidel no es solo un hombre del pasado, o del presente, sino del futuro\u00bb, sentenci\u00f3 y agreg\u00f3 que ella lucha contra la pretendida definici\u00f3n de bi\u00f3grafa que algunos le se\u00f1alan.<\/p>\n<\/p>\n<p>Considera que otras personas han aportado con sus investigaciones sobre distintas aristas acerca de la vida de Fidel Castro y estas obras en su conjunto conforman en realidad su gran biograf\u00eda.<\/p>\n<\/p>\n<p>Con su hablar bajo y pausado, recuerda Blanco el nombre de autores de obras sobre el hombre que ha conducido los destinos de la naci\u00f3n cubana durante un largo per\u00edodo de luchas, entre ellos a los cubanos Martha Rojas y Luis B\u00e1ez, y tambi\u00e9n a Ignacio Ramonet (Espa\u00f1a), Gianni Min\u00e1 (Italia), Frei Betto (Brasil) y el nicarag\u00fcense Tom\u00e1s Borge.<\/p>\n<\/p>\n<p>No menos importantes son a su juicio otros investigadores como la cubana Ana Cairo, con su selecci\u00f3n Viaje a los frutos, y tambi\u00e9n periodistas cuyos nombres no menciona pero, asegur\u00f3, han ofrecido un pasaje importante con diferentes matices sobre su vida.<\/p>\n<\/p>\n<p>Nacida en 1964, la escritora cubana revel\u00f3 que a veces se siente sobrecogida cuando est\u00e1 junto al l\u00edder cubano.<\/p>\n<\/p>\n<p>Reconoce que aunque no se puede dejar de llevar por su instinto para no inhabilitarse, siempre piensa que est\u00e1 frente a una leyenda.<\/p>\n<\/p>\n<p>\u00abNo creo que se convierta en algo cotidiano para m\u00ed tener una comunicaci\u00f3n con Fidel, lo que como es una personalidad desde el punto de vista humano tan especial, \u00e9l hace que uno se sienta bien\u00bb, apunta.<\/p>\n<\/p>\n<p>Blanco anunci\u00f3 que ya trabaja en los cuestionarios para dar continuidad a su m\u00e1s reciente obra, que llega hasta fines de 1958 y la cual espera llevar hasta la contemporaneidad.<\/p>\n<h6> 2012-04-12 13:57:46 <\/h6>\n<p><!--\n<link rel=\"stylesheet\" href=\"css\/bootstrap.min.css\">\n\n\n<ul class=\"pagination\">\n\t    \n\t\n\n<li >\n\t<a href='?page_no=17602'>Previous<\/a>\n\t<\/li>\n\n\n       \n    \n\n<li><a href='?page_no=1'>1<\/a><\/li>\n\n\n\n<li><a href='?page_no=2'>2<\/a><\/li>\n\n\n\n<li><a>...<\/a><\/li>\n\n\n\n<li><a href='?page_no=17601'>17601<\/a><\/li>\n\n\n\n<li><a href='?page_no=17602'>17602<\/a><\/li>\n\n\n\n<li class='active'><a>17603<\/a><\/li>\n\n\n\n<li><a href='?page_no=17604'>17604<\/a><\/li>\n\n\n\n<li><a href='?page_no=17605'>17605<\/a><\/li>\n\n\n\n<li><a>...<\/a><\/li>\n\n\n\n<li><a href='?page_no=22911'>22911<\/a><\/li>\n\n\n\n<li><a href='?page_no=22912'>22912<\/a><\/li>\n\n    \n\t\n\n<li >\n\t<a href='?page_no=17604'>Next<\/a>\n\t<\/li>\n\n\n    \n\n<li><a href='?page_no=22912'>Last &rsaquo;&rsaquo;<\/a><\/li>\n\n<\/ul>\n\n\n--><br \/>\n<\/body><\/p>\n","protected":false},"excerpt":{"rendered":"<p>Por Yuri\u00e9n Portelles Quito, 12 abr (PL), 9:47 am.- La escritora Katiuska Blanco afirm\u00f3 en esta capital que el l\u00edder hist\u00f3rico de la Revoluci\u00f3n cubana, Fidel Castro, es un hombre que pertenece a todos y resulta comparable con los grandes de la historia de la humanidad. Blanco, autora tambi\u00e9n de las obras Todo el tiempo [&hellip;]<\/p>\n","protected":false},"author":3,"featured_media":0,"comment_status":"open","ping_status":"open","sticky":false,"template":"","format":"standard","meta":{"footnotes":""},"categories":[21],"tags":[],"class_list":["post-65925","post","type-post","status-publish","format-standard","hentry","category-cultura"],"_links":{"self":[{"href":"https:\/\/diariodominicano.com\/index.php?rest_route=\/wp\/v2\/posts\/65925","targetHints":{"allow":["GET"]}}],"collection":[{"href":"https:\/\/diariodominicano.com\/index.php?rest_route=\/wp\/v2\/posts"}],"about":[{"href":"https:\/\/diariodominicano.com\/index.php?rest_route=\/wp\/v2\/types\/post"}],"author":[{"embeddable":true,"href":"https:\/\/diariodominicano.com\/index.php?rest_route=\/wp\/v2\/users\/3"}],"replies":[{"embeddable":true,"href":"https:\/\/diariodominicano.com\/index.php?rest_route=%2Fwp%2Fv2%2Fcomments&post=65925"}],"version-history":[{"count":0,"href":"https:\/\/diariodominicano.com\/index.php?rest_route=\/wp\/v2\/posts\/65925\/revisions"}],"wp:attachment":[{"href":"https:\/\/diariodominicano.com\/index.php?rest_route=%2Fwp%2Fv2%2Fmedia&parent=65925"}],"wp:term":[{"taxonomy":"category","embeddable":true,"href":"https:\/\/diariodominicano.com\/index.php?rest_route=%2Fwp%2Fv2%2Fcategories&post=65925"},{"taxonomy":"post_tag","embeddable":true,"href":"https:\/\/diariodominicano.com\/index.php?rest_route=%2Fwp%2Fv2%2Ftags&post=65925"}],"curies":[{"name":"wp","href":"https:\/\/api.w.org\/{rel}","templated":true}]}}