{"id":65924,"date":"2012-04-12T14:08:05","date_gmt":"2012-04-12T14:08:05","guid":{"rendered":"http:\/\/diariodominicano.ddns.net\/?p=65924"},"modified":"2012-04-12T14:08:05","modified_gmt":"2012-04-12T14:08:05","slug":"onu-celebra-dia-internacional-de-los-vuelos-espaciales","status":"publish","type":"post","link":"https:\/\/diariodominicano.com\/?p=65924","title":{"rendered":"ONU celebra D\u00eda Internacional de los Vuelos Espaciales"},"content":{"rendered":"<p><body><\/p>\n<p><img decoding=\"async\" src=\"img3\/Vuelos espaciales yuri.jpg\" \/>  <\/p>\n<p>Naciones Unidas, 12 abr (PL), 10:01 am.- Naciones Unidas celebra hoy por segunda ocasi\u00f3n el D\u00eda Internacional de los Vuelos Espaciales Tripulados, en recordaci\u00f3n de la haza\u00f1a realizada en 1961 por el primer cosmonauta del mundo, el ruso Yuri Gagarin.<\/p>\n<\/p>\n<p>La fecha ser\u00e1 conmemorada en una sesi\u00f3n con expertos de diferentes pa\u00edses, entre ellos algunos de la agencia espacial rusa, del centro de entrenamiento de cosmonautas de Mosc\u00fa y de la Administraci\u00f3n Nacional de Aeron\u00e1utica y del Espacio de Estados Unidos (NASA).<\/p>\n<\/p>\n<p>La primera conmemoraci\u00f3n de la hist\u00f3rica proeza tuvo lugar el a\u00f1o pasado, tras la aprobaci\u00f3n por la Asamblea General de la ONU de una resoluci\u00f3n que reafirm\u00f3 la importancia de la cooperaci\u00f3n internacional en las actividades espaciales con fines pac\u00edficos.<\/p>\n<\/p>\n<p>Para Naciones Unidas, la efem\u00e9ride rinde tributo al inicio de la era espacial y resalta la contribuci\u00f3n de la ciencia y la tecnolog\u00eda c\u00f3smica al desarrollo sostenible y el bienestar de los pueblos.<\/p>\n<\/p>\n<p>Tambi\u00e9n pretende sensibilizar al mundo para garantizar que el espacio ultraterrestre sea reservado solo para fines pac\u00edficos, en beneficio de la meteorolog\u00eda, la agricultura, la biolog\u00eda y las telecomunicaciones, entre otras esferas.<\/p>\n<\/p>\n<p>El acuerdo que estableci\u00f3 el D\u00eda Internacional de los Vuelos Espaciales Tripulados apunta que la exploraci\u00f3n y utilizaci\u00f3n de ese medio es un patrimonio de toda la humanidad.<\/p>\n<\/p>\n<p>El 12 de abril de 1961, Gagarin, un piloto de las Fuerzas A\u00e9reas de la entonces Uni\u00f3n Sovik\u00e9tica, dio una vuelta a la tierra en 108 minutos y a una altura de 315 kil\u00f3metros a bordo de la nave Vostok-1.<\/p>\n<h6> 2012-04-12 14:08:05 <\/h6>\n<p><!--\n<link rel=\"stylesheet\" href=\"css\/bootstrap.min.css\">\n\n\n<ul class=\"pagination\">\n\t    \n\t\n\n<li >\n\t<a href='?page_no=17601'>Previous<\/a>\n\t<\/li>\n\n\n       \n    \n\n<li><a href='?page_no=1'>1<\/a><\/li>\n\n\n\n<li><a href='?page_no=2'>2<\/a><\/li>\n\n\n\n<li><a>...<\/a><\/li>\n\n\n\n<li><a href='?page_no=17600'>17600<\/a><\/li>\n\n\n\n<li><a href='?page_no=17601'>17601<\/a><\/li>\n\n\n\n<li class='active'><a>17602<\/a><\/li>\n\n\n\n<li><a href='?page_no=17603'>17603<\/a><\/li>\n\n\n\n<li><a href='?page_no=17604'>17604<\/a><\/li>\n\n\n\n<li><a>...<\/a><\/li>\n\n\n\n<li><a href='?page_no=22911'>22911<\/a><\/li>\n\n\n\n<li><a href='?page_no=22912'>22912<\/a><\/li>\n\n    \n\t\n\n<li >\n\t<a href='?page_no=17603'>Next<\/a>\n\t<\/li>\n\n\n    \n\n<li><a href='?page_no=22912'>Last &rsaquo;&rsaquo;<\/a><\/li>\n\n<\/ul>\n\n\n--><br \/>\n<\/body><\/p>\n","protected":false},"excerpt":{"rendered":"<p>Naciones Unidas, 12 abr (PL), 10:01 am.- Naciones Unidas celebra hoy por segunda ocasi\u00f3n el D\u00eda Internacional de los Vuelos Espaciales Tripulados, en recordaci\u00f3n de la haza\u00f1a realizada en 1961 por el primer cosmonauta del mundo, el ruso Yuri Gagarin. La fecha ser\u00e1 conmemorada en una sesi\u00f3n con expertos de diferentes pa\u00edses, entre ellos algunos [&hellip;]<\/p>\n","protected":false},"author":3,"featured_media":0,"comment_status":"open","ping_status":"open","sticky":false,"template":"","format":"standard","meta":{"footnotes":""},"categories":[21],"tags":[],"class_list":["post-65924","post","type-post","status-publish","format-standard","hentry","category-cultura"],"_links":{"self":[{"href":"https:\/\/diariodominicano.com\/index.php?rest_route=\/wp\/v2\/posts\/65924","targetHints":{"allow":["GET"]}}],"collection":[{"href":"https:\/\/diariodominicano.com\/index.php?rest_route=\/wp\/v2\/posts"}],"about":[{"href":"https:\/\/diariodominicano.com\/index.php?rest_route=\/wp\/v2\/types\/post"}],"author":[{"embeddable":true,"href":"https:\/\/diariodominicano.com\/index.php?rest_route=\/wp\/v2\/users\/3"}],"replies":[{"embeddable":true,"href":"https:\/\/diariodominicano.com\/index.php?rest_route=%2Fwp%2Fv2%2Fcomments&post=65924"}],"version-history":[{"count":0,"href":"https:\/\/diariodominicano.com\/index.php?rest_route=\/wp\/v2\/posts\/65924\/revisions"}],"wp:attachment":[{"href":"https:\/\/diariodominicano.com\/index.php?rest_route=%2Fwp%2Fv2%2Fmedia&parent=65924"}],"wp:term":[{"taxonomy":"category","embeddable":true,"href":"https:\/\/diariodominicano.com\/index.php?rest_route=%2Fwp%2Fv2%2Fcategories&post=65924"},{"taxonomy":"post_tag","embeddable":true,"href":"https:\/\/diariodominicano.com\/index.php?rest_route=%2Fwp%2Fv2%2Ftags&post=65924"}],"curies":[{"name":"wp","href":"https:\/\/api.w.org\/{rel}","templated":true}]}}