{"id":65923,"date":"2012-04-12T14:10:14","date_gmt":"2012-04-12T14:10:14","guid":{"rendered":"http:\/\/diariodominicano.ddns.net\/?p=65923"},"modified":"2012-04-12T14:10:14","modified_gmt":"2012-04-12T14:10:14","slug":"embajadores-del-alba-participaran-en-evento-para-hablar-de-marti-bolivar-y-juan-montalvo","status":"publish","type":"post","link":"https:\/\/diariodominicano.com\/?p=65923","title":{"rendered":"Embajadores del Alba participar\u00e1n en evento para hablar de Mart\u00ed, Bol\u00edvar y Juan Montalvo"},"content":{"rendered":"<p><body><\/p>\n<p>Santo Domingo, RD, 12 abril, 10:06 am.- Los embajadores acreditados en el pa\u00eds, cuyas naciones son miembros de la Alianza de Bolivariana para los Pueblos de nuestra  Am\u00e9rica (ALBA) participaran en el evento denominado: los hombres grandioso de Latino Am\u00e9rica, los d\u00edas 19 y 20 de abril del 2012, en la Biblioteca Rep\u00fablica Dominicana, organizado por la Uni\u00f3n Dominicana de Periodistas Bolivarianos.<\/p>\n<\/p>\n<p>La referida actividad tiene  como prop\u00f3sito honrar  la memoria de Juan Pablo Duarte, Jos\u00e9 Mart\u00ed, Sim\u00f3n Bol\u00edvar y Eugenio Mar\u00eda de Hostos.<\/p>\n<\/p>\n<p>Expondr\u00e1n  en el encuentro el representante diplom\u00e1tico de Cuba, Alexis Bandrich, con el tema Jos\u00e9 Mart\u00ed sin armas en las manos, Alfredo Murga Rivas de Venezuela, el Pensamiento de Sim\u00f3n Bol\u00edvar, Carlos L\u00f3pez Damm de Ecuador, sobre Juan Montalvo y su Accionar revolucionario.<\/p>\n<\/p>\n<p>El hecho que la Uni\u00f3n  Dominicana de periodista Bolivarianos se vea en el deber de celebrar eventos de esta naturaleza es tambi\u00e9n esperanzados en poder alcanzar el sue\u00f1o de que se instale el Instituto de Integraci\u00f3n Americanista para educar y acrecentar en el alma del publico la recordaci\u00f3n de hombres que en actos de hero\u00edsmo y sentimientos de nacionalidad sacrificaron sus propias vidas y fortunas por mantener en alto la dignidad y el decoro de sus pueblos, antes las ignominias de las naciones colonialistas.<\/p>\n<\/p>\n<p>Hablar y ense\u00f1ar a los j\u00f3venes las doctrinas e ideales de estos prohombres de Am\u00e9rica para ahondar en las mentes y corazones esas ideas sublimes, las cuales invitan a llevar a cabo trabajo en beneficio de la patria que nos vio nacer que parecer\u00edan sue\u00f1os, pero que con esfuerzos y dedicaci\u00f3n suelen plasmarse en realidades.<\/p>\n<\/p>\n<p>La Uni\u00f3n de Periodistas ? sostiene &#8211; que so\u00f1ar contribuye a que la futuras generaciones hagan suyas las ideas sacrosantas de los Hombres Grandiosos de Latinoam\u00e9rica como los son Juan Pablo Duarte, Jos\u00e9 mart\u00ed, Sim\u00f3n Bol\u00edvar, Eugenio Mar\u00eda de Hostos, Juan Montalvo y otros forjadores de independencias.<\/p>\n<p>Hay que destacar que toda brega por un ideal es santa. Y es por ello que preferimos continuar en la imaginaci\u00f3n de un sue\u00f1o para lograr la fundaci\u00f3n del Instituto de Integraci\u00f3n Americanista para que los ni\u00f1os, los adolescentes y j\u00f3venes adultos hagan una aprenhecion  de estos conocimientos y de los ejemplos legado por Duarte, Mart\u00ed, Bol\u00edvar y Hostos.<\/p>\n<h6> 2012-04-12 14:10:14 <\/h6>\n<p><!--\n<link rel=\"stylesheet\" href=\"css\/bootstrap.min.css\">\n\n\n<ul class=\"pagination\">\n\t    \n\t\n\n<li >\n\t<a href='?page_no=17600'>Previous<\/a>\n\t<\/li>\n\n\n       \n    \n\n<li><a href='?page_no=1'>1<\/a><\/li>\n\n\n\n<li><a href='?page_no=2'>2<\/a><\/li>\n\n\n\n<li><a>...<\/a><\/li>\n\n\n\n<li><a href='?page_no=17599'>17599<\/a><\/li>\n\n\n\n<li><a href='?page_no=17600'>17600<\/a><\/li>\n\n\n\n<li class='active'><a>17601<\/a><\/li>\n\n\n\n<li><a href='?page_no=17602'>17602<\/a><\/li>\n\n\n\n<li><a href='?page_no=17603'>17603<\/a><\/li>\n\n\n\n<li><a>...<\/a><\/li>\n\n\n\n<li><a href='?page_no=22911'>22911<\/a><\/li>\n\n\n\n<li><a href='?page_no=22912'>22912<\/a><\/li>\n\n    \n\t\n\n<li >\n\t<a href='?page_no=17602'>Next<\/a>\n\t<\/li>\n\n\n    \n\n<li><a href='?page_no=22912'>Last &rsaquo;&rsaquo;<\/a><\/li>\n\n<\/ul>\n\n\n--><br \/>\n<\/body><\/p>\n","protected":false},"excerpt":{"rendered":"<p>Santo Domingo, RD, 12 abril, 10:06 am.- Los embajadores acreditados en el pa\u00eds, cuyas naciones son miembros de la Alianza de Bolivariana para los Pueblos de nuestra Am\u00e9rica (ALBA) participaran en el evento denominado: los hombres grandioso de Latino Am\u00e9rica, los d\u00edas 19 y 20 de abril del 2012, en la Biblioteca Rep\u00fablica Dominicana, organizado [&hellip;]<\/p>\n","protected":false},"author":3,"featured_media":0,"comment_status":"open","ping_status":"open","sticky":false,"template":"","format":"standard","meta":{"footnotes":""},"categories":[21],"tags":[],"class_list":["post-65923","post","type-post","status-publish","format-standard","hentry","category-cultura"],"_links":{"self":[{"href":"https:\/\/diariodominicano.com\/index.php?rest_route=\/wp\/v2\/posts\/65923","targetHints":{"allow":["GET"]}}],"collection":[{"href":"https:\/\/diariodominicano.com\/index.php?rest_route=\/wp\/v2\/posts"}],"about":[{"href":"https:\/\/diariodominicano.com\/index.php?rest_route=\/wp\/v2\/types\/post"}],"author":[{"embeddable":true,"href":"https:\/\/diariodominicano.com\/index.php?rest_route=\/wp\/v2\/users\/3"}],"replies":[{"embeddable":true,"href":"https:\/\/diariodominicano.com\/index.php?rest_route=%2Fwp%2Fv2%2Fcomments&post=65923"}],"version-history":[{"count":0,"href":"https:\/\/diariodominicano.com\/index.php?rest_route=\/wp\/v2\/posts\/65923\/revisions"}],"wp:attachment":[{"href":"https:\/\/diariodominicano.com\/index.php?rest_route=%2Fwp%2Fv2%2Fmedia&parent=65923"}],"wp:term":[{"taxonomy":"category","embeddable":true,"href":"https:\/\/diariodominicano.com\/index.php?rest_route=%2Fwp%2Fv2%2Fcategories&post=65923"},{"taxonomy":"post_tag","embeddable":true,"href":"https:\/\/diariodominicano.com\/index.php?rest_route=%2Fwp%2Fv2%2Ftags&post=65923"}],"curies":[{"name":"wp","href":"https:\/\/api.w.org\/{rel}","templated":true}]}}