{"id":65922,"date":"2012-04-12T15:49:15","date_gmt":"2012-04-12T15:49:15","guid":{"rendered":"http:\/\/diariodominicano.ddns.net\/?p=65922"},"modified":"2012-04-12T15:49:15","modified_gmt":"2012-04-12T15:49:15","slug":"perlas-latinoamericanas-animan-el-festival-de-friburgo","status":"publish","type":"post","link":"https:\/\/diariodominicano.com\/?p=65922","title":{"rendered":"Perlas latinoamericanas animan  el Festival de Friburgo"},"content":{"rendered":"<p><body><\/p>\n<p><img decoding=\"async\" src=\"img3\/Thierry Jobin Director FIFF.JPG\" \/>  <\/p>\n<p>Por Sergio Ferrari <\/p>\n<\/p>\n<p>?\tSolo un 2 % de las pel\u00edculas que se ven en Suiza no vienen de Europa o Estados Unidos<\/p>\n<p>?\t47 pa\u00edses representados en el Festival de Friburgo <\/p>\n<p>?\tPresencia mayoritaria de los pa\u00edses del Sur<\/p>\n<\/p>\n<p>Invitada hist\u00f3rica del Festival Internacional de Films de Friburgo (FIFF), la cinematograf\u00eda latinoamericana llega con fuerza a la principal muestra helv\u00e9tica especializada en el cine del Sur. En torno de 120 pel\u00edculas de 47 pa\u00edses en particular  de Am\u00e9rica Latina, Asia y \u00c1frica, ocupar\u00e1n las pantallas de varias de las salas de la ciudad universitaria entre el 24 y el 31 de marzo en su 26ta edici\u00f3n que espera reunir m\u00e1s de 30 mil espectadores.<\/p>\n<\/p>\n<p>Friburgo, Suiza, 12 abril, 11:46 am.- De las doce en competici\u00f3n ?provenientes de doce pa\u00edses diferentes- tres son latinoamericanas. La coproducci\u00f3n brasilero-argentina Historias que so existem quando lembradas de Julia Murat;  la argentino-gala El Campo,  del joven realizador Hern\u00e1n Bel\u00f3n; y Los \u00faltimos cristeros, una producci\u00f3n mexicana de Mat\u00edas Meyer.<\/p>\n<\/p>\n<p>El cine de ese continente acapara la apertura del FIFF, con la presentaci\u00f3n de la coproducci\u00f3n chileno-argentina Sal de Diego Rougier. Y tambi\u00e9n la clausura, con Miss Bala, del realizador mexicano Gerardo Naranjo, que ha representado a su pa\u00eds en los Oscar.<\/p>\n<\/p>\n<p>Siete de los diecis\u00e9is  cortometrajes de la selecci\u00f3n oficial en ese g\u00e9nero, son realizaciones latinoamericanas, con un fuerte condimento brasilero que aporta cuatro  producciones y una coproducci\u00f3n con Uruguay. <\/p>\n<\/p>\n<p>\u00abPerlas latinoamericanas\u00bb<\/p>\n<\/p>\n<p>Thierry Jobin, durante 25 a\u00f1os periodista y cr\u00edtico de cine, en su primera edici\u00f3n como director del FIFF se proponer  priorizar \u00abla calidad y la diversidad\u00bb  como  principios conceptuales innegociables de su muestra. <\/p>\n<\/p>\n<p>No acepto el \u00abprincipio del cine pretexto, exijo buenas pel\u00edculas\u00bb, enfatiza.  \u00abLo que presentamos  en Friburgo es de una gran calidad. Y en ese marco, una constataci\u00f3n es cierta: Am\u00e9rica Latina no necesita pretexto alguno\u00bb a nivel cinematogr\u00e1fico para asegurar su presencia distinguida en la muestra.<\/p>\n<\/p>\n<p>Hay una rica creatividad en ese continente, contin\u00faa evaluando Jobin. Quien subraya como un nuevo e interesante fen\u00f3meno \u00ablas coproducciones crecientes entre pa\u00edses de esa regi\u00f3n\u00bb.<\/p>\n<\/p>\n<p>Y si de la producci\u00f3n latinoamericana se trata, Thierry Jobin no duda en considerar como \u00abverdaderas perlas\u00bb a las realizaciones de ese continente que participan en la competici\u00f3n. Subrayando la importancia que ha ido adquiriendo en los \u00faltimos a\u00f1os, por ejemplo, el cine mexicano, cada vez m\u00e1s galardonado en concursos internacionales.<\/p>\n<\/p>\n<p>\u00bfQu\u00e9 significa la diversidad que promueve Friburgo? Para Thierry Jobin consiste, entre otras cosas,  en ser una alternativa a la actual tendencia dominante en las salas suizas, en las cuales solo un 2,2% corresponde al cine producido m\u00e1s all\u00e1 de Europa y Estados Unidos.<\/p>\n<\/p>\n<p>Nuevo concepto<\/p>\n<\/p>\n<p>A partir de la edici\u00f3n a punto de comenzar, la nueva direcci\u00f3n art\u00edstica ha organizado los panoramas ? espacios tem\u00e1ticos del FIFF- en \u00absecciones mejor definidas, que se presentar\u00e1n cada a\u00f1o\u00bb.<\/p>\n<\/p>\n<p>Y si bien las pel\u00edculas de las diferentes secciones se ver\u00e1n toda la semana, \u00abconsagraremos a cada una de ellas un d\u00eda en particular, con un programa concentrado, discusiones y debates\u00bb.<\/p>\n<\/p>\n<p>De esta manera, la prensa, el mundo del cine y el p\u00fablico en general, \u00abpodr\u00e1n planificar mucho mejor su visita a Friburgo: el FIFF se convierte a partir de ahora en un festival a la carta\u00bb, explica Jobin.<\/p>\n<\/p>\n<p>Quien adem\u00e1s de la competici\u00f3n internacional y los corto-metrajes, como verdaderos pilares de la programaci\u00f3n, anticipa, entre otros,  un espacio Carta Blanca en honor al Festival de Locarno; una secci\u00f3n sobre la imagen del Islam en occidente; una jornada especial sobre la di\u00e1spora, en este caso mirando hacia el L\u00edbano; y un homenaje al realizador suizo Pierre-Alain Meier.<\/p>\n<\/p>\n<p>Precursor de la producci\u00f3n suiza en \u00c1frica y Asia, Meier es particularmente conocido en Latinoam\u00e9rica por haber producido en 2004 la exitosa Memoria del Saqueo del director argentino Fernando Pino Solanas.<\/p>\n<\/p>\n<p>En cuanto al cine de g\u00e9nero, la 26 edici\u00f3n ha decidido priorizar el \u00abwestern\u00bb, presentando una quincena de realizaciones de trascendencia internacional. <\/p>\n<\/p>\n<p>Cuatro de ellas, galardonadas en Ibero Am\u00e9rica:  Antonio Das Mortes, del brasilero Glauber Rocha; O Cangaceiro de su compatriota Lima Barreto; Blackthorn del espa\u00f1ol Mateo Gil presentada por primera vez en Suiza y La Cebra, estreno internacional  mexicano de Fernando Le\u00f3n.<\/p>\n<\/p>\n<p>El premio mayor de Friburgo, el \u00abRegard d?Or\u00bb (la mirada de oro) de 30 mil francos, ser\u00e1  anunciado el \u00faltimo s\u00e1bado de marzo ser\u00e1 atribuido por un prestigioso Jurado Internacional.<\/p>\n<\/p>\n<p>Los otros cuatro jurados son: el de la FIPRESCI (Federaci\u00f3n de la Prensa Cinematogr\u00e1fica); el Ecum\u00e9nico; el de la FICC (Federaci\u00f3n Internacional de Cine-Clubs) y el de los J\u00f3venes  que entrega el premio E-CHANGER, ofrecido por esa organizaci\u00f3n suiza de cooperaci\u00f3n solidaria.<\/p>\n<\/p>\n<p>*Sergio Ferrari<\/p>\n<p>En colaboraci\u00f3n con SWISSINFO y E-CHANGER<\/p>\n<\/p>\n<p>www.fiff.ch<\/p>\n<\/p>\n<\/p>\n<\/p>\n<\/p>\n<h6> 2012-04-12 15:49:15 <\/h6>\n<p><!--\n<link rel=\"stylesheet\" href=\"css\/bootstrap.min.css\">\n\n\n<ul class=\"pagination\">\n\t    \n\t\n\n<li >\n\t<a href='?page_no=17599'>Previous<\/a>\n\t<\/li>\n\n\n       \n    \n\n<li><a href='?page_no=1'>1<\/a><\/li>\n\n\n\n<li><a href='?page_no=2'>2<\/a><\/li>\n\n\n\n<li><a>...<\/a><\/li>\n\n\n\n<li><a href='?page_no=17598'>17598<\/a><\/li>\n\n\n\n<li><a href='?page_no=17599'>17599<\/a><\/li>\n\n\n\n<li class='active'><a>17600<\/a><\/li>\n\n\n\n<li><a href='?page_no=17601'>17601<\/a><\/li>\n\n\n\n<li><a href='?page_no=17602'>17602<\/a><\/li>\n\n\n\n<li><a>...<\/a><\/li>\n\n\n\n<li><a href='?page_no=22911'>22911<\/a><\/li>\n\n\n\n<li><a href='?page_no=22912'>22912<\/a><\/li>\n\n    \n\t\n\n<li >\n\t<a href='?page_no=17601'>Next<\/a>\n\t<\/li>\n\n\n    \n\n<li><a href='?page_no=22912'>Last &rsaquo;&rsaquo;<\/a><\/li>\n\n<\/ul>\n\n\n--><br \/>\n<\/body><\/p>\n","protected":false},"excerpt":{"rendered":"<p>Por Sergio Ferrari ? Solo un 2 % de las pel\u00edculas que se ven en Suiza no vienen de Europa o Estados Unidos ? 47 pa\u00edses representados en el Festival de Friburgo ? Presencia mayoritaria de los pa\u00edses del Sur Invitada hist\u00f3rica del Festival Internacional de Films de Friburgo (FIFF), la cinematograf\u00eda latinoamericana llega con [&hellip;]<\/p>\n","protected":false},"author":3,"featured_media":0,"comment_status":"open","ping_status":"open","sticky":false,"template":"","format":"standard","meta":{"footnotes":""},"categories":[21],"tags":[],"class_list":["post-65922","post","type-post","status-publish","format-standard","hentry","category-cultura"],"_links":{"self":[{"href":"https:\/\/diariodominicano.com\/index.php?rest_route=\/wp\/v2\/posts\/65922","targetHints":{"allow":["GET"]}}],"collection":[{"href":"https:\/\/diariodominicano.com\/index.php?rest_route=\/wp\/v2\/posts"}],"about":[{"href":"https:\/\/diariodominicano.com\/index.php?rest_route=\/wp\/v2\/types\/post"}],"author":[{"embeddable":true,"href":"https:\/\/diariodominicano.com\/index.php?rest_route=\/wp\/v2\/users\/3"}],"replies":[{"embeddable":true,"href":"https:\/\/diariodominicano.com\/index.php?rest_route=%2Fwp%2Fv2%2Fcomments&post=65922"}],"version-history":[{"count":0,"href":"https:\/\/diariodominicano.com\/index.php?rest_route=\/wp\/v2\/posts\/65922\/revisions"}],"wp:attachment":[{"href":"https:\/\/diariodominicano.com\/index.php?rest_route=%2Fwp%2Fv2%2Fmedia&parent=65922"}],"wp:term":[{"taxonomy":"category","embeddable":true,"href":"https:\/\/diariodominicano.com\/index.php?rest_route=%2Fwp%2Fv2%2Fcategories&post=65922"},{"taxonomy":"post_tag","embeddable":true,"href":"https:\/\/diariodominicano.com\/index.php?rest_route=%2Fwp%2Fv2%2Ftags&post=65922"}],"curies":[{"name":"wp","href":"https:\/\/api.w.org\/{rel}","templated":true}]}}