{"id":65921,"date":"2012-04-12T17:54:38","date_gmt":"2012-04-12T17:54:38","guid":{"rendered":"http:\/\/diariodominicano.ddns.net\/?p=65921"},"modified":"2012-04-12T17:54:38","modified_gmt":"2012-04-12T17:54:38","slug":"un-total-de-64-escritores-de-17-paises-vienen-a-la-xv-feria-internacional-del-libro","status":"publish","type":"post","link":"https:\/\/diariodominicano.com\/?p=65921","title":{"rendered":"Un total de 64 escritores de 17 pa\u00edses vienen a la XV Feria Internacional del Libro"},"content":{"rendered":"<p><body><\/p>\n<p><img decoding=\"async\" src=\"img3\/FeriaLibroRD 124.jpg\" \/>  <\/p>\n<p>Santo Domingo, Rep. Dominicana, 12 abril, 1:50 pm.-  Un total de 64 escritores procedentes de 17 pa\u00edses tomar\u00e1n parte este a\u00f1o en el amplio programa de la XV Feria Internacional del Libro Santo Domingo 2012, que se inicia el mi\u00e9rcoles 18 de la pr\u00f3xima semana y se clausurar\u00e1 el domingo 6 de mayo.<\/p>\n<\/p>\n<p>La lista la encabeza el afamado novelista nicarag\u00fcense Sergio Ram\u00edrez, y el relevante autor argentino Jorge Bucay, considerado el escritor del orbe hisp\u00e1nico con mayores ventas en el mundo, con m\u00e1s de 5 millones de vol\u00famenes vendidos. Adem\u00e1s figura el notable cient\u00edfico cubano Fidel Castro D\u00edaz-Ballart, quien pronunciar\u00e1 una conferencia magistral y pondr\u00e1 a circular varios de sus libros en el evento, que este a\u00f1o privilegia a la Ciencia como eje central de su programaci\u00f3n. <\/p>\n<\/p>\n<p>Otras grandes figuras son el poeta uruguayo Eduardo Mil\u00e1n, el novelista cubano, residente en Barcelona, Abilio Est\u00e9vez y el novelista uruguayo Daniel Chavarr\u00eda. <\/p>\n<\/p>\n<p>Tambi\u00e9n destacan en la amplia lista de escritores participantes en la FIL dominicana, el novelista Juan David Morgan, de Panam\u00e1; la novelista cubano-puertorrique\u00f1a Mayra Montero; el c\u00e9lebre fot\u00f3grafo argentino Daniel Mordzinsky; el joven novelista puertorrique\u00f1o Alejandro Carpio, ganador del Premio Alba de Novela; el ensayista y novelista mexicano Sealtiel Alatriste,  y Carlos Oriel Wynter Melo, de Panam\u00e1, considerado uno de los 39 escritores j\u00f3venes m\u00e1s representativos de Latinoam\u00e9rica por UNESCO. <\/p>\n<\/p>\n<p>Otros escritores que participar\u00e1n en el magno evento cultural son: el cr\u00edtico argentino Carlos Mar\u00eda Romero Sosa; Juan Jos\u00e9 Dalton, hijo del fenecido poeta Roque Dalton, de El Salvador; el poeta Otoniel Guevara; la experta en literatura hispanoamericana de la prestigiosa Universidad de Salamanca, Carmen Ruiz Barrionuevo; y la novelista espa\u00f1ola Ana Cristina Rossi, el franc\u00e9s Jean Paul Duviols; los puertorrique\u00f1os Luis Negron, Sheila Barrios, Alinaluz Santiago y Luis Pons Irrizary, entre otros. <\/p>\n<\/p>\n<p>Entre las personalidades que asistir\u00e1n figuran el destacado m\u00fasico y compositor guatemalteco Joaqu\u00edn Orellana y el director del Centro de Fomento del Libro para Am\u00e9rica Latina y el Caribe (CERLALC), Fernando Zapata. En total participan autores de Argentina, Aruba, Belice, Chile, Colombia, Costa Rica, Cuba, El Salvador, Espa\u00f1a, Francia, Guatemala, Honduras, M\u00e9xico, Nicaragua, Panam\u00e1, Puerto Rico y Uruguay. <\/p>\n<\/p>\n<p>Una delegaci\u00f3n a la que la comisi\u00f3n organizadora de la FIL otorga una especial importancia es la de los escritores de la di\u00e1spora, compuesta este a\u00f1o por  Eugenio Garc\u00eda Cuevas, Pedro Ure\u00f1a Rib, Vielka Solano, Radham\u00e9s de Le\u00f3n, Yudelka Guerra, C\u00e9sar S\u00e1nchez Beras, Marianela Medrano, Jos\u00e9 Acosta, Esteban Torres, Di\u00f3genes Abr\u00e9u y Carlos S\u00e1nchez, entre otros. <\/p>\n<\/p>\n<p>Los escritores participar\u00e1n en coloquios, paneles, disertaciones, conferencias magistrales, presentaciones de libros y encuentros con talleristas literarios. Entre los escritores figuran poetas, novelistas, ensayistas, cr\u00edticos literarios, autores de libros de autoayuda y de libros de fotograf\u00edas, as\u00ed como cr\u00edticos de arte, periodistas y teatristas.<\/p>\n<h6> 2012-04-12 17:54:38 <\/h6>\n<p><!--\n<link rel=\"stylesheet\" href=\"css\/bootstrap.min.css\">\n\n\n<ul class=\"pagination\">\n\t    \n\t\n\n<li >\n\t<a href='?page_no=17598'>Previous<\/a>\n\t<\/li>\n\n\n       \n    \n\n<li><a href='?page_no=1'>1<\/a><\/li>\n\n\n\n<li><a href='?page_no=2'>2<\/a><\/li>\n\n\n\n<li><a>...<\/a><\/li>\n\n\n\n<li><a href='?page_no=17597'>17597<\/a><\/li>\n\n\n\n<li><a href='?page_no=17598'>17598<\/a><\/li>\n\n\n\n<li class='active'><a>17599<\/a><\/li>\n\n\n\n<li><a href='?page_no=17600'>17600<\/a><\/li>\n\n\n\n<li><a href='?page_no=17601'>17601<\/a><\/li>\n\n\n\n<li><a>...<\/a><\/li>\n\n\n\n<li><a href='?page_no=22911'>22911<\/a><\/li>\n\n\n\n<li><a href='?page_no=22912'>22912<\/a><\/li>\n\n    \n\t\n\n<li >\n\t<a href='?page_no=17600'>Next<\/a>\n\t<\/li>\n\n\n    \n\n<li><a href='?page_no=22912'>Last &rsaquo;&rsaquo;<\/a><\/li>\n\n<\/ul>\n\n\n--><br \/>\n<\/body><\/p>\n","protected":false},"excerpt":{"rendered":"<p>Santo Domingo, Rep. Dominicana, 12 abril, 1:50 pm.- Un total de 64 escritores procedentes de 17 pa\u00edses tomar\u00e1n parte este a\u00f1o en el amplio programa de la XV Feria Internacional del Libro Santo Domingo 2012, que se inicia el mi\u00e9rcoles 18 de la pr\u00f3xima semana y se clausurar\u00e1 el domingo 6 de mayo. La lista [&hellip;]<\/p>\n","protected":false},"author":3,"featured_media":0,"comment_status":"open","ping_status":"open","sticky":false,"template":"","format":"standard","meta":{"footnotes":""},"categories":[21],"tags":[],"class_list":["post-65921","post","type-post","status-publish","format-standard","hentry","category-cultura"],"_links":{"self":[{"href":"https:\/\/diariodominicano.com\/index.php?rest_route=\/wp\/v2\/posts\/65921","targetHints":{"allow":["GET"]}}],"collection":[{"href":"https:\/\/diariodominicano.com\/index.php?rest_route=\/wp\/v2\/posts"}],"about":[{"href":"https:\/\/diariodominicano.com\/index.php?rest_route=\/wp\/v2\/types\/post"}],"author":[{"embeddable":true,"href":"https:\/\/diariodominicano.com\/index.php?rest_route=\/wp\/v2\/users\/3"}],"replies":[{"embeddable":true,"href":"https:\/\/diariodominicano.com\/index.php?rest_route=%2Fwp%2Fv2%2Fcomments&post=65921"}],"version-history":[{"count":0,"href":"https:\/\/diariodominicano.com\/index.php?rest_route=\/wp\/v2\/posts\/65921\/revisions"}],"wp:attachment":[{"href":"https:\/\/diariodominicano.com\/index.php?rest_route=%2Fwp%2Fv2%2Fmedia&parent=65921"}],"wp:term":[{"taxonomy":"category","embeddable":true,"href":"https:\/\/diariodominicano.com\/index.php?rest_route=%2Fwp%2Fv2%2Fcategories&post=65921"},{"taxonomy":"post_tag","embeddable":true,"href":"https:\/\/diariodominicano.com\/index.php?rest_route=%2Fwp%2Fv2%2Ftags&post=65921"}],"curies":[{"name":"wp","href":"https:\/\/api.w.org\/{rel}","templated":true}]}}