{"id":65920,"date":"2012-04-12T21:06:59","date_gmt":"2012-04-12T21:06:59","guid":{"rendered":"http:\/\/diariodominicano.ddns.net\/?p=65920"},"modified":"2012-04-12T21:06:59","modified_gmt":"2012-04-12T21:06:59","slug":"ordenador-fondos-europeos-resalta-importancia-relaciones-dominico-haitianas-y-aportes-union-europea","status":"publish","type":"post","link":"https:\/\/diariodominicano.com\/?p=65920","title":{"rendered":"Ordenador  Fondos Europeos resalta importancia relaciones Dominico-Haitianas y aportes uni\u00f3n Europea"},"content":{"rendered":"<p><body><\/p>\n<p><img decoding=\"async\" src=\"http:\/\/localhost:8080\/img3\/domingo.JPG\" \/>  <\/p>\n<p><span class=\"text1noticias\">Rep.Dom. 12 de Abril 05:07 P.M.-Al intervenir en el acto de inicio del Diplomado sobre Relaciones Binacionales Dom\u00ednico-Haitianas, el secretario de Estado y Ordenador Nacional de los Fondos Europeos para el Desarrollo, doctor Domingo Jim\u00e9nez, destac\u00f3 el avance que muestran ambos pa\u00edses en su intercambio.<\/span><\/p>\n<\/p>\n<p><span class=\"text1noticias\">Seg\u00fan el Ordenador Nacional estas relaciones se fortalecieron a ra\u00edz del terremoto que afect\u00f3 a Hait\u00ed el 12 de enero de 2010. El infausto suceso sirvi\u00f3 para que todos los sectores dominicanos manifestaran su solidaridad con el vecino pa\u00eds.<\/span><\/p>\n<\/p>\n<p><span class=\"text1noticias\">\u00abTodos los sectores: p\u00fablico, privado y ciudadan\u00eda en general asumieron como propia esa tragedia\u00bb, sostuvo Jim\u00e9nez.<\/span><\/p>\n<\/p>\n<p><span class=\"text1noticias\">El Ordenador Nacional indic\u00f3 que el terremoto motiv\u00f3 la reactivaci\u00f3n de la Comisi\u00f3n Mixta Dom\u00ednico-Haitiana. Tambi\u00e9n provoc\u00f3 que los presidentes de las comisiones de ambos pa\u00edses firmaran la Declaraci\u00f3n Conjunta el pasado 29 de febrero.<\/span><\/p>\n<\/p>\n<p><span class=\"text1noticias\">Pero uno de los elementos que m\u00e1s cabe resaltar seg\u00fan Jim\u00e9nez fue que los presidentes de las dos naciones firmaran distintos protocolos de cooperaci\u00f3n, declaraciones conjuntas y memor\u00e1ndum de entendimiento el pasado mes de marzo.<\/span><\/p>\n<\/p>\n<p><span class=\"text1noticias\">Al insistir en la importancia del Diplomado explic\u00f3 que el mismo es altamente relevante ya que permitir\u00e1 que los actores claves de las instituciones que conforman la Comisi\u00f3n Mixta conozcan a profundidad la evoluci\u00f3n de las relaciones dominico?haitianas.<\/span><\/p>\n<\/p>\n<p><span class=\"text1noticias\">\u00abPara la instituci\u00f3n bajo nuestra direcci\u00f3n el tema binacional siempre ha sido prioritario. Llevamos una agenda de trabajo binacional con nuestro hom\u00f3logo haitiano. Esta agenda nos llev\u00f3 a firmar en diciembre de 2008 la denominada Declaraci\u00f3n de Santo Domingo\u00bb, precis\u00f3 Jim\u00e9nez.<\/span><\/p>\n<\/p>\n<p><span class=\"text1noticias\">El ordenador Nacional explic\u00f3 que la coordinaci\u00f3n conjunta que se da entre \u00e9l y su hom\u00f3logo haitiano permiti\u00f3 que los dos negociaran de manera exitosa con la Delegaci\u00f3n Europea un programa de cooperaci\u00f3n en el marco del d\u00e9cimo ciclo de la cooperaci\u00f3n europea ascendente a 47.5 millones de euros. Hasta el momento de esta suma se han comprometido 41 millones 935 mil euros.<\/span><\/p>\n<\/p>\n<p><span class=\"text1noticias\">Como parte de los proyectos ejecutados Jim\u00e9nez cit\u00f3 el apoyo a las infraestructuras del Corredor Norte con una inversi\u00f3n de 23 millones 235 mil euros y el apoyo a la cooperaci\u00f3n binacional dotado de un monto de 18 millones 700 mil euros.<\/span><\/p>\n<\/p>\n<p><span class=\"text1noticias\">Entre las obras realizadas con estos fondos destacan la ampliaci\u00f3n del Mercado de Dajab\u00f3n, el proyectado mercado de Juana M\u00e9ndez, las infraestructuras aduaneras, rehabilitaci\u00f3n de los caminos rurales agr\u00edcolas, apoyo para el comercio, medioambiente, desarrollo local transfronterizo y apoyo a la Comisi\u00f3n Mixta Dom\u00ednico?Haitiana.<\/span><\/p>\n<\/p>\n<p><span class=\"text1noticias\">El funcionario precis\u00f3 que estos programas tendr\u00e1n un impacto significativo en el desarrollo presente y futuro de ambos pa\u00edses, al tiempo que reconoci\u00f3 el papel que jugar\u00e1 la Comisi\u00f3n Mixta Bilateral en la puesta en ejecuci\u00f3n de los mismos como instrumento fundamental para el di\u00e1logo entre el Estado dominicano y el Estado haitiano.<\/span><\/p>\n<\/p>\n<p><span class=\"text1noticias\">Jim\u00e9nez aprovech\u00f3 para reconocer el aporte de la Uni\u00f3n Europea en el desarrollo de la cooperaci\u00f3n binacional, precisando que la UE ha apoyado importantes proyectos desde la entrada de los dos pa\u00edses al Acuerdo de Lom\u00e9, en el a\u00f1o 1989.<\/span><\/p>\n<\/p>\n<p><span class=\"text1noticias\">En el inicio del diplomado tambi\u00e9n intervinieron la viceministra Sarah Guemez Naut, el Director del Instituto Especializado de Educaci\u00f3n Superior Diplom\u00e1tica y Consular, doctor Reynaldo Espinal; el Director Ejecutivo de la Comisi\u00f3n Mixta Bilateral, licenciado Julio Ortega Tous; Ana Antonia Calvo, en representaci\u00f3n de la jefa de la Delegaci\u00f3n de la Uni\u00f3n Europea; la representante del Programa de las Naciones Unidas para el Desarrollo, Vallerie Juliand y el embajador dominicano en Hait\u00ed, licenciado Rub\u00e9n Sili\u00e9. <\/span><\/p>\n<\/p>\n<p><span class=\"text1noticias\">Todos coincidieron en resaltar la importancia del diplomado inaugurado este jueves y que se prolongar\u00e1 hasta el 29 de junio del cursante a\u00f1o.<\/span><\/p>\n<\/p>\n<p><span class=\"text1noticias\">Los participantes en el Diplomado sobre Relaciones Binacionales Dominico?Haitianas recibir\u00e1n sus clases todos los viernes en horario de 8:30 de la ma\u00f1ana a 4:30 de la tarde.(HG)<\/span>.<\/p>\n<h6> 2012-04-12 21:06:59 <\/h6>\n<p><!--\n<link rel=\"stylesheet\" href=\"css\/bootstrap.min.css\">\n\n\n<ul class=\"pagination\">\n\t    \n\t\n\n<li >\n\t<a href='?page_no=17597'>Previous<\/a>\n\t<\/li>\n\n\n       \n    \n\n<li><a href='?page_no=1'>1<\/a><\/li>\n\n\n\n<li><a href='?page_no=2'>2<\/a><\/li>\n\n\n\n<li><a>...<\/a><\/li>\n\n\n\n<li><a href='?page_no=17596'>17596<\/a><\/li>\n\n\n\n<li><a href='?page_no=17597'>17597<\/a><\/li>\n\n\n\n<li class='active'><a>17598<\/a><\/li>\n\n\n\n<li><a href='?page_no=17599'>17599<\/a><\/li>\n\n\n\n<li><a href='?page_no=17600'>17600<\/a><\/li>\n\n\n\n<li><a>...<\/a><\/li>\n\n\n\n<li><a href='?page_no=22911'>22911<\/a><\/li>\n\n\n\n<li><a href='?page_no=22912'>22912<\/a><\/li>\n\n    \n\t\n\n<li >\n\t<a href='?page_no=17599'>Next<\/a>\n\t<\/li>\n\n\n    \n\n<li><a href='?page_no=22912'>Last &rsaquo;&rsaquo;<\/a><\/li>\n\n<\/ul>\n\n\n--><br \/>\n<\/body><\/p>\n","protected":false},"excerpt":{"rendered":"<p>Rep.Dom. 12 de Abril 05:07 P.M.-Al intervenir en el acto de inicio del Diplomado sobre Relaciones Binacionales Dom\u00ednico-Haitianas, el secretario de Estado y Ordenador Nacional de los Fondos Europeos para el Desarrollo, doctor Domingo Jim\u00e9nez, destac\u00f3 el avance que muestran ambos pa\u00edses en su intercambio. Seg\u00fan el Ordenador Nacional estas relaciones se fortalecieron a ra\u00edz [&hellip;]<\/p>\n","protected":false},"author":3,"featured_media":0,"comment_status":"open","ping_status":"open","sticky":false,"template":"","format":"standard","meta":{"footnotes":""},"categories":[21],"tags":[],"class_list":["post-65920","post","type-post","status-publish","format-standard","hentry","category-cultura"],"_links":{"self":[{"href":"https:\/\/diariodominicano.com\/index.php?rest_route=\/wp\/v2\/posts\/65920","targetHints":{"allow":["GET"]}}],"collection":[{"href":"https:\/\/diariodominicano.com\/index.php?rest_route=\/wp\/v2\/posts"}],"about":[{"href":"https:\/\/diariodominicano.com\/index.php?rest_route=\/wp\/v2\/types\/post"}],"author":[{"embeddable":true,"href":"https:\/\/diariodominicano.com\/index.php?rest_route=\/wp\/v2\/users\/3"}],"replies":[{"embeddable":true,"href":"https:\/\/diariodominicano.com\/index.php?rest_route=%2Fwp%2Fv2%2Fcomments&post=65920"}],"version-history":[{"count":0,"href":"https:\/\/diariodominicano.com\/index.php?rest_route=\/wp\/v2\/posts\/65920\/revisions"}],"wp:attachment":[{"href":"https:\/\/diariodominicano.com\/index.php?rest_route=%2Fwp%2Fv2%2Fmedia&parent=65920"}],"wp:term":[{"taxonomy":"category","embeddable":true,"href":"https:\/\/diariodominicano.com\/index.php?rest_route=%2Fwp%2Fv2%2Fcategories&post=65920"},{"taxonomy":"post_tag","embeddable":true,"href":"https:\/\/diariodominicano.com\/index.php?rest_route=%2Fwp%2Fv2%2Ftags&post=65920"}],"curies":[{"name":"wp","href":"https:\/\/api.w.org\/{rel}","templated":true}]}}