{"id":65919,"date":"2012-04-13T13:04:16","date_gmt":"2012-04-13T13:04:16","guid":{"rendered":"http:\/\/diariodominicano.ddns.net\/?p=65919"},"modified":"2012-04-13T13:04:16","modified_gmt":"2012-04-13T13:04:16","slug":"inicia-en-cuba-primer-encuentro-nacional-de-motos-harley-davidson","status":"publish","type":"post","link":"https:\/\/diariodominicano.com\/?p=65919","title":{"rendered":"Inicia en Cuba primer encuentro nacional de motos Harley-Davidson"},"content":{"rendered":"<p><body><\/p>\n<p><img decoding=\"async\" src=\"img3\/club harley.jpg\" \/>  <\/p>\n<p>La Habana, 13 abr (PL), 8:57 am.-  La I Concentraci\u00f3n Nacional de motos Harley-Davidson comenzar\u00e1 hoy en el balneario cubano de Varadero, donde los llamados harlistas de todo el pa\u00eds expondr\u00e1n sus ejemplares de m\u00e1s de 60 a\u00f1os.<\/p>\n<\/p>\n<p>En entrevista con Prensa Latina, el coordinador del evento, Max Cucchi, explic\u00f3 que los asistentes partir\u00e1n desde La Habana y el oriente del pa\u00eds de forma simult\u00e1nea, y se reunir\u00e1n en el parque de Varadero, occidental provincia de Matanzas, donde transcurrir\u00e1 la cita de tres d\u00edas.<\/p>\n<\/p>\n<p>La iniciativa surge con el prop\u00f3sito de unificar a los amantes de estas motos reliquias rodantes en el pa\u00eds caribe\u00f1o, as\u00ed como promover el cuidado, la conservaci\u00f3n y el conocimiento sobre estas m\u00e1quinas, consideradas un patrimonio, subray\u00f3.<\/p>\n<\/p>\n<p>Esta es la primera edici\u00f3n del encuentro, aunque pretendemos hacerlo anualmente y promoverlo como una cita de car\u00e1cter mundial, afirm\u00f3.<\/p>\n<\/p>\n<p>Durante la concentraci\u00f3n se realizar\u00e1n competencias diversas, exhibiciones, un rally de motos y varias premiaciones.<\/p>\n<\/p>\n<p>Seg\u00fan Cucchi, casi todas las Harley-Davidson que circulan en el pa\u00eds llegaron antes de la d\u00e9cada del 60, pues el bloqueo estadounidense contra la isla fren\u00f3 la importaci\u00f3n de esos veh\u00edculos y sus piezas.<\/p>\n<\/p>\n<p>Estimaciones de la comunidad cubana de harlistas dan cuenta de que en Cuba hay registrados unos 300 motores de esa marca.<\/p>\n<\/p>\n<p>Seg\u00fan aparece registrada en la Oficina de la Aduana de la Rep\u00fablica, la llegada de la primera Harley-Davidson a la isla ocurri\u00f3 hace m\u00e1s de un siglo.<\/p>\n<\/p>\n<p>La conocida marca de motos, patentada en 1903, la crearon unos hermanos en un peque\u00f1o garage de Milwaukee, Estados Unidos <\/p>\n<h6> 2012-04-13 13:04:16 <\/h6>\n<p><!--\n<link rel=\"stylesheet\" href=\"css\/bootstrap.min.css\">\n\n\n<ul class=\"pagination\">\n\t    \n\t\n\n<li >\n\t<a href='?page_no=17596'>Previous<\/a>\n\t<\/li>\n\n\n       \n    \n\n<li><a href='?page_no=1'>1<\/a><\/li>\n\n\n\n<li><a href='?page_no=2'>2<\/a><\/li>\n\n\n\n<li><a>...<\/a><\/li>\n\n\n\n<li><a href='?page_no=17595'>17595<\/a><\/li>\n\n\n\n<li><a href='?page_no=17596'>17596<\/a><\/li>\n\n\n\n<li class='active'><a>17597<\/a><\/li>\n\n\n\n<li><a href='?page_no=17598'>17598<\/a><\/li>\n\n\n\n<li><a href='?page_no=17599'>17599<\/a><\/li>\n\n\n\n<li><a>...<\/a><\/li>\n\n\n\n<li><a href='?page_no=22911'>22911<\/a><\/li>\n\n\n\n<li><a href='?page_no=22912'>22912<\/a><\/li>\n\n    \n\t\n\n<li >\n\t<a href='?page_no=17598'>Next<\/a>\n\t<\/li>\n\n\n    \n\n<li><a href='?page_no=22912'>Last &rsaquo;&rsaquo;<\/a><\/li>\n\n<\/ul>\n\n\n--><br \/>\n<\/body><\/p>\n","protected":false},"excerpt":{"rendered":"<p>La Habana, 13 abr (PL), 8:57 am.- La I Concentraci\u00f3n Nacional de motos Harley-Davidson comenzar\u00e1 hoy en el balneario cubano de Varadero, donde los llamados harlistas de todo el pa\u00eds expondr\u00e1n sus ejemplares de m\u00e1s de 60 a\u00f1os. En entrevista con Prensa Latina, el coordinador del evento, Max Cucchi, explic\u00f3 que los asistentes partir\u00e1n desde [&hellip;]<\/p>\n","protected":false},"author":3,"featured_media":0,"comment_status":"open","ping_status":"open","sticky":false,"template":"","format":"standard","meta":{"footnotes":""},"categories":[21],"tags":[],"class_list":["post-65919","post","type-post","status-publish","format-standard","hentry","category-cultura"],"_links":{"self":[{"href":"https:\/\/diariodominicano.com\/index.php?rest_route=\/wp\/v2\/posts\/65919","targetHints":{"allow":["GET"]}}],"collection":[{"href":"https:\/\/diariodominicano.com\/index.php?rest_route=\/wp\/v2\/posts"}],"about":[{"href":"https:\/\/diariodominicano.com\/index.php?rest_route=\/wp\/v2\/types\/post"}],"author":[{"embeddable":true,"href":"https:\/\/diariodominicano.com\/index.php?rest_route=\/wp\/v2\/users\/3"}],"replies":[{"embeddable":true,"href":"https:\/\/diariodominicano.com\/index.php?rest_route=%2Fwp%2Fv2%2Fcomments&post=65919"}],"version-history":[{"count":0,"href":"https:\/\/diariodominicano.com\/index.php?rest_route=\/wp\/v2\/posts\/65919\/revisions"}],"wp:attachment":[{"href":"https:\/\/diariodominicano.com\/index.php?rest_route=%2Fwp%2Fv2%2Fmedia&parent=65919"}],"wp:term":[{"taxonomy":"category","embeddable":true,"href":"https:\/\/diariodominicano.com\/index.php?rest_route=%2Fwp%2Fv2%2Fcategories&post=65919"},{"taxonomy":"post_tag","embeddable":true,"href":"https:\/\/diariodominicano.com\/index.php?rest_route=%2Fwp%2Fv2%2Ftags&post=65919"}],"curies":[{"name":"wp","href":"https:\/\/api.w.org\/{rel}","templated":true}]}}