{"id":65917,"date":"2012-04-13T18:45:46","date_gmt":"2012-04-13T18:45:46","guid":{"rendered":"http:\/\/diariodominicano.ddns.net\/?p=65917"},"modified":"2012-04-13T18:45:46","modified_gmt":"2012-04-13T18:45:46","slug":"cultura-anuncia-la-participacion-de-45-expositores-en-xv-feria-internacional-del-libro","status":"publish","type":"post","link":"https:\/\/diariodominicano.com\/?p=65917","title":{"rendered":"&#13;&#13;Cultura anuncia la participaci\u00f3n de 45 expositores en XV Feria Internacional del Libro"},"content":{"rendered":"<p><body><\/p>\n<p><img decoding=\"async\" src=\"img3\/jose-alcantara-almanzar.jpg\" \/><br \/><img decoding=\"async\" src=\"img3\/armando almanzarro.jpg\" \/><br \/><img decoding=\"async\" src=\"img3\/FERIA LIBRO RD.jpg\" \/>  <\/p>\n<p><span class=\"text1noticias\">02:50 PM SANTO DOMINGO, RD, 13 Abr 2012.-Ministerio de Cultura (MINC) anuncia la participaci\u00f3n de 45 expositores nacionales y extranjeros que debatir\u00e1n diversos temas literarios contenidos dentro del  programa \u00abCiclo de Coloquios\u00bb de la  XV Feria Internacional del Libro, Santo Domingo 2012.<\/span><\/p>\n<\/p>\n<p><span class=\"text1noticias\">Entre los expositores intervendr\u00e1n narradores, poetas, ensayistas, comunicadores, cr\u00edticos de cine, cr\u00edticos de arte y escritores de Centroam\u00e9rica, regi\u00f3n que figura como Invitada de Honor del m\u00e1ximo evento de la cultura nacional. Tendr\u00e1 lugar en la Plaza de la Cultura Juan Pablo Duarte, del 18 de abril al 5 de mayo, en conmemoraci\u00f3n a su 15\u00ba aniversario.<\/span><\/p>\n<\/p>\n<p><span class=\"text1noticias\">El programa se desarrollar\u00e1 en el Bar Juan Lockward, del Teatro Nacional Eduardo Brito, a partir de las 6:00 de la tarde, bajo la coordinaci\u00f3n de la escritora Eleanor Grimaldi Sili\u00e9, Directora General del Libro y la Lectura.<\/span><\/p>\n<\/p>\n<p><span class=\"text1noticias\">Desde la fundaci\u00f3n de la feria, en el a\u00f1o 1997, los coloquios constituyen el centro intelectual de esta fiesta de la cultura, los cuales, debido a la importancia de los temas tratados, son recopilados en libros para fines de publicaci\u00f3n. <\/span><\/p>\n<\/p>\n<p><span class=\"text1noticias\">El viernes 20 de abril, iniciar\u00e1 con el tema \u00abEnriquillo S\u00e1nchez: vida y obra\u00bb, a cargo de los expositores Martha Rivera, Miguel Collado, y Federico J\u00f3vine Berm\u00fadez. Basilio Belliard, Director de Gesti\u00f3n Literaria del MINC, fungir\u00e1 como  moderador.<\/span><\/p>\n<\/p>\n<p><span class=\"text1noticias\">Continuar\u00e1 con \u00abMar\u00eda Montez: a cien a\u00f1os de su nacimiento\u00bb, pautado para el s\u00e1bado 21 de abril, a cargo de los expositores Margarita Vicens de Morales, Armando Alm\u00e1nzar, Marlon Soto y Jos\u00e9 D?Laura, mientras que Tita  Hasb\u00fan, conductora de televisi\u00f3n, intervendr\u00e1 a t\u00edtulo de moderadora.<\/span><\/p>\n<\/p>\n<p><span class=\"text1noticias\">\u00abEugenio Fern\u00e1ndez Granell: sus aportes al arte y la literatura dominicana\u00bb, se desarrollar\u00e1 el lunes 23, a cargo de los expositores Laura Gil, Marianne de Tolentino, Efra\u00edm Castillo y Manuel N\u00fa\u00f1ez. Amable L\u00f3pez Mel\u00e9ndez ser\u00e1 el moderador.<\/span><\/p>\n<\/p>\n<p><span class=\"text1noticias\">Para el mi\u00e9rcoles 25 de abril, el programa contempla el tema \u00abH\u00e9ctor Inch\u00e1ustegui Cabral: vida, obra y contribuciones a la literatura dominicana\u00bb, a cargo de los expositores Federico Henr\u00edquez Gratereaux, Jos\u00e9 Alc\u00e1ntara Alm\u00e1nzar, Rafael Gonz\u00e1lez Tirado y Ram\u00f3n Emilio Reyes. Ismael D\u00edaz Melo participar\u00e1 como moderador.<\/span><\/p>\n<\/p>\n<p><span class=\"text1noticias\">El viernes 27 de abril, se tratar\u00e1 el tema \u00abMiguel \u00c1ngel Asturias, Ernesto Cardenal y Roque Dalton: tres s\u00edmbolos de la literatura centroamericana\u00bb, a cargo de los expositores Andr\u00e9s L. Mateo, Di\u00f3genes Valdez, Tom\u00e1s Castro y Juan Jos\u00e9 Dalton (El Salvador). Como moderador, el Viceministro de la Regional Norte,  Enegildo Pe\u00f1a.<\/span><\/p>\n<\/p>\n<p><span class=\"text1noticias\">El coloquio del s\u00e1bado 28 de abril versar\u00e1 sobre el tema \u00abRub\u00e9n Dar\u00edo y las vanguardias literarias dominicanas del siglo XX\u00bb, a cargo de los expositores Bruno Rosario Candelier, Pedro Jos\u00e9 Gris, Jos\u00e9 Enrique Garc\u00eda, Pedro Pablo Fern\u00e1ndez y Alfonso Qui\u00f1ones. Como moderador el poeta  Mateo Morrison.<\/span><\/p>\n<\/p>\n<p><span class=\"text1noticias\">El lunes 30 de abril, \u00abLa narrativa centroamericana del siglo XX. Balance y perspectivas\u00bb, a cargo de M\u00e1ximo Vega, Alejandro Aguilar, Rafael Garc\u00eda Romero y V\u00edctor Hugo Majus, de Guatemala. Nan Chevalier ser\u00e1 el moderador.<\/span><\/p>\n<\/p>\n<p><span class=\"text1noticias\">El mi\u00e9rcoles 2 de mayo, se abordar\u00e1 el tema \u00abLa poes\u00eda centroamericana del siglo XX y las tendencias actuales\u00bb, a cargo de Jos\u00e9 Bobadilla, Roxana \u00c1vila y Armando Rivera, de Guatemala. Juan Freddy Armando fungir\u00e1 como moderador.<\/span><\/p>\n<\/p>\n<p><span class=\"text1noticias\">El programa cerrar\u00e1 con broche de oro, el s\u00e1bado 5 de mayo, con el desarrollo del coloquio titulado \u00abLa tragedia de Palma Sola: causas y consecuencias\u00bb, a cargo de los expositores Lusitania Mart\u00ednez, Martha Ellen Davis, Santiago Estrella Veloz, P. Julio Acosta y Sobiesky de Le\u00f3n. Carmen Imbert Brugal concurrir\u00e1 como moderadora.<\/span><\/p>\n<\/p>\n<p><strong><em><u><span class=\"text1noticias\">CG.<\/span><\/u><\/em><\/strong><\/p>\n<\/p>\n<\/p>\n<\/p>\n<\/p>\n<h6> 2012-04-13 18:45:46 <\/h6>\n<p><!--\n<link rel=\"stylesheet\" href=\"css\/bootstrap.min.css\">\n\n\n<ul class=\"pagination\">\n\t    \n\t\n\n<li >\n\t<a href='?page_no=17594'>Previous<\/a>\n\t<\/li>\n\n\n       \n    \n\n<li><a href='?page_no=1'>1<\/a><\/li>\n\n\n\n<li><a href='?page_no=2'>2<\/a><\/li>\n\n\n\n<li><a>...<\/a><\/li>\n\n\n\n<li><a href='?page_no=17593'>17593<\/a><\/li>\n\n\n\n<li><a href='?page_no=17594'>17594<\/a><\/li>\n\n\n\n<li class='active'><a>17595<\/a><\/li>\n\n\n\n<li><a href='?page_no=17596'>17596<\/a><\/li>\n\n\n\n<li><a href='?page_no=17597'>17597<\/a><\/li>\n\n\n\n<li><a>...<\/a><\/li>\n\n\n\n<li><a href='?page_no=22911'>22911<\/a><\/li>\n\n\n\n<li><a href='?page_no=22912'>22912<\/a><\/li>\n\n    \n\t\n\n<li >\n\t<a href='?page_no=17596'>Next<\/a>\n\t<\/li>\n\n\n    \n\n<li><a href='?page_no=22912'>Last &rsaquo;&rsaquo;<\/a><\/li>\n\n<\/ul>\n\n\n--><br \/>\n<\/body><\/p>\n","protected":false},"excerpt":{"rendered":"<p>02:50 PM SANTO DOMINGO, RD, 13 Abr 2012.-Ministerio de Cultura (MINC) anuncia la participaci\u00f3n de 45 expositores nacionales y extranjeros que debatir\u00e1n diversos temas literarios contenidos dentro del programa \u00abCiclo de Coloquios\u00bb de la XV Feria Internacional del Libro, Santo Domingo 2012. Entre los expositores intervendr\u00e1n narradores, poetas, ensayistas, comunicadores, cr\u00edticos de cine, cr\u00edticos de [&hellip;]<\/p>\n","protected":false},"author":3,"featured_media":0,"comment_status":"open","ping_status":"open","sticky":false,"template":"","format":"standard","meta":{"footnotes":""},"categories":[21],"tags":[],"class_list":["post-65917","post","type-post","status-publish","format-standard","hentry","category-cultura"],"_links":{"self":[{"href":"https:\/\/diariodominicano.com\/index.php?rest_route=\/wp\/v2\/posts\/65917","targetHints":{"allow":["GET"]}}],"collection":[{"href":"https:\/\/diariodominicano.com\/index.php?rest_route=\/wp\/v2\/posts"}],"about":[{"href":"https:\/\/diariodominicano.com\/index.php?rest_route=\/wp\/v2\/types\/post"}],"author":[{"embeddable":true,"href":"https:\/\/diariodominicano.com\/index.php?rest_route=\/wp\/v2\/users\/3"}],"replies":[{"embeddable":true,"href":"https:\/\/diariodominicano.com\/index.php?rest_route=%2Fwp%2Fv2%2Fcomments&post=65917"}],"version-history":[{"count":0,"href":"https:\/\/diariodominicano.com\/index.php?rest_route=\/wp\/v2\/posts\/65917\/revisions"}],"wp:attachment":[{"href":"https:\/\/diariodominicano.com\/index.php?rest_route=%2Fwp%2Fv2%2Fmedia&parent=65917"}],"wp:term":[{"taxonomy":"category","embeddable":true,"href":"https:\/\/diariodominicano.com\/index.php?rest_route=%2Fwp%2Fv2%2Fcategories&post=65917"},{"taxonomy":"post_tag","embeddable":true,"href":"https:\/\/diariodominicano.com\/index.php?rest_route=%2Fwp%2Fv2%2Ftags&post=65917"}],"curies":[{"name":"wp","href":"https:\/\/api.w.org\/{rel}","templated":true}]}}