{"id":65914,"date":"2012-04-14T19:52:14","date_gmt":"2012-04-14T19:52:14","guid":{"rendered":"http:\/\/diariodominicano.ddns.net\/?p=65914"},"modified":"2012-04-14T19:52:14","modified_gmt":"2012-04-14T19:52:14","slug":"gran-programa-de-espectaculos-cerrara-cada-dia-la-feria-del-libro","status":"publish","type":"post","link":"https:\/\/diariodominicano.com\/?p=65914","title":{"rendered":"Gran programa de espect\u00e1culos cerrar\u00e1 cada d\u00eda la Feria del Libro&#13;"},"content":{"rendered":"<p><body><\/p>\n<p><img decoding=\"async\" src=\"img3\/sinfonica.JPG\" \/>  <\/p>\n<p><span class=\"text1noticias\">Danza cl\u00e1sica, moderna y folkl\u00f3rica, m\u00fasica cl\u00e1sica y popular, teatro, Jazz, teatro musical, grandes int\u00e9rpretes dominicanos en Estados Unidos y de Centroam\u00e9rica, m\u00fasica t\u00edpica, j\u00f3venes talentos, bachata, Pop, rock y orquestas populares.<\/span><\/p>\n<\/p>\n<p><span class=\"text1noticias\">Rep:Dom. 14 de Abril 03:50 P.M.-La oferta de espect\u00e1culos de este a\u00f1o de la XV Feria Internacional del Libro es, singularmente, atractiva.<\/span><\/p>\n<\/p>\n<p><span class=\"text1noticias\">Se trata del m\u00e1s amplio y variado programa de espect\u00e1culos que se ofrece anualmente en el pa\u00eds, cubriendo pr\u00e1cticamente todos las expresiones del arte cl\u00e1sico y popular, en escenario abierto y absolutamente gratis.<\/span><\/p>\n<\/p>\n<p><span class=\"text1noticias\">Los espect\u00e1culos se ofrecer\u00e1n diariamente en el Teatro-Arena Nereyda Rodr\u00edguez y en la Sala Carlos Piantini del Teatro Nacional. Adem\u00e1s, se oferta un novedoso programa art\u00edstico en el Caf\u00e9 Bohemio.<\/span><\/p>\n<p><span class=\"text1noticias\">TEATRO-ARENA \u00abNEREYDA RODRIGUEZ\u00bb<\/span><\/p>\n<\/p>\n<p><span class=\"text1noticias\">La Orquesta Sinf\u00f3nica Nacional, bajo la direcci\u00f3n del Maestro Jos\u00e9 Antonio Molina, ofrecer\u00e1 el gran concierto inaugural de la FIL, el jueves 19, a las 8 de la noche. Previamente, a las 6, actuar\u00e1 la Camerata de la Escuela Elemental de M\u00fasica Elila Mena.<\/span><\/p>\n<\/p>\n<p><span class=\"text1noticias\">El viernes 20, a las 6:30 de la tarde,  el Coro Nacional, dirigido por el profesor Sim\u00f3n Caesar, se presentar\u00e1 en concierto, y a las 9 de la noche el popular vocalista Wason Brazob\u00e1n cerrar\u00e1 la noche en este espacio.<\/span><\/p>\n<\/p>\n<p><span class=\"text1noticias\">El Festival de Danza Joven, que dirige Edmundo Poy, se realizar\u00e1 el s\u00e1bado 21 y el domingo 22, de 6 a 10 de la noche. <\/span><\/p>\n<\/p>\n<p><span class=\"text1noticias\">El renombrado saxofonista Sandy Gabriel y su Pop Jazz Ensamble, act\u00faa el lunes 23, seguido que Kinito M\u00e9ndez y su Orquesta.<\/span><\/p>\n<\/p>\n<p><span class=\"text1noticias\">El martes 24, la cartelera de la Feria del Libro oferta el espect\u00e1culo \u00abBocetos\u00bb, una puesta en escena de diferentes disciplinas art\u00edsticas de la provincia de Azua. La noche concluir\u00e1 con el espect\u00e1culo \u00abTambores para la Reina\u00bb, un homenaje a la fenecida maestra Nereyda Rodr\u00edguez, con el Teatro Popular Danzante.<\/span><\/p>\n<\/p>\n<p><span class=\"text1noticias\">La noche del mi\u00e9rcoles 25 es el concierto \u00abDR-Canta\u00bb, con la presentaci\u00f3n del afamado cantautor nicarag\u00fcense Luis E. Mejia Godoy, musicalizador de la poes\u00eda de Ruben Dar\u00edo, Ernesto Cardenal y Jos\u00e9 Coronel Urtecho, entre otros. El cantautor V\u00edctor V\u00edctor ser\u00e1 el anfitri\u00f3n dominicano de este gran concierto.<\/span><\/p>\n<\/p>\n<p><span class=\"text1noticias\">\u00abCargamento\u00bb, propuesta del Proyecto de Danza Contempor\u00e1nea del Ballet Nacional, se presenta el jueves 26, seguido por Rafaelito Mirabal y su orquesta Sistema Temperado.<\/span><\/p>\n<\/p>\n<p><span class=\"text1noticias\">El viernes 27 es \u00abNoche de j\u00f3venes talentos\u00bb, con un  original espect\u00e1culo de exponentes de la cultura danzaria del Hip Hop, teniendo como base las d\u00e9cimas de Juan Antonio Alix. Esa misma noche ser\u00e1 la presentaci\u00f3n del joven int\u00e9rprete de bachata, K-Milo.<\/span><\/p>\n<\/p>\n<p><span class=\"text1noticias\">El Ballet Folkl\u00f3rico de Santiago presenta su espect\u00e1culo \u00abRitos y Danzas de mi tierra\u00bb el s\u00e1bado 28, para continuar con el Ensamble Folkl\u00f3rico de Costa Rica, \u00abLa Malacrianza\u00bb.<\/span><\/p>\n<\/p>\n<p><span class=\"text1noticias\">Danza-Fusion, de Corea, es la propuesta art\u00edstica con que se abre el programa de espect\u00e1culos de la Feria del Libro el domingo 29, continuando luego con la presentaci\u00f3n de la Orquesta Dominicana de Vientos, y concluyendo con el concierto de Rando Camasta hijo.<\/span><\/p>\n<\/p>\n<p><span class=\"text1noticias\">El lunes 30, de 10 de la ma\u00f1ana a 2 de la tarde, la Pastoral Juvenil presenta \u00abNavegando con Jes\u00fas\u00bb, y en la noche ser\u00e1n los conciertos del grupo Aura, con los singulares talentos j\u00f3venes del teatro musical Manny Cruz, Javier Gull\u00f3n y Jos\u00e9 Julio S\u00e1nchez, para concluir con el concierto de Pavel N\u00fa\u00f1ez.<\/span><\/p>\n<\/p>\n<p><span class=\"text1noticias\">El Ballet Folkl\u00f3rico Nacional se presentar\u00e1 el martes 1 de mayo, seguido por el concierto de la popular banda rom\u00e1ntica de rock, Tribu del Sol.<\/span><\/p>\n<\/p>\n<p><span class=\"text1noticias\">El mi\u00e9rcoles 2 de mayo se presenta el espect\u00e1culo de danza \u00abDominicanos, mitos, legados y tradiciones\u00bb, de Academia-Ballet Concierto de Carlos Veit\u00eda, y concluye la noche con el concierto de la reconocida banda pop rock Aljadaqui.<\/span><\/p>\n<\/p>\n<p><span class=\"text1noticias\">La soprano Pura Tyson y su grupo coral se presentan el jueves 3, para concluir con el espect\u00e1culo \u00abPop\u00bb del Ballet Nacional, con las canciones de Los Beatles y Juan Luis Guerra, dirigido por Marinella Sallent, con coreograf\u00edas de Isadora Bruno y Carlos Veit\u00eda.<\/span><\/p>\n<\/p>\n<p><span class=\"text1noticias\">La Escuela Nacional de Danza (ENDANZA), bajo la direcci\u00f3n de Ninoska Vel\u00e1squez, se presentar\u00e1 el viernes 4 mostrando los grandes avances obtenidos por la principal academia danzar\u00eda del pa\u00eds. Luego de esta presentaci\u00f3n, sube al escenario el espect\u00e1culo musical urbano \u00abLet?s go\u00bb, del Centro de Danza N\u00facleo Extremo, dirigido por Jonathan Castillo y Laribel Olivo, con 120 artistas en escena.<\/span><\/p>\n<\/p>\n<p><span class=\"text1noticias\">El s\u00e1bado 5 es la noche de \u00abVoces de Ultramar\u00bb con los conciertos de dos extraordinarias int\u00e9rpretes de la di\u00e1spora dominicana en Estados Unidos: Cynthia la Cruz, nueva revelaci\u00f3n de la m\u00fasica latina, nacida en el Bronx y criada en Washington Heigths, hija de padres dominicanos. Y Karina Pasi\u00e1n, cantante y pianista, nominada a los Premios Grammy por su \u00e9xito \u00abFirst Love\u00bb. Pasi\u00e1n fue la primera artista de ascendencia dominicana en cantar en la Casa Blanca en la celebraci\u00f3n del \u00abBlack Music Month\u00bb.<\/span><\/p>\n<\/p>\n<p><span class=\"text1noticias\">Finalmente, el domingo 6, clausura de la FIL, se cierra el programa de espect\u00e1culos con el concierto de Los Hermanos Rosario.<\/span><\/p>\n<\/p>\n<p><span class=\"text1noticias\">TEATRO NACIONAL EDUARDO BRITO<\/span><\/p>\n<\/p>\n<p><span class=\"text1noticias\">El s\u00e1bado 21,a las 7:30 de la noche, se presenta la obra teatral \u00abSecuestro de Amor\u00bb, dirigida por Husmel Diaz, en la Sala Ravelo, con los auspicios del Ministerio de Educacion.<\/span><\/p>\n<\/p>\n<p><span class=\"text1noticias\">El domingo 22, a las 7 de la noche, se presentar\u00e1 el Festival \u00abMi voz para Cristo\u00bb, de la Pastoral Juvenil, en la Sala Carlos Piantini.<\/span><\/p>\n<\/p>\n<p><span class=\"text1noticias\">El martes 24, a las 11 de la ma\u00f1ana, y a las 7:30 de la noche, se presenta el espect\u00e1culo musical \u00abTierra\u00bb  del Teatro Efusi\u00f3n, en la Sala Carlos Piantini. Auspicia el Banco Popular.<\/span><\/p>\n<\/p>\n<p><span class=\"text1noticias\">El viernes 27, a las 7:30 de la noche, en la Sala Carlos Piantini, ser\u00e1 el gran espect\u00e1culo musical de la campana \u00abConvivir con to?&#8230;es vivir con tolerancia\u00bb, dirigido por Ania Paz, y que reunir\u00e1 en el escenario a m\u00fasicos, cantantes, bailarines y artistas pl\u00e1sticos que son emigrantes en nuestro pa\u00eds. Auspicia ACNUR de Naciones Unidas.<\/span><\/p>\n<\/p>\n<p><span class=\"text1noticias\">El martes 1 de mayo, a las 7:30 de la noche, ser\u00e1 el gran espect\u00e1culo \u00abConcher\u00eda\u00bb de la Compa\u00f1\u00eda Nacional de Danza de Costa Rica. Se considera el espect\u00e1culo cumbre de Centroam\u00e9rica en la Feria del Libro. En la Sala Carlos Piantini.<\/span><\/p>\n<\/p>\n<p><span class=\"text1noticias\">En esa misma sala, el mi\u00e9rcoles 2,  a las 10 de la ma\u00f1ana, se presenta la obra teatral \u00abDon Bosco, el ap\u00f3stol de la juventud\u00bb, dirigida por Juan Mar\u00eda Almonte y el respaldo de la Pastoral Juvenil. La obra se repone el jueves 3, a la misma hora, y el viernes 4, a las 10 de la ma\u00f1ana y a las 8 de la noche.<\/span><\/p>\n<\/p>\n<p><span class=\"text1noticias\">El lanzamiento del nuevo agrupamiento musical del Ministerio de Cultura, la Camerata Mirabal, se realizar\u00e1 el s\u00e1bado 5, a las 7 de la noche. El grupo, totalmente femenino, lo conducir\u00e1 el maestro Caonex Peguero-Camilo, rindiendo con su nombre homenaje a las Hermanas Mirabal. El evento ser\u00e1 en la Sala Carlos Piantini.<\/span><\/p>\n<\/p>\n<p><span class=\"text1noticias\">CAF\u00c9 BOHEMIO<\/span><\/p>\n<\/p>\n<p><span class=\"text1noticias\">En este espacio, se ofrecer\u00e1n tambi\u00e9n varias atracciones art\u00edsticas. <\/span><\/p>\n<\/p>\n<p><span class=\"text1noticias\">Audrey Campos se presentara el jueves 19; Claudio Coh\u00e9n, el viernes 20; Samuel Gonz\u00e1lez, el s\u00e1bado 21; y el maestro Dar\u00edo Estrella y su grupo, el domingo 22.<\/span><\/p>\n<\/p>\n<p><span class=\"text1noticias\">El grupo Los Panas actuar\u00e1 aqu\u00ed el lunes 23; la banda La \u00d3rbita de Galileo, el martes 24; el grupo Los Bardos, de son y boleros, el mi\u00e9rcoles 25; y Maggie Rodr\u00edguez, el jueves 26. Como atracci\u00f3n especial se presentan el 25, 26 y 29, el colectivo musical Garifuna, de Belice, The Heart of Belize (El coraz\u00f3n de Belice).<\/span><\/p>\n<\/p>\n<p><span class=\"text1noticias\">Henya Tejada act\u00faa el viernes 27; la vocalista Marianne Taveras, el s\u00e1bado 28; el grupo Adagio, y Santy Rodr\u00edguez y sus amigos, el domingo 29; y Las Divas del Jazz, con Sabrina Estepan, el lunes 30.<\/span><\/p>\n<\/p>\n<p><span class=\"text1noticias\">Claudio Coh\u00e9n repite el martes 1 de mayo; Carlos Luis estar\u00e1 el mi\u00e9rcoles 2; Pin Bencosme rinde tributo a Silvio Rodr\u00edguez el jueves 3; Karen Rodr\u00edguez y sus poes\u00edas cantadas estar\u00e1n el viernes 4.<\/span><\/p>\n<\/p>\n<p><span class=\"text1noticias\">(Los espect\u00e1culos en el Teatro-Arena Nereyda Rodr\u00edguez, con un par de excepciones, se realizar\u00e1n a las 6:30 \u00f3 7 de la tarde, y a las 8 \u00fa 8:30 de la noche, con la excepci\u00f3n del Festival de Danza Joven).(HG)<\/span>.<\/p>\n<\/p>\n<h6> 2012-04-14 19:52:14 <\/h6>\n<p><!--\n<link rel=\"stylesheet\" href=\"css\/bootstrap.min.css\">\n\n\n<ul class=\"pagination\">\n\t    \n\t\n\n<li >\n\t<a href='?page_no=17591'>Previous<\/a>\n\t<\/li>\n\n\n       \n    \n\n<li><a href='?page_no=1'>1<\/a><\/li>\n\n\n\n<li><a href='?page_no=2'>2<\/a><\/li>\n\n\n\n<li><a>...<\/a><\/li>\n\n\n\n<li><a href='?page_no=17590'>17590<\/a><\/li>\n\n\n\n<li><a href='?page_no=17591'>17591<\/a><\/li>\n\n\n\n<li class='active'><a>17592<\/a><\/li>\n\n\n\n<li><a href='?page_no=17593'>17593<\/a><\/li>\n\n\n\n<li><a href='?page_no=17594'>17594<\/a><\/li>\n\n\n\n<li><a>...<\/a><\/li>\n\n\n\n<li><a href='?page_no=22911'>22911<\/a><\/li>\n\n\n\n<li><a href='?page_no=22912'>22912<\/a><\/li>\n\n    \n\t\n\n<li >\n\t<a href='?page_no=17593'>Next<\/a>\n\t<\/li>\n\n\n    \n\n<li><a href='?page_no=22912'>Last &rsaquo;&rsaquo;<\/a><\/li>\n\n<\/ul>\n\n\n--><br \/>\n<\/body><\/p>\n","protected":false},"excerpt":{"rendered":"<p>Danza cl\u00e1sica, moderna y folkl\u00f3rica, m\u00fasica cl\u00e1sica y popular, teatro, Jazz, teatro musical, grandes int\u00e9rpretes dominicanos en Estados Unidos y de Centroam\u00e9rica, m\u00fasica t\u00edpica, j\u00f3venes talentos, bachata, Pop, rock y orquestas populares. Rep:Dom. 14 de Abril 03:50 P.M.-La oferta de espect\u00e1culos de este a\u00f1o de la XV Feria Internacional del Libro es, singularmente, atractiva. Se [&hellip;]<\/p>\n","protected":false},"author":3,"featured_media":0,"comment_status":"open","ping_status":"open","sticky":false,"template":"","format":"standard","meta":{"footnotes":""},"categories":[21],"tags":[],"class_list":["post-65914","post","type-post","status-publish","format-standard","hentry","category-cultura"],"_links":{"self":[{"href":"https:\/\/diariodominicano.com\/index.php?rest_route=\/wp\/v2\/posts\/65914","targetHints":{"allow":["GET"]}}],"collection":[{"href":"https:\/\/diariodominicano.com\/index.php?rest_route=\/wp\/v2\/posts"}],"about":[{"href":"https:\/\/diariodominicano.com\/index.php?rest_route=\/wp\/v2\/types\/post"}],"author":[{"embeddable":true,"href":"https:\/\/diariodominicano.com\/index.php?rest_route=\/wp\/v2\/users\/3"}],"replies":[{"embeddable":true,"href":"https:\/\/diariodominicano.com\/index.php?rest_route=%2Fwp%2Fv2%2Fcomments&post=65914"}],"version-history":[{"count":0,"href":"https:\/\/diariodominicano.com\/index.php?rest_route=\/wp\/v2\/posts\/65914\/revisions"}],"wp:attachment":[{"href":"https:\/\/diariodominicano.com\/index.php?rest_route=%2Fwp%2Fv2%2Fmedia&parent=65914"}],"wp:term":[{"taxonomy":"category","embeddable":true,"href":"https:\/\/diariodominicano.com\/index.php?rest_route=%2Fwp%2Fv2%2Fcategories&post=65914"},{"taxonomy":"post_tag","embeddable":true,"href":"https:\/\/diariodominicano.com\/index.php?rest_route=%2Fwp%2Fv2%2Ftags&post=65914"}],"curies":[{"name":"wp","href":"https:\/\/api.w.org\/{rel}","templated":true}]}}