{"id":659134,"date":"2026-01-08T01:50:01","date_gmt":"2026-01-08T05:50:01","guid":{"rendered":"https:\/\/diariodominicano.com\/?p=659134"},"modified":"2026-01-08T16:04:42","modified_gmt":"2026-01-08T20:04:42","slug":"ataque-estadounidense-contra-venezuela-deja-100-muertos-segun-ministerio-del-interior","status":"publish","type":"post","link":"https:\/\/diariodominicano.com\/?p=659134","title":{"rendered":"Ataque estadounidense contra Venezuela deja 100 muertos, seg\u00fan Ministerio del Interior"},"content":{"rendered":"\n<p><em>spanish.news.cn<\/em>|<em>&nbsp;2026-01-08 12:02:45<\/em>|<\/p>\n\n\n\n<p>CARACAS, 7 ene (Xinhua) &#8212; El ministro venezolano de Interior, Justicia y Paz, Diosdado Cabello, inform\u00f3 este mi\u00e9rcoles que el ataque militar perpetrado por Estados Unidos contra territorio venezolano dej\u00f3 un saldo de 100 personas fallecidas, entre civiles y militares, tras acciones que incluyeron el secuestro del presidente Nicol\u00e1s Maduro y de la primera dama, Cilia Flores.<\/p>\n\n\n\n<p>El tambi\u00e9n secretario general del gobernante Partido Socialista Unido de Venezuela (PSUV) rindi\u00f3 homenaje a quienes perdieron la vida en lo que calific\u00f3 como un \u00abataque ilegal\u00bb, y afirm\u00f3 que las v\u00edctimas \u00abofrendaron su vida en defensa de la patria\u00bb y en protecci\u00f3n de la institucionalidad venezolana.<\/p>\n\n\n\n<p>Advirti\u00f3 que, en contextos de agresi\u00f3n, la desinformaci\u00f3n suele ser uno de los primeros efectos colaterales, y alert\u00f3 sobre campa\u00f1as orientadas a distorsionar los hechos. En ese sentido, calific\u00f3 el ataque como \u00abb\u00e1rbaro y criminal\u00bb, y sostuvo que su impacto no podr\u00e1 ser ocultado ante la comunidad internacional.<\/p>\n\n\n\n<p>El dirigente pol\u00edtico asegur\u00f3 que Venezuela fue v\u00edctima de una agresi\u00f3n abierta y que, con el paso de los d\u00edas, \u00abel mundo lo est\u00e1 descubriendo de manera plena\u00bb, en referencia a las denuncias elevadas por el Estado venezolano.<\/p>\n\n\n\n<p>Al referirse al secuestro del jefe de Estado y de la primera dama, Cabello destac\u00f3 la entereza y la valent\u00eda de ambos. Se\u00f1al\u00f3 que Cilia Flores solicit\u00f3 ser detenida junto al presidente Maduro cuando se pretend\u00eda llevarlo solo, gesto que calific\u00f3 como una muestra de lealtad y compromiso personal.<\/p>\n\n\n\n<p>Asimismo, expres\u00f3 su respaldo absoluto a Delcy Rodr\u00edguez, quien asumi\u00f3 como presidenta encargada de la Rep\u00fablica ante la ausencia forzada del mandatario. Indic\u00f3 que dicho apoyo se extiende a amplios sectores del pa\u00eds, incluyendo fuerzas pol\u00edticas, empresariales y a la Fuerza Armada Nacional Bolivariana.<\/p>\n\n\n\n<p>Finalmente, reconoci\u00f3 la actitud del pueblo venezolano, al afirmar que se ha mantenido firme, en calma y con conciencia pol\u00edtica frente a los acontecimientos, y llam\u00f3 a acompa\u00f1ar a la presidenta encargada en sus esfuerzos por la normalizaci\u00f3n de la vida nacional.<\/p>\n\n\n\n<p><a href=\"https:\/\/www.facebook.com\/sharer\/sharer.php?u=https:\/\/spanish.xinhuanet.com\/20260108\/c84b7f42244543039125105b48102a37\/c.html\" target=\"_blank\" rel=\"noreferrer noopener\"><\/a>&nbsp;<a href=\"https:\/\/twitter.com\/intent\/tweet?text=Ataque%20estadounidense%20contra%20Venezuela%20deja%20100%20muertos,%20seg%C3%BAn%20Ministerio%20del%20Interior%20&amp;url=https:\/\/spanish.xinhuanet.com\/20260108\/c84b7f42244543039125105b48102a37\/c.html\" target=\"_blank\" rel=\"noreferrer noopener\"><\/a>&nbsp;<a target=\"_blank\" href=\"https:\/\/service.weibo.com\/share\/share.php?title=Ataque%20estadounidense%20contra%20Venezuela%20deja%20100%20muertos,%20seg%C3%BAn%20Ministerio%20del%20Interior%20&amp;url=https:\/\/spanish.xinhuanet.com\/20260108\/c84b7f42244543039125105b48102a37\/c.html\" rel=\"noreferrer noopener\"><\/a>&nbsp;<a><\/a><\/p>\n\n\n\n<figure class=\"wp-block-image\"><img decoding=\"async\" src=\"https:\/\/imgs.news.cn\/res\/xhwimg\/spanish\/20170522\/img\/jc-xfa.png\" alt=\"\"\/><\/figure>\n\n\n\n<figure class=\"wp-block-table\"><table class=\"has-fixed-layout\"><tbody><tr><td><\/td><\/tr><\/tbody><\/table><\/figure>\n","protected":false},"excerpt":{"rendered":"<p>spanish.news.cn|&nbsp;2026-01-08 12:02:45| CARACAS, 7 ene (Xinhua) &#8212; El ministro venezolano de Interior, Justicia y Paz, Diosdado Cabello, inform\u00f3 este mi\u00e9rcoles que el ataque militar perpetrado por Estados Unidos contra territorio venezolano dej\u00f3 un saldo de 100 personas fallecidas, entre civiles y militares, tras acciones que incluyeron el secuestro del presidente Nicol\u00e1s Maduro y de la [&hellip;]<\/p>\n","protected":false},"author":2,"featured_media":604894,"comment_status":"closed","ping_status":"closed","sticky":false,"template":"","format":"standard","meta":{"footnotes":""},"categories":[36,26,23,27],"tags":[1375],"class_list":["post-659134","post","type-post","status-publish","format-standard","has-post-thumbnail","hentry","category-hombresmujeresycosas","category-efemerides","category-internacional","category-portada","tag-venezuela"],"_links":{"self":[{"href":"https:\/\/diariodominicano.com\/index.php?rest_route=\/wp\/v2\/posts\/659134","targetHints":{"allow":["GET"]}}],"collection":[{"href":"https:\/\/diariodominicano.com\/index.php?rest_route=\/wp\/v2\/posts"}],"about":[{"href":"https:\/\/diariodominicano.com\/index.php?rest_route=\/wp\/v2\/types\/post"}],"author":[{"embeddable":true,"href":"https:\/\/diariodominicano.com\/index.php?rest_route=\/wp\/v2\/users\/2"}],"replies":[{"embeddable":true,"href":"https:\/\/diariodominicano.com\/index.php?rest_route=%2Fwp%2Fv2%2Fcomments&post=659134"}],"version-history":[{"count":1,"href":"https:\/\/diariodominicano.com\/index.php?rest_route=\/wp\/v2\/posts\/659134\/revisions"}],"predecessor-version":[{"id":659136,"href":"https:\/\/diariodominicano.com\/index.php?rest_route=\/wp\/v2\/posts\/659134\/revisions\/659136"}],"wp:featuredmedia":[{"embeddable":true,"href":"https:\/\/diariodominicano.com\/index.php?rest_route=\/wp\/v2\/media\/604894"}],"wp:attachment":[{"href":"https:\/\/diariodominicano.com\/index.php?rest_route=%2Fwp%2Fv2%2Fmedia&parent=659134"}],"wp:term":[{"taxonomy":"category","embeddable":true,"href":"https:\/\/diariodominicano.com\/index.php?rest_route=%2Fwp%2Fv2%2Fcategories&post=659134"},{"taxonomy":"post_tag","embeddable":true,"href":"https:\/\/diariodominicano.com\/index.php?rest_route=%2Fwp%2Fv2%2Ftags&post=659134"}],"curies":[{"name":"wp","href":"https:\/\/api.w.org\/{rel}","templated":true}]}}