{"id":65910,"date":"2012-04-15T20:12:23","date_gmt":"2012-04-15T20:12:23","guid":{"rendered":"http:\/\/diariodominicano.ddns.net\/?p=65910"},"modified":"2012-04-15T20:12:23","modified_gmt":"2012-04-15T20:12:23","slug":"plato-fuerte-de-la-feria-del-libro-este-ano","status":"publish","type":"post","link":"https:\/\/diariodominicano.com\/?p=65910","title":{"rendered":"Plato fuerte de la Feria del Libro este a\u00f1o"},"content":{"rendered":"<p><body><\/p>\n<p><img decoding=\"async\" src=\"img3\/Fidel Castro.jpg\" \/>  <\/p>\n<p><span class=\"text1noticias\">Rep. Dom. 15 de Abril 04:17 P.M.-El f\u00edsico nuclear Fidel Castro D\u00edaz-Balart iniciar\u00e1 el primer d\u00eda de la Feria, jueves 19, el Ciclo de Conferencias Magistrales del magno evento que se inaugura este mi\u00e9rcoles 18.<\/span><\/p>\n<\/p>\n<p><span class=\"text1noticias\">El cient\u00edfico cubano disertar\u00e1 sobre el tema \u00abLa ciencia contempor\u00e1nea en un mundo desigual\u00bb, dando inicio de esta forma al programa de conferencias cient\u00edficas que se ofrecer\u00e1n este a\u00f1o en que la FIL privilegia a la Ciencia en su programaci\u00f3n. La actividad tendr\u00e1 lugar en la Sala Carlos Piantini del Teatro Nacional Eduardo Brito, a las 8 de la noche.<\/span><\/p>\n<\/p>\n<p><span class=\"text1noticias\">El argentino Jorge Bucay hablara el viernes 20 sobre \u00abLa felicidad posible\u00bb, en la Sala Aida Bonelly de D\u00edaz del Teatro Nacional, a las 8 de la noche. El autor de \u00abCartas para Claudia\u00bb, \u00abCuentos para pensar\u00bb y \u00abEl mito de la diosa Fortuna\u00bb, entre otros muchos libros, est\u00e1 considerado el autor hispano de mayor venta en el mundo con m\u00e1s de 5 millones de libros vendidos.<\/span><\/p>\n<\/p>\n<p><span class=\"text1noticias\">El renombrado novelista y ensayista mexicano Sealtiel Alatriste contin\u00faa el Ciclo de Conferencias Magistrales el s\u00e1bado 21, en la misma Sala Aida Bonelly, con su disertaci\u00f3n \u00abOraci\u00f3n Caribe\u00bb.<\/span><\/p>\n<\/p>\n<p><span class=\"text1noticias\">El lunes 23, el afamado fot\u00f3grafo argentino Daniel Mordzinsky, dictar\u00e1 su conferencia \u00abLos rostros de la escritura. 15 historias fotogr\u00e1ficas para una memoria visual de las letras\u00bb. Mordzinsky es denominado el fot\u00f3grafo de las grandes personalidades literarias del mundo. Mordzinsky ha publicado recientemente el libro \u00abUltimas noticias del Sur\u00bb, conjuntamente con el escritor chileno Luis Sep\u00falveda.<\/span><\/p>\n<\/p>\n<p><span class=\"text1noticias\">El novelista nicarag\u00fcense Sergio Ram\u00edrez hablar\u00e1 sobre el tema \u00abCuaderno de encargos. Los oficios compartidos de la escritura y la pol\u00edtica\u00bb, el martes 24 de abril. Autor de \u00abCastigo Divino\u00bb y \u00abMargarita, est\u00e1 linda la mar\u00bb, Ram\u00edrez es considerado como una de las luminarias literarias m\u00e1s relevantes de Am\u00e9rica Latina.<\/span><\/p>\n<\/p>\n<p><span class=\"text1noticias\">El mi\u00e9rcoles 25 la conferencia magistral corresponder\u00e1 a Carmen Ruiz Barrionuevo, catedr\u00e1tica de literatura hispanoamericana de la prestigiosa Universidad de Salamanca. Ruiz Barrionuevo disertar\u00e1 sobre el tema \u00abJuan Ram\u00f3n Jim\u00e9nez y el grupo de Or\u00edgenes\u00bb. Esta actividad se desarrollar\u00e1 en el auditorio del Museo de Arte Moderno, a las 8 de la noche. <\/span><\/p>\n<\/p>\n<p><span class=\"text1noticias\">Carlos Mar\u00eda Romero Sosa, cr\u00edtico literario y ensayista argentino, hablar\u00e1 sobre \u00abRub\u00e9n Dar\u00edo y Argentina\u00bb el jueves 26, mientras que el viernes 27 disertar\u00e1 sobre el tema \u00abNoche tropical: Guillermo Cabrera Infante y el bolero\u00bb, el novelista cubano residente en Barcelona, Abilio Est\u00e9vez. Ambas conferencias se realizar\u00e1n en la Sala A\u00edda Bonelly a las 8 de la noche. Est\u00e9vez es autor, entre otras novelas, de \u00abTuyo es el reino\u00bb, \u00abLos palacios distantes\u00bb, \u00abInventario secreto de La Habana\u00bb y \u00abEl a\u00f1o del Calipso\u00bb.<\/span><\/p>\n<\/p>\n<p><span class=\"text1noticias\">El mi\u00e9rcoles 2 de mayo, la catedr\u00e1tica de la Universidad de Salamanca, Espa\u00f1a, Eva Guerrero, hablar\u00e1 sobre \u00abLa importancia de Republica Dominicana en la labor cr\u00edtica de Pedro Henr\u00edquez Ure\u00f1a\u00bb, actividad que tendr\u00e1 lugar en el auditorio del Museo de Arte Moderno.<\/span><\/p>\n<\/p>\n<p><span class=\"text1noticias\">De nuevo en la Sala A\u00edda Bonelly, el Ciclo de Conferencias Magistrales recibir\u00e1 el jueves 3 de mayo a la reconocida novelista cubano-puertorrique\u00f1a Mayra Montero para escucharla hablar sobre el tema \u00abLa sensualidad del pr\u00f3cer: un ?tiguere? en la corte de Catalina la Grande\u00bb. La conocida novelista es autora de novelas tan famosas como \u00abDel rojo de su sombra\u00bb, \u00abLa \u00faltima noche que pas\u00e9 contigo\u00bb y \u00abT\u00fa, la oscuridad\u00bb.<\/span><\/p>\n<\/p>\n<p><span class=\"text1noticias\">El ciclo concluye el viernes 4 de mayo, en la misma Sala Aida Bonelly, y tambi\u00e9n a las 8 de la noche, con la conferencia del poeta uruguayo Eduardo Mil\u00e1n sobre el tema \u00abPoes\u00eda latinoamericana de ahora: entradas\u00bb. Mil\u00e1n, quien es tambi\u00e9n ant\u00f3logo de poes\u00eda, es autor de numerosos libros entre ellos, \u00abNervadura\u00bb, \u00abPan para las hormigas\u00bb y \u00abVeredas a los modos de un bosque\u00bb. (HG)<\/span>.<\/p>\n<\/p>\n<h6> 2012-04-15 20:12:23 <\/h6>\n<p><!--\n<link rel=\"stylesheet\" href=\"css\/bootstrap.min.css\">\n\n\n<ul class=\"pagination\">\n\t    \n\t\n\n<li >\n\t<a href='?page_no=17587'>Previous<\/a>\n\t<\/li>\n\n\n       \n    \n\n<li><a href='?page_no=1'>1<\/a><\/li>\n\n\n\n<li><a href='?page_no=2'>2<\/a><\/li>\n\n\n\n<li><a>...<\/a><\/li>\n\n\n\n<li><a href='?page_no=17586'>17586<\/a><\/li>\n\n\n\n<li><a href='?page_no=17587'>17587<\/a><\/li>\n\n\n\n<li class='active'><a>17588<\/a><\/li>\n\n\n\n<li><a href='?page_no=17589'>17589<\/a><\/li>\n\n\n\n<li><a href='?page_no=17590'>17590<\/a><\/li>\n\n\n\n<li><a>...<\/a><\/li>\n\n\n\n<li><a href='?page_no=22911'>22911<\/a><\/li>\n\n\n\n<li><a href='?page_no=22912'>22912<\/a><\/li>\n\n    \n\t\n\n<li >\n\t<a href='?page_no=17589'>Next<\/a>\n\t<\/li>\n\n\n    \n\n<li><a href='?page_no=22912'>Last &rsaquo;&rsaquo;<\/a><\/li>\n\n<\/ul>\n\n\n--><br \/>\n<\/body><\/p>\n","protected":false},"excerpt":{"rendered":"<p>Rep. Dom. 15 de Abril 04:17 P.M.-El f\u00edsico nuclear Fidel Castro D\u00edaz-Balart iniciar\u00e1 el primer d\u00eda de la Feria, jueves 19, el Ciclo de Conferencias Magistrales del magno evento que se inaugura este mi\u00e9rcoles 18. El cient\u00edfico cubano disertar\u00e1 sobre el tema \u00abLa ciencia contempor\u00e1nea en un mundo desigual\u00bb, dando inicio de esta forma al [&hellip;]<\/p>\n","protected":false},"author":3,"featured_media":0,"comment_status":"open","ping_status":"open","sticky":false,"template":"","format":"standard","meta":{"footnotes":""},"categories":[21],"tags":[],"class_list":["post-65910","post","type-post","status-publish","format-standard","hentry","category-cultura"],"_links":{"self":[{"href":"https:\/\/diariodominicano.com\/index.php?rest_route=\/wp\/v2\/posts\/65910","targetHints":{"allow":["GET"]}}],"collection":[{"href":"https:\/\/diariodominicano.com\/index.php?rest_route=\/wp\/v2\/posts"}],"about":[{"href":"https:\/\/diariodominicano.com\/index.php?rest_route=\/wp\/v2\/types\/post"}],"author":[{"embeddable":true,"href":"https:\/\/diariodominicano.com\/index.php?rest_route=\/wp\/v2\/users\/3"}],"replies":[{"embeddable":true,"href":"https:\/\/diariodominicano.com\/index.php?rest_route=%2Fwp%2Fv2%2Fcomments&post=65910"}],"version-history":[{"count":0,"href":"https:\/\/diariodominicano.com\/index.php?rest_route=\/wp\/v2\/posts\/65910\/revisions"}],"wp:attachment":[{"href":"https:\/\/diariodominicano.com\/index.php?rest_route=%2Fwp%2Fv2%2Fmedia&parent=65910"}],"wp:term":[{"taxonomy":"category","embeddable":true,"href":"https:\/\/diariodominicano.com\/index.php?rest_route=%2Fwp%2Fv2%2Fcategories&post=65910"},{"taxonomy":"post_tag","embeddable":true,"href":"https:\/\/diariodominicano.com\/index.php?rest_route=%2Fwp%2Fv2%2Ftags&post=65910"}],"curies":[{"name":"wp","href":"https:\/\/api.w.org\/{rel}","templated":true}]}}