{"id":65909,"date":"2012-04-16T18:12:22","date_gmt":"2012-04-16T18:12:22","guid":{"rendered":"http:\/\/diariodominicano.ddns.net\/?p=65909"},"modified":"2012-04-16T18:12:22","modified_gmt":"2012-04-16T18:12:22","slug":"el-mundo-de-susana-una-artista-mexicana-de-papantla","status":"publish","type":"post","link":"https:\/\/diariodominicano.com\/?p=65909","title":{"rendered":"El mundo de Susana, una artista mexicana de Papantla"},"content":{"rendered":"<p><body><\/p>\n<p><img decoding=\"async\" src=\"img3\/susana.jpg\" \/>  <\/p>\n<p>Por Deisy Francis Mexidor<\/p>\n<\/p>\n<p>M\u00e9xico, 16 abr (PL), 2:10 pm.-  A Susana Adriana Jim\u00e9nez los colores la deslumbran. Y ese es uno de los detalles principales de su obra pict\u00f3rica basada en las costumbres de su natal Papantla, pueblo m\u00e1gico mexicano del estado de Veracruz.<\/p>\n<\/p>\n<p>  Despu\u00e9s de 28 a\u00f1os de carrera como estomat\u00f3loga \u00abcambi\u00e9 el rumbo para bien. Ahora me siento feliz, realizada, como pintora y escultora\u00bb, afirm\u00f3 en di\u00e1logo con Prensa Latina esta artista.<\/p>\n<\/p>\n<p>El maestro (muralista) Teodoro Cano \u00abfue quien me encamin\u00f3 por este sendero, en el cual he incursionado en varias disciplinas\u00bb, coment\u00f3 Susana al precisar que la vida es un eterno aprendizaje.<\/p>\n<\/p>\n<p>Por eso sus manos se mueven entre el muralismo, la escultura de cemento, cer\u00e1mica en barro, pero \u00ablo que m\u00e1s me ha gustado es la pintura de acr\u00edlico, textura bajo relieve y alto relieve con acr\u00edlico\u00bb, puntualiz\u00f3.<\/p>\n<\/p>\n<p>\u00abRetrato todo lo de Papantla. Las costumbres, sus ind\u00edgenas totonacas, de lo que estoy muy orgullosa\u00bb, acot\u00f3 con un especial acento en la voz.<\/p>\n<\/p>\n<p>En Papantla expres\u00f3: \u00ablo m\u00e1s hermoso es el valor de sus tradiciones y cultura Totonaca, el colorido de las ropas de los ind\u00edgenas, la deliciosa comida y el pueblo mismo que se levanta sobre pelda\u00f1os\u00bb.<\/p>\n<\/p>\n<p>Ubicado a unos 310 kil\u00f3metros del Distrito Federal, es adem\u00e1s un sitio de rec\u00f3nditos \u00e1reas arqueol\u00f3gicas como las de Cuyuxquihui y El Taj\u00edn, este \u00faltima, Patrimonio de la Humanidad.<\/p>\n<\/p>\n<p>Pero tambi\u00e9n es \u00abcuna de artistas y ese esp\u00edritu se percibe en toda la ciudad\u00bb, a\u00f1adi\u00f3 Susana, quien en momentos de recuento no olvida \u00aba la t\u00eda Imelda, una gran pintora, el alma de los artistas de los Jim\u00e9nez Reyes\u00bb.<\/p>\n<\/p>\n<p>La ciudad, fundada en el a\u00f1o 1230 y pese a que es un asentamiento totonaca, tiene un nombre que proviene de la voz n\u00e1huatl: papan (p\u00e1jaro muy ruidoso) y tlan (lugar), por lo tanto se resume como el \u00abLugar de Papanes\u00bb.<\/p>\n<\/p>\n<p>A\u00fan conserva el encanto t\u00edpico de la provincia mexicana. Est\u00e1 situada a 198 metros de altitud entre las cuencas de los r\u00edos Cazones y Tecolutla y est\u00e1 en el mismo centro veracruzano, sobre un conjunto monta\u00f1oso de la Sierra Madre Oriental. \u00abMi tierra es bella, entra\u00f1able\u00bb, se\u00f1al\u00f3.<\/p>\n<\/p>\n<p>Durante la etapa colonial se le conoci\u00f3 como Villa de Santa Mar\u00eda de Papantla; despu\u00e9s simplemente Papantla y el 20 de agosto de 1910 adquiri\u00f3 la categor\u00eda de ciudad denomin\u00e1ndose Papantla de Hidalgo.<\/p>\n<\/p>\n<p>Sin embargo, posteriormente y en homenaje al ilustre insurgente totonaco de tiempos de la independencia Seraf\u00edn Olarte, cambi\u00f3 su calificativo y es el que hasta hoy d\u00eda se conserva: Papantla de Olarte. Susana Adriana lo plasm\u00f3 en una de sus obras.<\/p>\n<\/p>\n<p>Fue as\u00ed como naci\u00f3 Nuestro Caudillo Totonaca Seraf\u00edn Olarte, como llam\u00f3 a esa pintura en la que aplic\u00f3 la t\u00e9cnica de acr\u00edlico sobre tela, y que cuenta con dimensiones de dos metros 18 cent\u00edmetros de altura, por 86 cent\u00edmetros de ancho.<\/p>\n<\/p>\n<p>El pasado a\u00f1o la artista fue laureada con el m\u00e9rito a la Mujer Papaneca del A\u00f1o que por primera vez se entreg\u00f3 en la historia de ese municipio. \u00abAdem\u00e1s de dedicar tiempo para atender a nuestra familia, las mujeres tenemos que darnos un espacio para triunfar en la vida\u00bb, dijo.<\/p>\n<\/p>\n<p>MC<\/p>\n<h6> 2012-04-16 18:12:22 <\/h6>\n<p><!--\n<link rel=\"stylesheet\" href=\"css\/bootstrap.min.css\">\n\n\n<ul class=\"pagination\">\n\t    \n\t\n\n<li >\n\t<a href='?page_no=17586'>Previous<\/a>\n\t<\/li>\n\n\n       \n    \n\n<li><a href='?page_no=1'>1<\/a><\/li>\n\n\n\n<li><a href='?page_no=2'>2<\/a><\/li>\n\n\n\n<li><a>...<\/a><\/li>\n\n\n\n<li><a href='?page_no=17585'>17585<\/a><\/li>\n\n\n\n<li><a href='?page_no=17586'>17586<\/a><\/li>\n\n\n\n<li class='active'><a>17587<\/a><\/li>\n\n\n\n<li><a href='?page_no=17588'>17588<\/a><\/li>\n\n\n\n<li><a href='?page_no=17589'>17589<\/a><\/li>\n\n\n\n<li><a>...<\/a><\/li>\n\n\n\n<li><a href='?page_no=22911'>22911<\/a><\/li>\n\n\n\n<li><a href='?page_no=22912'>22912<\/a><\/li>\n\n    \n\t\n\n<li >\n\t<a href='?page_no=17588'>Next<\/a>\n\t<\/li>\n\n\n    \n\n<li><a href='?page_no=22912'>Last &rsaquo;&rsaquo;<\/a><\/li>\n\n<\/ul>\n\n\n--><br \/>\n<\/body><\/p>\n","protected":false},"excerpt":{"rendered":"<p>Por Deisy Francis Mexidor M\u00e9xico, 16 abr (PL), 2:10 pm.- A Susana Adriana Jim\u00e9nez los colores la deslumbran. Y ese es uno de los detalles principales de su obra pict\u00f3rica basada en las costumbres de su natal Papantla, pueblo m\u00e1gico mexicano del estado de Veracruz. Despu\u00e9s de 28 a\u00f1os de carrera como estomat\u00f3loga \u00abcambi\u00e9 el [&hellip;]<\/p>\n","protected":false},"author":3,"featured_media":0,"comment_status":"open","ping_status":"open","sticky":false,"template":"","format":"standard","meta":{"footnotes":""},"categories":[21],"tags":[],"class_list":["post-65909","post","type-post","status-publish","format-standard","hentry","category-cultura"],"_links":{"self":[{"href":"https:\/\/diariodominicano.com\/index.php?rest_route=\/wp\/v2\/posts\/65909","targetHints":{"allow":["GET"]}}],"collection":[{"href":"https:\/\/diariodominicano.com\/index.php?rest_route=\/wp\/v2\/posts"}],"about":[{"href":"https:\/\/diariodominicano.com\/index.php?rest_route=\/wp\/v2\/types\/post"}],"author":[{"embeddable":true,"href":"https:\/\/diariodominicano.com\/index.php?rest_route=\/wp\/v2\/users\/3"}],"replies":[{"embeddable":true,"href":"https:\/\/diariodominicano.com\/index.php?rest_route=%2Fwp%2Fv2%2Fcomments&post=65909"}],"version-history":[{"count":0,"href":"https:\/\/diariodominicano.com\/index.php?rest_route=\/wp\/v2\/posts\/65909\/revisions"}],"wp:attachment":[{"href":"https:\/\/diariodominicano.com\/index.php?rest_route=%2Fwp%2Fv2%2Fmedia&parent=65909"}],"wp:term":[{"taxonomy":"category","embeddable":true,"href":"https:\/\/diariodominicano.com\/index.php?rest_route=%2Fwp%2Fv2%2Fcategories&post=65909"},{"taxonomy":"post_tag","embeddable":true,"href":"https:\/\/diariodominicano.com\/index.php?rest_route=%2Fwp%2Fv2%2Ftags&post=65909"}],"curies":[{"name":"wp","href":"https:\/\/api.w.org\/{rel}","templated":true}]}}