{"id":659085,"date":"2026-01-07T23:28:31","date_gmt":"2026-01-08T03:28:31","guid":{"rendered":"https:\/\/diariodominicano.com\/?p=659085"},"modified":"2026-01-08T01:59:06","modified_gmt":"2026-01-08T05:59:06","slug":"el-juzgado-de-la-instruccion-de-villa-altagracia-impones-tres-meses-de-prision-preventiva-como-medida-de-coercion-a-una-abogada-del-ministerio-publico-procesada-por-el-asesinato-de-su-pareja-sentimen","status":"publish","type":"post","link":"https:\/\/diariodominicano.com\/?p=659085","title":{"rendered":"El Juzgado de la Instrucci\u00f3n de Villa Altagracia impone tres meses de prisi\u00f3n preventiva, como medida de coerci\u00f3n a una abogada del Ministerio P\u00fablico procesada por el asesinato de su pareja sentimental"},"content":{"rendered":"\n<p>ARCHIVO: Fiscal\u00eda de Villa Altagracia<\/p>\n\n\n\n<p><strong>SANTO DOMINGO (Rep\u00fablica Dominicana).-<\/strong>&nbsp;Atendiendo a la solicitud del Ministerio P\u00fablico, el Juzgado de la Instrucci\u00f3n del distrito judicial de Villa Altagracia impuso tres meses de prisi\u00f3n preventiva, como medida de coerci\u00f3n, a una abogada colaboradora del \u00f3rgano persecutor, imputada por el asesinato de su pareja sentimental, en un hecho ocurrido junio del a\u00f1o 2022, en el sector Vista Hermosa del municipio Villa Altagracia, San Crist\u00f3bal.<\/p>\n\n\n\n<p><\/p>\n\n\n\n<p>Anny Margarita Laureano Reyes, arrestada por el Ministerio P\u00fablico, fung\u00eda como abogada de la Fiscal\u00eda de Villa Altagracia, al momento de asesinar a pareja sentimental Cecilio Ram\u00edrez Agust\u00edn (Piloto).<\/p>\n\n\n\n<p>Por decisi\u00f3n de la jueza Sudelgy Rosario, la imputada cumplir\u00e1 la prisi\u00f3n preventiva en la c\u00e1rcel de Najayo, en San Crist\u00f3bal.<\/p>\n\n\n\n<p>La imputada, arrestada el pasado 30 de diciembre en el sector Las Caobas, en Santo Domingo Oeste, cometi\u00f3 los hechos el 26 de julio de 2022, cuando, seg\u00fan la investigaci\u00f3n, atac\u00f3 con un arma blanca a Ram\u00edrez Agust\u00edn y le propin\u00f3 48 pu\u00f1aladas en el cuello, rostro y pecho, causando en la v\u00edctima una hemorragia externa, indica la autopsia judicial forense del caso.<\/p>\n\n\n\n<p>Las evidencias indican que, para simular un robo, Laureano Reyes sustrajo los documentos personales, joyas y tel\u00e9fonos m\u00f3viles de la v\u00edctima. Adem\u00e1s, tom\u00f3 una colcha, le tap\u00f3 el rostro y lo dej\u00f3 mal herido encerrado en el apartamento, emprendiendo la huida del lugar.<\/p>\n\n\n\n<p>Laureano Reyes se present\u00f3 al lugar de los hechos la ma\u00f1ana del d\u00eda siguiente de haber cometido el asesinato, en fecha 27 julio del a\u00f1o 2022, en compa\u00f1\u00eda del segundo teniente policial Miguel Andr\u00e9s Polanco, en ese momento adscrito a la Fiscal\u00eda de Villa Altagracia.<\/p>\n\n\n\n<p>Polanco, al notar que la imputada tocaba la puerta y no recib\u00eda respuesta del interior de la vivienda, subi\u00f3 hasta el apartamento y tras forzar unas de las hojas met\u00e1licas de las ventanas, con la finalidad de observar hacia el interior, encontr\u00f3 la escena del cad\u00e1ver de la v\u00edctima tirado en el suelo.<\/p>\n\n\n\n<p>El Ministerio P\u00fablico, representado por el fiscalizador Jos\u00e9 Fern\u00e1ndez Javier, le ha dado a los hechos la calificaci\u00f3n jur\u00eddica provisional, en contra de Laureano Reyes, por violar las disposiciones de los art\u00edculos 295, 296, 297, 298, 302 y 303-4 numeral 11 del C\u00f3digo Penal Dominicano, en perjuicio de Santo Cecilio Ram\u00edrez Agust\u00edn.<\/p>\n\n\n\n<p><strong>Direcci\u00f3n General de Comunicaci\u00f3n, Prensa, y RRPP<\/strong><strong><\/strong><\/p>\n\n\n\n<p>Ministerio P\u00fablico.&nbsp;R.D.<\/p>\n\n\n\n<p>Mi\u00e9rcoles, 7 de enero de 2026<\/p>\n\n\n\n<p>&#8230;<\/p>\n","protected":false},"excerpt":{"rendered":"<p>ARCHIVO: Fiscal\u00eda de Villa Altagracia SANTO DOMINGO (Rep\u00fablica Dominicana).-&nbsp;Atendiendo a la solicitud del Ministerio P\u00fablico, el Juzgado de la Instrucci\u00f3n del distrito judicial de Villa Altagracia impuso tres meses de prisi\u00f3n preventiva, como medida de coerci\u00f3n, a una abogada colaboradora del \u00f3rgano persecutor, imputada por el asesinato de su pareja sentimental, en un hecho ocurrido [&hellip;]<\/p>\n","protected":false},"author":2,"featured_media":403512,"comment_status":"closed","ping_status":"closed","sticky":false,"template":"","format":"standard","meta":{"footnotes":""},"categories":[24,29,27],"tags":[171],"class_list":["post-659085","post","type-post","status-publish","format-standard","has-post-thumbnail","hentry","category-justicia-y-derecho","category-policiasucesos","category-portada","tag-ministerio-publico"],"_links":{"self":[{"href":"https:\/\/diariodominicano.com\/index.php?rest_route=\/wp\/v2\/posts\/659085","targetHints":{"allow":["GET"]}}],"collection":[{"href":"https:\/\/diariodominicano.com\/index.php?rest_route=\/wp\/v2\/posts"}],"about":[{"href":"https:\/\/diariodominicano.com\/index.php?rest_route=\/wp\/v2\/types\/post"}],"author":[{"embeddable":true,"href":"https:\/\/diariodominicano.com\/index.php?rest_route=\/wp\/v2\/users\/2"}],"replies":[{"embeddable":true,"href":"https:\/\/diariodominicano.com\/index.php?rest_route=%2Fwp%2Fv2%2Fcomments&post=659085"}],"version-history":[{"count":4,"href":"https:\/\/diariodominicano.com\/index.php?rest_route=\/wp\/v2\/posts\/659085\/revisions"}],"predecessor-version":[{"id":659101,"href":"https:\/\/diariodominicano.com\/index.php?rest_route=\/wp\/v2\/posts\/659085\/revisions\/659101"}],"wp:featuredmedia":[{"embeddable":true,"href":"https:\/\/diariodominicano.com\/index.php?rest_route=\/wp\/v2\/media\/403512"}],"wp:attachment":[{"href":"https:\/\/diariodominicano.com\/index.php?rest_route=%2Fwp%2Fv2%2Fmedia&parent=659085"}],"wp:term":[{"taxonomy":"category","embeddable":true,"href":"https:\/\/diariodominicano.com\/index.php?rest_route=%2Fwp%2Fv2%2Fcategories&post=659085"},{"taxonomy":"post_tag","embeddable":true,"href":"https:\/\/diariodominicano.com\/index.php?rest_route=%2Fwp%2Fv2%2Ftags&post=659085"}],"curies":[{"name":"wp","href":"https:\/\/api.w.org\/{rel}","templated":true}]}}