{"id":65908,"date":"2012-04-16T20:55:49","date_gmt":"2012-04-16T20:55:49","guid":{"rendered":"http:\/\/diariodominicano.ddns.net\/?p=65908"},"modified":"2012-04-16T20:55:49","modified_gmt":"2012-04-16T20:55:49","slug":"comunicadores-dominicanos-becados-por-la-presidencia-viajan-a-bogota-a-taller-sobre-produccion-de-television","status":"publish","type":"post","link":"https:\/\/diariodominicano.com\/?p=65908","title":{"rendered":"Comunicadores dominicanos becados por la Presidencia viajan a Bogot\u00e1 a taller sobre producci\u00f3n de televisi\u00f3n"},"content":{"rendered":"<p><body><\/p>\n<p><img decoding=\"async\" src=\"img3\/comunicadores.JPG\" \/>  <\/p>\n<p><span class=\"text1noticias\">Rep.Dom. 15 de Abril 05:00 P.M.- Un grupo de 14 comunicadores dominicanos viajaron este domingo a Bogot\u00e1, Colombia, para participar en un taller sobre Tecnolog\u00edas para la Producci\u00f3n de Televisi\u00f3n, el cual ser\u00e1 impartido por expertos del Centro \u00c1tico, de la Pontificia Universidad Javeriana de esa naci\u00f3n sudamericana.<\/span><\/p>\n<\/p>\n<p><span class=\"text1noticias\">Los profesionales fueron becados por la Presidencia de la Rep\u00fablica, dentro de un programa de capacitaci\u00f3n y actualizaci\u00f3n que ha implementado la Direcci\u00f3n de Informaci\u00f3n, Prensa, y Publicidad para los integrantes de los Gabinetes de Comunicaci\u00f3n del Estado Dominicano, el cual se inici\u00f3 desde el 2008.<\/span><\/p>\n<\/p>\n<p><span class=\"text1noticias\">La actividad acad\u00e9mica se realizar\u00e1 los d\u00edas 16, 17,18, 19 y 20 y la misma proviene del v\u00ednculo acad\u00e9mico que ha sido posible luego de la visita que realizara a la referida casa de estudios el Presidente de la Rep\u00fablica, doctor Leonel Fern\u00e1ndez Reyna, y que se inici\u00f3 con la actualizaci\u00f3n profesional en periodismo radial y digital, de los periodistas Elsy Fern\u00e1ndez y Nilba P\u00e9rez, de la Comisi\u00f3n Nacional de Energ\u00eda y el Ministerio de Medio Ambiente.<\/span><\/p>\n<\/p>\n<p><span class=\"text1noticias\">Los participantes en el nuevo taller que se iniciar\u00e1 ma\u00f1ana lunes son Jos\u00e9 Luis D\u00edaz, relacionista p\u00fablico de la Administradora de Riesgos Labores, Mildred Charlot, directora de comunicaciones del Ayuntamiento Santo Domingo Este, Valent\u00edn S\u00e1nchez, relacionista corporativo de la Corporaci\u00f3n de Acueducto y Alcantarillado de Santo Domingo (CAASD), Carmen Luz Beato, encargada de relaciones p\u00fablicas de la Oficina de Obras del Estado, y Mercedes Mar\u00eda Tejada, relacionista de la Procuradur\u00eda General de la Republica.<\/span><\/p>\n<\/p>\n<p><span class=\"text1noticias\">Tambi\u00e9n asisten al centro acad\u00e9mico colombiano, Wilfredo Polanco, director de relaciones p\u00fablicas del Ministerio de Agricultura; Yolanda Tapia, encargada de relaciones p\u00fablicas del Instituto Tecnol\u00f3gico de Las Am\u00e9ricas (ITLA); Isabel Parra, encargada de prensa del ITLA; Arelis Ceballos, directora de comunicaciones del Ministerio de Obras P\u00fablicas; Mar\u00eda G\u00f3mez, directora de relaciones p\u00fablicas de la Unidad de Electrificaci\u00f3n Rural; Bernardo N\u00fa\u00f1ez, relacionista de la Direcci\u00f3n General de Presupuesto; Carlos Ram\u00edrez B\u00e1ez, director de comunicaciones del Instituto Dominicano de Seguros Sociales (IDSS), y M\u00e1ximo B\u00e1ez Aybar, director de Informaci\u00f3n y relaciones p\u00fablicas de la Polic\u00eda Nacional.<\/span><\/p>\n<\/p>\n<p><span class=\"text1noticias\">El Centro \u00c1tico de Bogot\u00e1 apoya permanentemente las unidades acad\u00e9micas de la Universidad Javeriana, as\u00ed como a las instituciones con convenios de cooperaci\u00f3n en la formaci\u00f3n, investigaci\u00f3n y desarrollo de proyectos de imagen (cine, video, televisi\u00f3n, dise\u00f1o digital y arte electr\u00f3nico), audio ac\u00fastica (radio y sonido), as\u00ed como educaci\u00f3n asistida por tecnolog\u00edas de informaci\u00f3n y comunicaci\u00f3n, asesorando y estimulando la creaci\u00f3n, experimentaci\u00f3n, innovaci\u00f3n y realizaci\u00f3n de propuestas.<\/span><\/p>\n<\/p>\n<p><span class=\"text1noticias\">Seg\u00fan se explic\u00f3, la Direcci\u00f3n de Informaci\u00f3n, Prensa y Publicidad de la Presidencia, y la Pontificia Universidad Javeriana adem\u00e1s del dise\u00f1o de este taller sobre tecnolog\u00eda en la producci\u00f3n de televisi\u00f3n, ejecutaran de manera conjunta acciones de asesor\u00eda y capacitaci\u00f3n profesional para periodistas y comunicadores miembros de los gabinetes de comunicaci\u00f3n del Gobierno Dominicano, asegurando para estos fines las relaciones institucionales necesarias para potenciar aquellos programas en los que existan intereses comunes, difundir las actividades que se realicen en colaboraci\u00f3n, establecer los programas y proyectos a desarrollar en forma conjunta e intercambiar informaciones y publicaciones.<\/span><\/p>\n<\/p>\n<p><span class=\"text1noticias\">Los comunicadores ser\u00e1n recibidos en Bogot\u00e1 por German Rey, rector del Centro \u00c1tico, y la se\u00f1ora Samar Atta, quien fungir\u00e1 como coordinadora general del taller. <\/span><\/p>\n<\/p>\n<p><span class=\"text1noticias\">La coordinaci\u00f3n de esta actividad acad\u00e9mica fue realizada en representaci\u00f3n de la Presidencia de la Rep\u00fablica, por el secretario de Estado de Informaci\u00f3n, Prensa y Publicidad, licenciado Rafael N\u00fa\u00f1ez, y la subdirectora de relaciones p\u00fablicas, Gladys Abreu.(HG)<\/span>. <\/p>\n<h6> 2012-04-16 20:55:49 <\/h6>\n<p><!--\n<link rel=\"stylesheet\" href=\"css\/bootstrap.min.css\">\n\n\n<ul class=\"pagination\">\n\t    \n\t\n\n<li >\n\t<a href='?page_no=17585'>Previous<\/a>\n\t<\/li>\n\n\n       \n    \n\n<li><a href='?page_no=1'>1<\/a><\/li>\n\n\n\n<li><a href='?page_no=2'>2<\/a><\/li>\n\n\n\n<li><a>...<\/a><\/li>\n\n\n\n<li><a href='?page_no=17584'>17584<\/a><\/li>\n\n\n\n<li><a href='?page_no=17585'>17585<\/a><\/li>\n\n\n\n<li class='active'><a>17586<\/a><\/li>\n\n\n\n<li><a href='?page_no=17587'>17587<\/a><\/li>\n\n\n\n<li><a href='?page_no=17588'>17588<\/a><\/li>\n\n\n\n<li><a>...<\/a><\/li>\n\n\n\n<li><a href='?page_no=22911'>22911<\/a><\/li>\n\n\n\n<li><a href='?page_no=22912'>22912<\/a><\/li>\n\n    \n\t\n\n<li >\n\t<a href='?page_no=17587'>Next<\/a>\n\t<\/li>\n\n\n    \n\n<li><a href='?page_no=22912'>Last &rsaquo;&rsaquo;<\/a><\/li>\n\n<\/ul>\n\n\n--><br \/>\n<\/body><\/p>\n","protected":false},"excerpt":{"rendered":"<p>Rep.Dom. 15 de Abril 05:00 P.M.- Un grupo de 14 comunicadores dominicanos viajaron este domingo a Bogot\u00e1, Colombia, para participar en un taller sobre Tecnolog\u00edas para la Producci\u00f3n de Televisi\u00f3n, el cual ser\u00e1 impartido por expertos del Centro \u00c1tico, de la Pontificia Universidad Javeriana de esa naci\u00f3n sudamericana. Los profesionales fueron becados por la Presidencia [&hellip;]<\/p>\n","protected":false},"author":3,"featured_media":0,"comment_status":"open","ping_status":"open","sticky":false,"template":"","format":"standard","meta":{"footnotes":""},"categories":[21],"tags":[],"class_list":["post-65908","post","type-post","status-publish","format-standard","hentry","category-cultura"],"_links":{"self":[{"href":"https:\/\/diariodominicano.com\/index.php?rest_route=\/wp\/v2\/posts\/65908","targetHints":{"allow":["GET"]}}],"collection":[{"href":"https:\/\/diariodominicano.com\/index.php?rest_route=\/wp\/v2\/posts"}],"about":[{"href":"https:\/\/diariodominicano.com\/index.php?rest_route=\/wp\/v2\/types\/post"}],"author":[{"embeddable":true,"href":"https:\/\/diariodominicano.com\/index.php?rest_route=\/wp\/v2\/users\/3"}],"replies":[{"embeddable":true,"href":"https:\/\/diariodominicano.com\/index.php?rest_route=%2Fwp%2Fv2%2Fcomments&post=65908"}],"version-history":[{"count":0,"href":"https:\/\/diariodominicano.com\/index.php?rest_route=\/wp\/v2\/posts\/65908\/revisions"}],"wp:attachment":[{"href":"https:\/\/diariodominicano.com\/index.php?rest_route=%2Fwp%2Fv2%2Fmedia&parent=65908"}],"wp:term":[{"taxonomy":"category","embeddable":true,"href":"https:\/\/diariodominicano.com\/index.php?rest_route=%2Fwp%2Fv2%2Fcategories&post=65908"},{"taxonomy":"post_tag","embeddable":true,"href":"https:\/\/diariodominicano.com\/index.php?rest_route=%2Fwp%2Fv2%2Ftags&post=65908"}],"curies":[{"name":"wp","href":"https:\/\/api.w.org\/{rel}","templated":true}]}}