{"id":659078,"date":"2026-01-07T23:07:50","date_gmt":"2026-01-08T03:07:50","guid":{"rendered":"https:\/\/diariodominicano.com\/?p=659078"},"modified":"2026-01-08T01:52:09","modified_gmt":"2026-01-08T05:52:09","slug":"presidente-de-peru-recibe-a-mandatario-electo-de-chile-para-discutir-agenda-bilateral","status":"publish","type":"post","link":"https:\/\/diariodominicano.com\/?p=659078","title":{"rendered":"Presidente de Per\u00fa recibe a mandatario electo de Chile para discutir agenda bilateral"},"content":{"rendered":"\n<p><em>spanish.news.cn<\/em>|<em>&nbsp;2026-01-08 04:53:30<\/em>|<\/p>\n\n\n\n<p>LIMA, 7 enero, 2026 (Xinhua) &#8212; El presidente peruano, Jos\u00e9 Jer\u00ed (i), y el presidente electo de Chile, Jos\u00e9 Antonio Kast (d), participan en una reuni\u00f3n en el Palacio de Gobierno, en Lima, Per\u00fa, el 7 de enero de 2026. Jer\u00ed recibi\u00f3 el mi\u00e9rcoles al mandatario electo de Chile, Jos\u00e9 Antonio Kast, en el Palacio de Gobierno en Lima, en el inicio de una jornada de trabajo bilateral en la que discutieron un amplio abanico de temas, inform\u00f3 la sala de prensa de la Presidencia de la Rep\u00fablica del Per\u00fa. (Xinhua\/Mariana Bazo)<\/p>\n\n\n\n<p>LIMA, 7 ene (Xinhua) &#8212; El presidente de Per\u00fa, Jos\u00e9 Jer\u00ed, recibi\u00f3 este mi\u00e9rcoles al mandatario electo de Chile, Jos\u00e9 Antonio Kast, en el Palacio de Gobierno en Lima, en el inicio de una jornada de trabajo bilateral en la que discutieron un amplio abanico de temas, inform\u00f3 la sala de prensa de la Presidencia de la Rep\u00fablica del Per\u00fa.<\/p>\n\n\n\n<p>De acuerdo con el Gobierno, en la agenda figuraron asuntos vinculados al reforzamiento fronterizo, la coordinaci\u00f3n de respuestas conjuntas frente al crimen organizado, la lucha contra el narcotr\u00e1fico y la miner\u00eda ilegal y otros temas que afectan a Am\u00e9rica del Sur.<\/p>\n\n\n\n<p>Jos\u00e9 Jer\u00ed se\u00f1al\u00f3 que la relaci\u00f3n bilateral \u00abes una pol\u00edtica de Estado (y) vamos a continuar, sin ninguna duda, fortaleciendo nuestros v\u00ednculos y la integraci\u00f3n\u00bb entre ambos pa\u00edses.<\/p>\n\n\n\n<p>Destac\u00f3 que Per\u00fa y Chile son naciones vecinas \u00abcon profundos lazos hist\u00f3ricos, econ\u00f3micos y comerciales\u00bb,<\/p>\n\n\n\n<p>Kast, por su parte, agradeci\u00f3 a Jer\u00ed el cordial recibimiento y en especial haber abierto un espacio en su agenda diaria para recibir a la delegaci\u00f3n chilena.<\/p>\n\n\n\n<p>Reiter\u00f3 la buena vecindad, la importancia de la complementariedad y el compartir intereses mutuos, as\u00ed como la profundizaci\u00f3n de las relaciones, tanto en el Foro de Cooperaci\u00f3n Asia Pac\u00edfico, como en la Alianza del Pac\u00edfico y otras entidades multilaterales y regionales.<\/p>\n\n\n\n<p>Seg\u00fan datos de la Asociaci\u00f3n de Exportadores (Adex) de Per\u00fa, con cifras del a\u00f1o 2024, los env\u00edos peruanos hacia Chile sumaron 2.205,5 millones de d\u00f3lares y las compras al pa\u00eds sure\u00f1o alcanzaron 1.253,78 millones de d\u00f3lares.<\/p>\n\n\n\n<p>Per\u00fa envi\u00f3, de manera mayoritaria, molibdeno, aguacates, \u00e1cido sulf\u00farico y aceite de pescado, y adquiri\u00f3 de Chile barras de laminado, partes de maquinaria, desperdicio de hierro y nitrato de amonio.<\/p>\n\n\n\n<figure class=\"wp-block-image\"><img decoding=\"async\" src=\"https:\/\/spanish.xinhuanet.com\/20260108\/de932e207a6f4008824ef9f7dc64f585\/77e453df0abc434aa23f90d83adc84d1.jpg\" alt=\"\"\/><\/figure>\n\n\n\n<p>LIMA, 7 enero, 2026 (Xinhua) &#8212; El presidente peruano, Jos\u00e9 Jer\u00ed (c), estrecha la manco del presidente electo de Chile, Jos\u00e9 Antonio Kast (d), a su llegada al Palacio de Gobierno, en Lima, Per\u00fa, el 7 de enero de 2026. Jer\u00ed recibi\u00f3 el mi\u00e9rcoles al mandatario electo de Chile, Jos\u00e9 Antonio Kast, en el Palacio de Gobierno en Lima, en el inicio de una jornada de trabajo bilateral en la que discutieron un amplio abanico de temas, inform\u00f3 la sala de prensa de la Presidencia de la Rep\u00fablica del Per\u00fa. (Xinhua\/Mariana Bazo)<\/p>\n\n\n\n<figure class=\"wp-block-image\"><img decoding=\"async\" src=\"https:\/\/spanish.xinhuanet.com\/20260108\/de932e207a6f4008824ef9f7dc64f585\/836caa65f7eb4a179746f582b16b25fd.jpg\" alt=\"\"\/><\/figure>\n\n\n\n<p>LIMA, 7 enero, 2026 (Xinhua) &#8212; El presidente electo de Chile, Jos\u00e9 Antonio Kast (d-frente), saluda a su llegada al Palacio de Gobierno previo a una reuni\u00f3n con el presidente peruano, Jos\u00e9 Jer\u00ed, en Lima, Per\u00fa, el 7 de enero de 2026. Jer\u00ed recibi\u00f3 el mi\u00e9rcoles al mandatario electo de Chile, Jos\u00e9 Antonio Kast, en el Palacio de Gobierno en Lima, en el inicio de una jornada de trabajo bilateral en la que discutieron un amplio abanico de temas, inform\u00f3 la sala de prensa de la Presidencia de la Rep\u00fablica del Per\u00fa. (Xinhua\/Mariana Bazo)<\/p>\n\n\n\n<p><a href=\"https:\/\/www.facebook.com\/sharer\/sharer.php?u=https:\/\/spanish.xinhuanet.com\/20260108\/de932e207a6f4008824ef9f7dc64f585\/c.html\" target=\"_blank\" rel=\"noreferrer noopener\"><\/a>&nbsp;<a href=\"https:\/\/twitter.com\/intent\/tweet?text=Presidente%20de%20Per%C3%BA%20recibe%20a%20mandatario%20electo%20de%20Chile%20para%20discutir%20agenda%20bilateral%20&amp;url=https:\/\/spanish.xinhuanet.com\/20260108\/de932e207a6f4008824ef9f7dc64f585\/c.html\" target=\"_blank\" rel=\"noreferrer noopener\"><\/a>&nbsp;<a target=\"_blank\" href=\"https:\/\/service.weibo.com\/share\/share.php?title=Presidente%20de%20Per%C3%BA%20recibe%20a%20mandatario%20electo%20de%20Chile%20para%20discutir%20agenda%20bilateral%20&amp;url=https:\/\/spanish.xinhuanet.com\/20260108\/de932e207a6f4008824ef9f7dc64f585\/c.html\" rel=\"noreferrer noopener\"><\/a>&nbsp;<a><\/a><\/p>\n\n\n\n<figure class=\"wp-block-image\"><img decoding=\"async\" src=\"https:\/\/imgs.news.cn\/res\/xhwimg\/spanish\/20170522\/img\/jc-xfa.png\" alt=\"\"\/><\/figure>\n","protected":false},"excerpt":{"rendered":"<p>spanish.news.cn|&nbsp;2026-01-08 04:53:30| LIMA, 7 enero, 2026 (Xinhua) &#8212; El presidente peruano, Jos\u00e9 Jer\u00ed (i), y el presidente electo de Chile, Jos\u00e9 Antonio Kast (d), participan en una reuni\u00f3n en el Palacio de Gobierno, en Lima, Per\u00fa, el 7 de enero de 2026. Jer\u00ed recibi\u00f3 el mi\u00e9rcoles al mandatario electo de Chile, Jos\u00e9 Antonio Kast, en [&hellip;]<\/p>\n","protected":false},"author":2,"featured_media":659079,"comment_status":"closed","ping_status":"closed","sticky":false,"template":"","format":"standard","meta":{"footnotes":""},"categories":[36,23],"tags":[2849,3572],"class_list":["post-659078","post","type-post","status-publish","format-standard","has-post-thumbnail","hentry","category-hombresmujeresycosas","category-internacional","tag-chile","tag-peru"],"_links":{"self":[{"href":"https:\/\/diariodominicano.com\/index.php?rest_route=\/wp\/v2\/posts\/659078","targetHints":{"allow":["GET"]}}],"collection":[{"href":"https:\/\/diariodominicano.com\/index.php?rest_route=\/wp\/v2\/posts"}],"about":[{"href":"https:\/\/diariodominicano.com\/index.php?rest_route=\/wp\/v2\/types\/post"}],"author":[{"embeddable":true,"href":"https:\/\/diariodominicano.com\/index.php?rest_route=\/wp\/v2\/users\/2"}],"replies":[{"embeddable":true,"href":"https:\/\/diariodominicano.com\/index.php?rest_route=%2Fwp%2Fv2%2Fcomments&post=659078"}],"version-history":[{"count":1,"href":"https:\/\/diariodominicano.com\/index.php?rest_route=\/wp\/v2\/posts\/659078\/revisions"}],"predecessor-version":[{"id":659080,"href":"https:\/\/diariodominicano.com\/index.php?rest_route=\/wp\/v2\/posts\/659078\/revisions\/659080"}],"wp:featuredmedia":[{"embeddable":true,"href":"https:\/\/diariodominicano.com\/index.php?rest_route=\/wp\/v2\/media\/659079"}],"wp:attachment":[{"href":"https:\/\/diariodominicano.com\/index.php?rest_route=%2Fwp%2Fv2%2Fmedia&parent=659078"}],"wp:term":[{"taxonomy":"category","embeddable":true,"href":"https:\/\/diariodominicano.com\/index.php?rest_route=%2Fwp%2Fv2%2Fcategories&post=659078"},{"taxonomy":"post_tag","embeddable":true,"href":"https:\/\/diariodominicano.com\/index.php?rest_route=%2Fwp%2Fv2%2Ftags&post=659078"}],"curies":[{"name":"wp","href":"https:\/\/api.w.org\/{rel}","templated":true}]}}