{"id":65907,"date":"2012-04-16T21:23:03","date_gmt":"2012-04-16T21:23:03","guid":{"rendered":"http:\/\/diariodominicano.ddns.net\/?p=65907"},"modified":"2012-04-16T21:23:03","modified_gmt":"2012-04-16T21:23:03","slug":"embajador-eua-visita-proyecto-de-arte-cuseco","status":"publish","type":"post","link":"https:\/\/diariodominicano.com\/?p=65907","title":{"rendered":"Embajador EUA visita proyecto de arte Cuseco"},"content":{"rendered":"<p><body><\/p>\n<p><img decoding=\"async\" src=\"img3\/Cuseco.JPG\" \/>  <\/p>\n<p><span class=\"text1noticias\">Rep.Dom. 16 de Abril 05:22 P.M.-El Embajador de los Estados Unidos de Am\u00e9rica en la Rep\u00fablica Dominicana, Ra\u00fal Yzaguirre visit\u00f3 el proyecto de Arte Cuseco como parte del apoyo que ofrece el Gobierno de los Estados Unidos al emprendedurismo femenino.  <\/span><\/p>\n<\/p>\n<p><span class=\"text1noticias\">El proyecto ubicado en Villas Padre Nuestro, La Altagracia, fue financiado por  la Agencia de los Estados Unidos para el Desarrollo Internacional (USAID).  <\/span><\/p>\n<\/p>\n<p><span class=\"text1noticias\">Las dise\u00f1adoras de Arte Cuseco son Anny Decena, Rachel Rijo, Maria Reyes, Heidy Santana, Eugenia Jim\u00e9nez, Juana Calletano y Esmeralda Mercado quienes orgullosamente le mostraron al Embajador Yzaguirre y a su esposa sus dise\u00f1os tales como collares, aretes, anillos, pulseras, brazaletes, correas y carteras.(HG)<\/span>.<\/p>\n<h6> 2012-04-16 21:23:03 <\/h6>\n<p><!--\n<link rel=\"stylesheet\" href=\"css\/bootstrap.min.css\">\n\n\n<ul class=\"pagination\">\n\t    \n\t\n\n<li >\n\t<a href='?page_no=17584'>Previous<\/a>\n\t<\/li>\n\n\n       \n    \n\n<li><a href='?page_no=1'>1<\/a><\/li>\n\n\n\n<li><a href='?page_no=2'>2<\/a><\/li>\n\n\n\n<li><a>...<\/a><\/li>\n\n\n\n<li><a href='?page_no=17583'>17583<\/a><\/li>\n\n\n\n<li><a href='?page_no=17584'>17584<\/a><\/li>\n\n\n\n<li class='active'><a>17585<\/a><\/li>\n\n\n\n<li><a href='?page_no=17586'>17586<\/a><\/li>\n\n\n\n<li><a href='?page_no=17587'>17587<\/a><\/li>\n\n\n\n<li><a>...<\/a><\/li>\n\n\n\n<li><a href='?page_no=22911'>22911<\/a><\/li>\n\n\n\n<li><a href='?page_no=22912'>22912<\/a><\/li>\n\n    \n\t\n\n<li >\n\t<a href='?page_no=17586'>Next<\/a>\n\t<\/li>\n\n\n    \n\n<li><a href='?page_no=22912'>Last &rsaquo;&rsaquo;<\/a><\/li>\n\n<\/ul>\n\n\n--><br \/>\n<\/body><\/p>\n","protected":false},"excerpt":{"rendered":"<p>Rep.Dom. 16 de Abril 05:22 P.M.-El Embajador de los Estados Unidos de Am\u00e9rica en la Rep\u00fablica Dominicana, Ra\u00fal Yzaguirre visit\u00f3 el proyecto de Arte Cuseco como parte del apoyo que ofrece el Gobierno de los Estados Unidos al emprendedurismo femenino. El proyecto ubicado en Villas Padre Nuestro, La Altagracia, fue financiado por la Agencia de [&hellip;]<\/p>\n","protected":false},"author":3,"featured_media":0,"comment_status":"open","ping_status":"open","sticky":false,"template":"","format":"standard","meta":{"footnotes":""},"categories":[21],"tags":[],"class_list":["post-65907","post","type-post","status-publish","format-standard","hentry","category-cultura"],"_links":{"self":[{"href":"https:\/\/diariodominicano.com\/index.php?rest_route=\/wp\/v2\/posts\/65907","targetHints":{"allow":["GET"]}}],"collection":[{"href":"https:\/\/diariodominicano.com\/index.php?rest_route=\/wp\/v2\/posts"}],"about":[{"href":"https:\/\/diariodominicano.com\/index.php?rest_route=\/wp\/v2\/types\/post"}],"author":[{"embeddable":true,"href":"https:\/\/diariodominicano.com\/index.php?rest_route=\/wp\/v2\/users\/3"}],"replies":[{"embeddable":true,"href":"https:\/\/diariodominicano.com\/index.php?rest_route=%2Fwp%2Fv2%2Fcomments&post=65907"}],"version-history":[{"count":0,"href":"https:\/\/diariodominicano.com\/index.php?rest_route=\/wp\/v2\/posts\/65907\/revisions"}],"wp:attachment":[{"href":"https:\/\/diariodominicano.com\/index.php?rest_route=%2Fwp%2Fv2%2Fmedia&parent=65907"}],"wp:term":[{"taxonomy":"category","embeddable":true,"href":"https:\/\/diariodominicano.com\/index.php?rest_route=%2Fwp%2Fv2%2Fcategories&post=65907"},{"taxonomy":"post_tag","embeddable":true,"href":"https:\/\/diariodominicano.com\/index.php?rest_route=%2Fwp%2Fv2%2Ftags&post=65907"}],"curies":[{"name":"wp","href":"https:\/\/api.w.org\/{rel}","templated":true}]}}