{"id":65905,"date":"2012-04-17T00:38:42","date_gmt":"2012-04-17T00:38:42","guid":{"rendered":"http:\/\/diariodominicano.ddns.net\/?p=65905"},"modified":"2012-04-17T00:38:42","modified_gmt":"2012-04-17T00:38:42","slug":"rector-uasd-niega-consejo-universitario-haya-cerrado-carreras-en-los-centros-regionales","status":"publish","type":"post","link":"https:\/\/diariodominicano.com\/?p=65905","title":{"rendered":"Rector UASD niega Consejo Universitario haya cerrado carreras en los centros regionales&#13;"},"content":{"rendered":"<p><body><\/p>\n<p><img decoding=\"async\" src=\"http:\/\/localhost:8080\/img3\/uasd.JPG\" \/>  <\/p>\n<p><span class=\"text1noticias\">Rep.Dom. 16 de Abril 08:40 P.M.-El rector de la Universidad Aut\u00f3noma de Santo Domingo (UASD) neg\u00f3 que el Consejo Universitario haya cerrado carreras en los centros universitarios regionales que tuvieran amparadas en resoluciones de ese organismo ejecutivo.<\/span><\/p>\n<\/p>\n<p><span class=\"text1noticias\">El maestro Mateo Aquino Febrillet habl\u00f3 en esos t\u00e9rminos al concluir la sesi\u00f3n del consejo y escuchar los reclamos de los estudiantes del subcentro de la academia en Neyba, quienes reclamaban la inclusi\u00f3n de 8 carreras en los planes de estudios de esa entidad universitaria.<\/span><\/p>\n<\/p>\n<p><span class=\"text1noticias\">Aclar\u00f3 que lo que ha pasado es que aquellas carreras universitarias que no ten\u00edan estudiantes suficientes ni laboratorios, fueron dejadas sin efecto, pero a partir del pr\u00f3ximo semestre.<\/span><\/p>\n<\/p>\n<p><span class=\"text1noticias\">Indic\u00f3 que la realidad es que ninguna de esas carreras estaban abiertas,  por no estar amparadas en resoluciones del Consejo Universitario y a muchos estudiantes se les permit\u00edan inscribirse.  <\/span><\/p>\n<\/p>\n<p><span class=\"text1noticias\">Entre esas carreras figuran: Agronom\u00eda, Producci\u00f3n Animal, Contabilidad, Enfermer\u00eda, Derecho y Pedagog\u00eda.<\/span><\/p>\n<\/p>\n<p><span class=\"text1noticias\">La m\u00e1xima autoridad de la UASD dijo que el Consejo Universitario form\u00f3 una comisi\u00f3n para escuchar los reclamos, tanto de los estudiantes como del Patronato del subcentro de Neyba, con el fin de hacer las investigaciones correspondientes y buscar soluciones.<\/span><\/p>\n<\/p>\n<p><span class=\"text1noticias\">La comisi\u00f3n est\u00e1 conformada por el vicerrector Docente, Jorge Asjana David; la vicerrectora Administrativa, Emma Polanco; el representante de los centros regionales en el Conejo Universitario, Ram\u00f3n Amparo; la decana de la Facultad de Ciencias de la Educaci\u00f3n, Carmen Evarista Mat\u00edas; los representes estudiantiles Lu\u00eds B\u00e1ez y Paola Cabrera.(HG)<\/span>.<\/p>\n<h6> 2012-04-17 00:38:42 <\/h6>\n<p><!--\n<link rel=\"stylesheet\" href=\"css\/bootstrap.min.css\">\n\n\n<ul class=\"pagination\">\n\t    \n\t\n\n<li >\n\t<a href='?page_no=17582'>Previous<\/a>\n\t<\/li>\n\n\n       \n    \n\n<li><a href='?page_no=1'>1<\/a><\/li>\n\n\n\n<li><a href='?page_no=2'>2<\/a><\/li>\n\n\n\n<li><a>...<\/a><\/li>\n\n\n\n<li><a href='?page_no=17581'>17581<\/a><\/li>\n\n\n\n<li><a href='?page_no=17582'>17582<\/a><\/li>\n\n\n\n<li class='active'><a>17583<\/a><\/li>\n\n\n\n<li><a href='?page_no=17584'>17584<\/a><\/li>\n\n\n\n<li><a href='?page_no=17585'>17585<\/a><\/li>\n\n\n\n<li><a>...<\/a><\/li>\n\n\n\n<li><a href='?page_no=22911'>22911<\/a><\/li>\n\n\n\n<li><a href='?page_no=22912'>22912<\/a><\/li>\n\n    \n\t\n\n<li >\n\t<a href='?page_no=17584'>Next<\/a>\n\t<\/li>\n\n\n    \n\n<li><a href='?page_no=22912'>Last &rsaquo;&rsaquo;<\/a><\/li>\n\n<\/ul>\n\n\n--><br \/>\n<\/body><\/p>\n","protected":false},"excerpt":{"rendered":"<p>Rep.Dom. 16 de Abril 08:40 P.M.-El rector de la Universidad Aut\u00f3noma de Santo Domingo (UASD) neg\u00f3 que el Consejo Universitario haya cerrado carreras en los centros universitarios regionales que tuvieran amparadas en resoluciones de ese organismo ejecutivo. El maestro Mateo Aquino Febrillet habl\u00f3 en esos t\u00e9rminos al concluir la sesi\u00f3n del consejo y escuchar los [&hellip;]<\/p>\n","protected":false},"author":3,"featured_media":0,"comment_status":"open","ping_status":"open","sticky":false,"template":"","format":"standard","meta":{"footnotes":""},"categories":[21],"tags":[],"class_list":["post-65905","post","type-post","status-publish","format-standard","hentry","category-cultura"],"_links":{"self":[{"href":"https:\/\/diariodominicano.com\/index.php?rest_route=\/wp\/v2\/posts\/65905","targetHints":{"allow":["GET"]}}],"collection":[{"href":"https:\/\/diariodominicano.com\/index.php?rest_route=\/wp\/v2\/posts"}],"about":[{"href":"https:\/\/diariodominicano.com\/index.php?rest_route=\/wp\/v2\/types\/post"}],"author":[{"embeddable":true,"href":"https:\/\/diariodominicano.com\/index.php?rest_route=\/wp\/v2\/users\/3"}],"replies":[{"embeddable":true,"href":"https:\/\/diariodominicano.com\/index.php?rest_route=%2Fwp%2Fv2%2Fcomments&post=65905"}],"version-history":[{"count":0,"href":"https:\/\/diariodominicano.com\/index.php?rest_route=\/wp\/v2\/posts\/65905\/revisions"}],"wp:attachment":[{"href":"https:\/\/diariodominicano.com\/index.php?rest_route=%2Fwp%2Fv2%2Fmedia&parent=65905"}],"wp:term":[{"taxonomy":"category","embeddable":true,"href":"https:\/\/diariodominicano.com\/index.php?rest_route=%2Fwp%2Fv2%2Fcategories&post=65905"},{"taxonomy":"post_tag","embeddable":true,"href":"https:\/\/diariodominicano.com\/index.php?rest_route=%2Fwp%2Fv2%2Ftags&post=65905"}],"curies":[{"name":"wp","href":"https:\/\/api.w.org\/{rel}","templated":true}]}}