{"id":65904,"date":"2012-04-17T13:51:19","date_gmt":"2012-04-17T13:51:19","guid":{"rendered":"http:\/\/diariodominicano.ddns.net\/?p=65904"},"modified":"2012-04-17T13:51:19","modified_gmt":"2012-04-17T13:51:19","slug":"uasd-recordara-al-sociologo-teofilo-barreiro","status":"publish","type":"post","link":"https:\/\/diariodominicano.com\/?p=65904","title":{"rendered":"UASD recordara al soci\u00f3logo Te\u00f3filo Barreiro"},"content":{"rendered":"<p><body><\/p>\n<p><img decoding=\"async\" src=\"img3\/teofilo barreriro.JPG\" \/>  <\/p>\n<p>Santo Domingo, RD, 17 abril, 9:45 am.- La Escuela de Sociolog\u00eda de la Universidad Aut\u00f3noma de Santo Domingo?UASD- conjuntamente con la Asociaci\u00f3n de Estudiantes de Sociolog\u00eda -ASOESO-  rendir\u00e1 el pr\u00f3ximo jueves 19 de abril un merecido acto de recordaci\u00f3n del soci\u00f3logo dominicano Te\u00f3filo Barreiro, al conmemorarse el decimo aniversario de su fallecimiento.<\/p>\n<p>As\u00ed lo informo la directora de la Escuela de Sociolog\u00eda maestra Marisela Duval quien indic\u00f3 que dentro de las actividades programadas en recordaci\u00f3n de Barreiro, se tienen una visita al lugar donde reposan sus restos en el Cementerio Nacional de la Av. M\u00e1ximo G\u00f3mez, as\u00ed como un taller-conversatorio en la Facultad de Ciencias Econ\u00f3micas y Sociales,  en el que se ponderar\u00e1n algunos aspectos caracter\u00edsticos de su pensamiento sociol\u00f3gico.   <\/p>\n<p>Te\u00f3filo Barreiro se destac\u00f3 por sus publicaciones en el peri\u00f3dico El Nacional y sus continuas apariciones televisivas en programas como la S\u00faper Revista de Color Visi\u00f3n del presentador Domingo Bautista y el Show de Ram\u00f3n An\u00edbal Ramos que se transmite en la ciudad de Nueva York.<\/p>\n<p>Te\u00f3filo era hermano del siempre recordado dirigente estudiantil y m\u00e1rtir del Movimiento Revolucionario 14 de Junio, Jes\u00fas Antonio Barreiro (Tony),  a quien la universidad dedica anualmente sus juegos deportivos. <\/p>\n<\/p>\n<h6> 2012-04-17 13:51:19 <\/h6>\n<p><!--\n<link rel=\"stylesheet\" href=\"css\/bootstrap.min.css\">\n\n\n<ul class=\"pagination\">\n\t    \n\t\n\n<li >\n\t<a href='?page_no=17581'>Previous<\/a>\n\t<\/li>\n\n\n       \n    \n\n<li><a href='?page_no=1'>1<\/a><\/li>\n\n\n\n<li><a href='?page_no=2'>2<\/a><\/li>\n\n\n\n<li><a>...<\/a><\/li>\n\n\n\n<li><a href='?page_no=17580'>17580<\/a><\/li>\n\n\n\n<li><a href='?page_no=17581'>17581<\/a><\/li>\n\n\n\n<li class='active'><a>17582<\/a><\/li>\n\n\n\n<li><a href='?page_no=17583'>17583<\/a><\/li>\n\n\n\n<li><a href='?page_no=17584'>17584<\/a><\/li>\n\n\n\n<li><a>...<\/a><\/li>\n\n\n\n<li><a href='?page_no=22911'>22911<\/a><\/li>\n\n\n\n<li><a href='?page_no=22912'>22912<\/a><\/li>\n\n    \n\t\n\n<li >\n\t<a href='?page_no=17583'>Next<\/a>\n\t<\/li>\n\n\n    \n\n<li><a href='?page_no=22912'>Last &rsaquo;&rsaquo;<\/a><\/li>\n\n<\/ul>\n\n\n--><br \/>\n<\/body><\/p>\n","protected":false},"excerpt":{"rendered":"<p>Santo Domingo, RD, 17 abril, 9:45 am.- La Escuela de Sociolog\u00eda de la Universidad Aut\u00f3noma de Santo Domingo?UASD- conjuntamente con la Asociaci\u00f3n de Estudiantes de Sociolog\u00eda -ASOESO- rendir\u00e1 el pr\u00f3ximo jueves 19 de abril un merecido acto de recordaci\u00f3n del soci\u00f3logo dominicano Te\u00f3filo Barreiro, al conmemorarse el decimo aniversario de su fallecimiento. As\u00ed lo informo [&hellip;]<\/p>\n","protected":false},"author":3,"featured_media":0,"comment_status":"open","ping_status":"open","sticky":false,"template":"","format":"standard","meta":{"footnotes":""},"categories":[21],"tags":[],"class_list":["post-65904","post","type-post","status-publish","format-standard","hentry","category-cultura"],"_links":{"self":[{"href":"https:\/\/diariodominicano.com\/index.php?rest_route=\/wp\/v2\/posts\/65904","targetHints":{"allow":["GET"]}}],"collection":[{"href":"https:\/\/diariodominicano.com\/index.php?rest_route=\/wp\/v2\/posts"}],"about":[{"href":"https:\/\/diariodominicano.com\/index.php?rest_route=\/wp\/v2\/types\/post"}],"author":[{"embeddable":true,"href":"https:\/\/diariodominicano.com\/index.php?rest_route=\/wp\/v2\/users\/3"}],"replies":[{"embeddable":true,"href":"https:\/\/diariodominicano.com\/index.php?rest_route=%2Fwp%2Fv2%2Fcomments&post=65904"}],"version-history":[{"count":0,"href":"https:\/\/diariodominicano.com\/index.php?rest_route=\/wp\/v2\/posts\/65904\/revisions"}],"wp:attachment":[{"href":"https:\/\/diariodominicano.com\/index.php?rest_route=%2Fwp%2Fv2%2Fmedia&parent=65904"}],"wp:term":[{"taxonomy":"category","embeddable":true,"href":"https:\/\/diariodominicano.com\/index.php?rest_route=%2Fwp%2Fv2%2Fcategories&post=65904"},{"taxonomy":"post_tag","embeddable":true,"href":"https:\/\/diariodominicano.com\/index.php?rest_route=%2Fwp%2Fv2%2Ftags&post=65904"}],"curies":[{"name":"wp","href":"https:\/\/api.w.org\/{rel}","templated":true}]}}