{"id":65903,"date":"2012-04-17T18:40:07","date_gmt":"2012-04-17T18:40:07","guid":{"rendered":"http:\/\/diariodominicano.ddns.net\/?p=65903"},"modified":"2012-04-17T18:40:07","modified_gmt":"2012-04-17T18:40:07","slug":"fotoreportero-presentara-exposicion-fotografica-en-la-feria-internacional-de-la-libro","status":"publish","type":"post","link":"https:\/\/diariodominicano.com\/?p=65903","title":{"rendered":"Fotoreportero presentar\u00e1  exposici\u00f3n fotogr\u00e1fica en la Feria Internacional de la Libro"},"content":{"rendered":"<p><body><\/p>\n<p><img decoding=\"async\" src=\"img3\/Francis Arias fotoreportero.JPG\" \/>  <\/p>\n<p><span class=\"text1noticias\">Por: Roberto Rodr\u00edguez <\/span><\/p>\n<p><span class=\"text1noticias\"> <\/span><\/p>\n<p><span class=\"text1noticias\">02:40 PM SANTO DOMINGO, RD, 17 Abr 2012.-El reconocido   foto- reportero Francis Arias (La Koki), presentar\u00e1 en el marco de la Feria Internacional del Libro su primera   exposici\u00f3n fotogr\u00e1fica, \u00abPersonalidades en Risas, Sonrisas y Carcajadas\u00bb.<\/span><\/p>\n<p><span class=\"text1noticias\"> <\/span><\/p>\n<p><span class=\"text1noticias\">Seg\u00fan explic\u00f3  el reputado profesional de la imagen l, a muestra estar\u00e1 abierta al p\u00fablico en general  a partir  del 19 de abril  hasta el  6 de mayo, en la Sala del Museo del Hombre Dominicano, ubicado en la Plaza de la Cultura Juan Pablo Duarte.<\/span><\/p>\n<p><span class=\"text1noticias\"> <\/span><\/p>\n<p><span class=\"text1noticias\">Francis Arias, inform\u00f3 que se trata de una recopilaci\u00f3n de 60 fotograf\u00edas de diversas personalidades nacionales y extranjeras, captadas haciendo un alto en sus respectivos quehaceres para mostrar sus alegr\u00edas en las diversas actividades hecha con el lente fotogr\u00e1fico.<\/span><\/p>\n<p><span class=\"text1noticias\"> <\/span><\/p>\n<p><span class=\"text1noticias\">El artista de la fotograf\u00eda  hizo  un llamado a los estudiantes universitarios  de publicidad,  comunicaci\u00f3n social y carreras afines para que se den cita a la individual y puedan contactar la calidad de las reproducciones las cuales tienen un car\u00e1cter hist\u00f3rico.<\/span><\/p>\n<p><span class=\"text1noticias\"> <\/span><\/p>\n<p><span class=\"text1noticias\">Tambi\u00e9n agradeci\u00f3 el apoyo recibido por diversas personalidades e instituciones que contribuyeron para que la exposici\u00f3n sea una realidad.<\/span><\/p>\n<p><span class=\"text1noticias\"> Y a  la vez  defini\u00f3 como un gran reto para su vida profesional, la muestra puesta en escena a partir de esta semana.<\/span><\/p>\n<p><span class=\"text1noticias\"> <\/span><\/p>\n<p><span class=\"text1noticias\">Francis  Arias se ha destacado como foto reportero de diversos medios escritos del pa\u00eds, viajando por todos los continentes del mundo  cubriendo las incidencias de diversos eventos.<\/span><\/p>\n<\/p>\n<p><strong><em><u><span class=\"text1noticias\">CG.<\/span><\/u><\/em><\/strong><\/p>\n<\/p>\n<h6> 2012-04-17 18:40:07 <\/h6>\n<p><!--\n<link rel=\"stylesheet\" href=\"css\/bootstrap.min.css\">\n\n\n<ul class=\"pagination\">\n\t    \n\t\n\n<li >\n\t<a href='?page_no=17580'>Previous<\/a>\n\t<\/li>\n\n\n       \n    \n\n<li><a href='?page_no=1'>1<\/a><\/li>\n\n\n\n<li><a href='?page_no=2'>2<\/a><\/li>\n\n\n\n<li><a>...<\/a><\/li>\n\n\n\n<li><a href='?page_no=17579'>17579<\/a><\/li>\n\n\n\n<li><a href='?page_no=17580'>17580<\/a><\/li>\n\n\n\n<li class='active'><a>17581<\/a><\/li>\n\n\n\n<li><a href='?page_no=17582'>17582<\/a><\/li>\n\n\n\n<li><a href='?page_no=17583'>17583<\/a><\/li>\n\n\n\n<li><a>...<\/a><\/li>\n\n\n\n<li><a href='?page_no=22911'>22911<\/a><\/li>\n\n\n\n<li><a href='?page_no=22912'>22912<\/a><\/li>\n\n    \n\t\n\n<li >\n\t<a href='?page_no=17582'>Next<\/a>\n\t<\/li>\n\n\n    \n\n<li><a href='?page_no=22912'>Last &rsaquo;&rsaquo;<\/a><\/li>\n\n<\/ul>\n\n\n--><br \/>\n<\/body><\/p>\n","protected":false},"excerpt":{"rendered":"<p>Por: Roberto Rodr\u00edguez 02:40 PM SANTO DOMINGO, RD, 17 Abr 2012.-El reconocido foto- reportero Francis Arias (La Koki), presentar\u00e1 en el marco de la Feria Internacional del Libro su primera exposici\u00f3n fotogr\u00e1fica, \u00abPersonalidades en Risas, Sonrisas y Carcajadas\u00bb. Seg\u00fan explic\u00f3 el reputado profesional de la imagen l, a muestra estar\u00e1 abierta al p\u00fablico en general [&hellip;]<\/p>\n","protected":false},"author":3,"featured_media":0,"comment_status":"open","ping_status":"open","sticky":false,"template":"","format":"standard","meta":{"footnotes":""},"categories":[21],"tags":[],"class_list":["post-65903","post","type-post","status-publish","format-standard","hentry","category-cultura"],"_links":{"self":[{"href":"https:\/\/diariodominicano.com\/index.php?rest_route=\/wp\/v2\/posts\/65903","targetHints":{"allow":["GET"]}}],"collection":[{"href":"https:\/\/diariodominicano.com\/index.php?rest_route=\/wp\/v2\/posts"}],"about":[{"href":"https:\/\/diariodominicano.com\/index.php?rest_route=\/wp\/v2\/types\/post"}],"author":[{"embeddable":true,"href":"https:\/\/diariodominicano.com\/index.php?rest_route=\/wp\/v2\/users\/3"}],"replies":[{"embeddable":true,"href":"https:\/\/diariodominicano.com\/index.php?rest_route=%2Fwp%2Fv2%2Fcomments&post=65903"}],"version-history":[{"count":0,"href":"https:\/\/diariodominicano.com\/index.php?rest_route=\/wp\/v2\/posts\/65903\/revisions"}],"wp:attachment":[{"href":"https:\/\/diariodominicano.com\/index.php?rest_route=%2Fwp%2Fv2%2Fmedia&parent=65903"}],"wp:term":[{"taxonomy":"category","embeddable":true,"href":"https:\/\/diariodominicano.com\/index.php?rest_route=%2Fwp%2Fv2%2Fcategories&post=65903"},{"taxonomy":"post_tag","embeddable":true,"href":"https:\/\/diariodominicano.com\/index.php?rest_route=%2Fwp%2Fv2%2Ftags&post=65903"}],"curies":[{"name":"wp","href":"https:\/\/api.w.org\/{rel}","templated":true}]}}