{"id":659020,"date":"2026-01-07T02:06:31","date_gmt":"2026-01-07T06:06:31","guid":{"rendered":"https:\/\/diariodominicano.com\/?p=659020"},"modified":"2026-01-07T02:41:09","modified_gmt":"2026-01-07T06:41:09","slug":"mandatario-juramenta-a-antoliano-peralta-como-ministro-de-justicia-y-a-jorge-subero-isa-como-consultor-juridico","status":"publish","type":"post","link":"https:\/\/diariodominicano.com\/?p=659020","title":{"rendered":"Abinader juramenta a Antoliano Peralta  ministro de Justicia y a Jorge Subero Isa consultor jur\u00eddico del PE"},"content":{"rendered":"\n<p>El presidente Luis Abinader tras el acto de juramentaci\u00f3n conversa con los doctores Antoliano Peralta y Jorge Subero Isa,.<\/p>\n\n\n\n<p>6 de Enero 2026 | 09:20<\/p>\n\n\n\n<p>:<\/p>\n\n\n\n<p>Santo Domingo, RD\u2013\u00a0<strong>El presidente Luis Abinader<\/strong>\u00a0jurament\u00f3 este martes a\u00a0<strong>Antoliano Peralta\u00a0<\/strong>como ministro de Justicia y a\u00a0<strong>Jorge Subero Isa<\/strong>\u00a0como consultor jur\u00eddico del Poder Ejecutivo, durante un acto celebrado en el Sal\u00f3n de Embajadores del Palacio Nacional.<\/p>\n\n\n\n<p>Con estas designaciones, el mandatario refuerza&nbsp;<strong>\u00e1reas estrat\u00e9gicas del Gobierno<\/strong>&nbsp;vinculadas al&nbsp;<strong>fortalecimiento institucional<\/strong>, el respeto al&nbsp;<strong>Estado de derecho<\/strong>&nbsp;y la&nbsp;<strong>consolidaci\u00f3n<\/strong>&nbsp;<strong>del sistema de justicia.<\/strong><\/p>\n\n\n\n<p>Durante el acto, el juramentado ministro de Justicia, Antoliano Peralta,&nbsp;<strong>agradeci\u00f3<\/strong>&nbsp;al presidente Abinader la&nbsp;<strong>confianza<\/strong>depositada en su persona para asumir&nbsp;<strong>responsabilidades claves para la institucionalidad del Estado<\/strong>&nbsp;y expres\u00f3 su satisfacci\u00f3n de que los trabajos desarrollados desde la Consultor\u00eda Jur\u00eddica del Poder Ejecutivo contin\u00faen bajo la direcci\u00f3n de una figura de&nbsp;<strong>reconocida estatura moral<\/strong>&nbsp;como&nbsp;<strong>Jorge Subero Isa<\/strong>.<\/p>\n\n\n\n<figure class=\"wp-block-image\"><img decoding=\"async\" src=\"https:\/\/www.presidencia.gob.do\/sites\/default\/files\/inline-images\/WhatsApp%20Image%202026-01-06%20at%2009.18.20.jpeg\" alt=\"\"\/><\/figure>\n\n\n\n<p>Peralta destac\u00f3 que el Ministerio de Justicia constituye una pieza fundamental dentro del sistema de&nbsp;<strong>separaci\u00f3n de poderes<\/strong>&nbsp;en la Rep\u00fablica Dominicana, al asumir funciones que, conforme a la Constituci\u00f3n y las leyes, corresponden al&nbsp;<strong>Poder Ejecutivo<\/strong>&nbsp;y que hist\u00f3ricamente estuvieron vinculadas al&nbsp;<strong>Poder Judicial.<\/strong><\/p>\n\n\n\n<p>En sus declaraciones, explic\u00f3 que&nbsp;<strong>el Ministerio de Justicia naci\u00f3 con la Rep\u00fablica<\/strong>&nbsp;y que, por razones hist\u00f3ricas, fue disuelto por \u00faltima vez durante el per\u00edodo de gobierno conocido como el&nbsp;<strong>Triunvirato<\/strong>, por lo que su restablecimiento responde a un&nbsp;<strong>anhelo largamente esperado por la sociedad dominicana.<\/strong><\/p>\n\n\n\n<p>Al referirse a las principales atribuciones de la nueva instituci\u00f3n, adelant\u00f3 que el&nbsp;<strong>sistema penitenciario nacional&nbsp;<\/strong>pasar\u00e1 a ser coordinado y supervisado por el&nbsp;<strong>Ministerio de Justicia<\/strong>, luego de haber estado de manera irregular bajo la regencia del&nbsp;<strong>Ministerio P\u00fablico<\/strong>. Asimismo, se\u00f1al\u00f3 que la coordinaci\u00f3n del&nbsp;<strong>sistema de derechos humanos<\/strong>&nbsp;y el cumplimiento de los&nbsp;<strong>compromisos nacionales e internacionales<\/strong>&nbsp;del pa\u00eds en esta materia ser\u00e1n responsabilidades directas de ese ministerio.<\/p>\n\n\n\n<figure class=\"wp-block-image\"><img decoding=\"async\" src=\"https:\/\/www.presidencia.gob.do\/sites\/default\/files\/inline-images\/WhatsApp%20Image%202026-01-06%20at%2009.18.19%20%281%29.jpeg\" alt=\"\"\/><\/figure>\n\n\n\n<p>De igual modo, indic\u00f3 que el Ministerio de Justicia tendr\u00e1 a su cargo la coordinaci\u00f3n de la&nbsp;<strong>defensa del Estado dominicano ante demandas judiciales<\/strong>, mediante la organizaci\u00f3n de una&nbsp;<strong>Oficina de Defensa de la Administraci\u00f3n P\u00fablica<\/strong>, con el objetivo de enfrentar de manera estructurada los procesos que hist\u00f3ricamente han generado&nbsp;<strong>importantes p\u00e9rdidas<\/strong>&nbsp;para el Estado.<\/p>\n\n\n\n<p>Finalmente, Antoliano Peralta agradeci\u00f3 a todos los que han confiado en su gesti\u00f3n y reiter\u00f3 su reconocimiento al presidente Abinader, al tiempo que, expres\u00f3 su esperanza de cumplir con las expectativas depositadas en esta nueva etapa institucional.<\/p>\n\n\n\n<p>En tanto,&nbsp;<strong>Subero Isa<\/strong>&nbsp;expres\u00f3 su firme compromiso de contribuir al&nbsp;<strong>fortalecimiento de la \u00e9tica, la honestidad y la prevenci\u00f3n del delito<\/strong>&nbsp;desde la Consultor\u00eda Jur\u00eddica del Poder Ejecutivo, tras ser designado por el presidente Abinader para ocupar esa posici\u00f3n.<\/p>\n\n\n\n<p>Subero Isa manifest\u00f3 que, dentro de los l\u00edmites que establecen la ley y los reglamentos, trabajar\u00e1 de manera conjunta con las autoridades correspondientes para que los&nbsp;<strong>funcionarios del Poder Ejecutivo<\/strong>&nbsp;act\u00faen conforme a los&nbsp;<strong>principios fundamentales de la \u00e9tica y la transparencia.<\/strong><\/p>\n\n\n\n<p>Destac\u00f3, adem\u00e1s que, la&nbsp;<strong>prevenci\u00f3n<\/strong>&nbsp;debe ser un&nbsp;<strong>eje central de la gesti\u00f3n p\u00fablica<\/strong>, al se\u00f1alar que<em>&nbsp;\u201cla ciudad m\u00e1s limpia es aquella que no se ensucia; el pa\u00eds donde menos delincuencia hay no es donde m\u00e1s se sanciona, sino donde no se cometen\u201d.<\/em><\/p>\n\n\n\n<p>Asimismo, agradeci\u00f3 al presidente Abinader la confianza depositada en su persona y&nbsp;<strong>reconoci\u00f3 la labor de quien le antecede en el cargo<\/strong>, el jurista Antoliano Peralta Romero, a quien defini\u00f3 como un gran funcionario y amigo, resaltando que su experiencia y reputaci\u00f3n constituyen un&nbsp;<strong>valioso aporte para la administraci\u00f3n de justicia&nbsp;<\/strong>desde su nueva posici\u00f3n.<\/p>\n\n\n\n<figure class=\"wp-block-image\"><img decoding=\"async\" src=\"https:\/\/www.presidencia.gob.do\/sites\/default\/files\/inline-images\/WhatsApp%20Image%202026-01-06%20at%2009.18.19%20%282%29.jpeg\" alt=\"\"\/><\/figure>\n\n\n\n<p><strong>Sobre Peralta Romero<\/strong><\/p>\n\n\n\n<p>Antoliano Peralta Romero a lo largo de su trayectoria profesional se ha destacado como&nbsp;<strong>abogado litigante y consultor de entidades p\u00fablicas y privadas<\/strong>, con especializaci\u00f3n en&nbsp;<strong>materia electoral<\/strong>, adem\u00e1s de haber ocupado importantes&nbsp;<strong>funciones gremiales<\/strong>&nbsp;como vicepresidente del Colegio de Abogados de la Rep\u00fablica Dominicana y secretario general de la Asociaci\u00f3n de Abogados de la Rep\u00fablica Dominicana.&nbsp;<\/p>\n\n\n\n<p>Peralta es&nbsp;<strong>doctor en Derecho<\/strong>, egresado de la Facultad de Ciencias Jur\u00eddicas y Pol\u00edticas de la Universidad Aut\u00f3noma de Santo Domingo (UASD), y cuenta con un&nbsp;<strong>m\u00e1ster en Derecho Administrativo y Gesti\u00f3n Municipal<\/strong>&nbsp;por la Universidad de Castilla-La Mancha, Espa\u00f1a. Hasta su designaci\u00f3n como ministro de Justicia, se desempe\u00f1aba como consultor jur\u00eddico del Poder Ejecutivo, funci\u00f3n para la cual fue designado mediante el Decreto n\u00fam. 324-20 del 16 de agosto de 2020.<\/p>\n\n\n\n<p><strong>Sobre Subero Isa<\/strong><\/p>\n\n\n\n<p>Jorge Subero Isa cuenta con una&nbsp;<strong>destacada carrera en la vida institucional del pa\u00eds<\/strong>. Se desempe\u00f1\u00f3 como presidente de la Suprema Corte de Justicia y del Consejo del Poder Judicial durante catorce a\u00f1os, desde 1997 hasta 2011, per\u00edodo en el que encabez\u00f3 importantes procesos de&nbsp;<strong>modernizaci\u00f3n del sistema judicial<\/strong>, fortaleci\u00f3 la&nbsp;<strong>carrera judicial<\/strong>&nbsp;y contribuy\u00f3 a la consolidaci\u00f3n de la&nbsp;<strong>independencia del Poder Judicial<\/strong>. Adem\u00e1s, ha sido&nbsp;<strong>catedr\u00e1tico universitario, conferencista y autor de m\u00faltiples obras jur\u00eddicas<\/strong>, principalmente en las \u00e1reas de derecho constitucional y administrativo.<\/p>\n\n\n\n<p><a href=\"https:\/\/www.presidencia.gob.do\/taxonomy\/term\/58\">DIPP<\/a><\/p>\n","protected":false},"excerpt":{"rendered":"<p>El presidente Luis Abinader tras el acto de juramentaci\u00f3n conversa con los doctores Antoliano Peralta y Jorge Subero Isa,. 6 de Enero 2026 | 09:20 : Santo Domingo, RD\u2013\u00a0El presidente Luis Abinader\u00a0jurament\u00f3 este martes a\u00a0Antoliano Peralta\u00a0como ministro de Justicia y a\u00a0Jorge Subero Isa\u00a0como consultor jur\u00eddico del Poder Ejecutivo, durante un acto celebrado en el Sal\u00f3n [&hellip;]<\/p>\n","protected":false},"author":2,"featured_media":659021,"comment_status":"closed","ping_status":"closed","sticky":false,"template":"","format":"standard","meta":{"footnotes":""},"categories":[36,24],"tags":[1854],"class_list":["post-659020","post","type-post","status-publish","format-standard","has-post-thumbnail","hentry","category-hombresmujeresycosas","category-justicia-y-derecho","tag-presidente-abinader"],"_links":{"self":[{"href":"https:\/\/diariodominicano.com\/index.php?rest_route=\/wp\/v2\/posts\/659020","targetHints":{"allow":["GET"]}}],"collection":[{"href":"https:\/\/diariodominicano.com\/index.php?rest_route=\/wp\/v2\/posts"}],"about":[{"href":"https:\/\/diariodominicano.com\/index.php?rest_route=\/wp\/v2\/types\/post"}],"author":[{"embeddable":true,"href":"https:\/\/diariodominicano.com\/index.php?rest_route=\/wp\/v2\/users\/2"}],"replies":[{"embeddable":true,"href":"https:\/\/diariodominicano.com\/index.php?rest_route=%2Fwp%2Fv2%2Fcomments&post=659020"}],"version-history":[{"count":4,"href":"https:\/\/diariodominicano.com\/index.php?rest_route=\/wp\/v2\/posts\/659020\/revisions"}],"predecessor-version":[{"id":659027,"href":"https:\/\/diariodominicano.com\/index.php?rest_route=\/wp\/v2\/posts\/659020\/revisions\/659027"}],"wp:featuredmedia":[{"embeddable":true,"href":"https:\/\/diariodominicano.com\/index.php?rest_route=\/wp\/v2\/media\/659021"}],"wp:attachment":[{"href":"https:\/\/diariodominicano.com\/index.php?rest_route=%2Fwp%2Fv2%2Fmedia&parent=659020"}],"wp:term":[{"taxonomy":"category","embeddable":true,"href":"https:\/\/diariodominicano.com\/index.php?rest_route=%2Fwp%2Fv2%2Fcategories&post=659020"},{"taxonomy":"post_tag","embeddable":true,"href":"https:\/\/diariodominicano.com\/index.php?rest_route=%2Fwp%2Fv2%2Ftags&post=659020"}],"curies":[{"name":"wp","href":"https:\/\/api.w.org\/{rel}","templated":true}]}}