{"id":65902,"date":"2012-04-17T18:46:31","date_gmt":"2012-04-17T18:46:31","guid":{"rendered":"http:\/\/diariodominicano.ddns.net\/?p=65902"},"modified":"2012-04-17T18:46:31","modified_gmt":"2012-04-17T18:46:31","slug":"ecos-espacio-de-danza-conmemora-el-dia-internacional-de-la-danza","status":"publish","type":"post","link":"https:\/\/diariodominicano.com\/?p=65902","title":{"rendered":"Ecos Espacio de Danza conmemora el D\u00eda Internacional de la Danza&#13;"},"content":{"rendered":"<p><body><\/p>\n<p><img decoding=\"async\" src=\"img3\/DANZA AWILDA.jpg\" \/><br \/><img decoding=\"async\" src=\"img3\/DANZA AWILDA 2.jpg\" \/>  <\/p>\n<p><span class=\"text1noticias\">02:50 PM SANTO DOMINGO, RD, 17 Abr 2012.-En el mes de Abril Ecos Espacio de Danza celebra el D\u00eda Internacional de la Danza introduciendo novedosas tendencias a su propuesta de formaci\u00f3n con la finalidad de promover este arte dando a conocer sus beneficios emocionales, espirituales y f\u00edsicos.<\/span><\/p>\n<p><span class=\"text1noticias\"> <\/span><\/p>\n<p><span class=\"text1noticias\">Modern Jazz, Fit-Moves, Chillout Jazz, Boy\u00b4s Can Dance (Hip-Hop para ni\u00f1os), Smooth Pilates (para mayores de 45 a\u00f1os) entre otras.<\/span><\/p>\n<p><span class=\"text1noticias\"> <\/span><\/p>\n<p><span class=\"text1noticias\">Awilda Polanco, directora de Ecos Espacio de Danza invita a recibir bienestar, diversi\u00f3n, reflexi\u00f3n,  humanismo e incontables beneficios para tu cuerpo y tu mente adentr\u00e1ndote en esta milenaria forma de expresi\u00f3n art\u00edstica.<\/span><\/p>\n<p><span class=\"text1noticias\"> <\/span><\/p>\n<p><span class=\"text1noticias\">La maestra resalta como beneficios de la danza una mejora en la autoestima ya que estimula la sociabilidad, combate el estr\u00e9s, y permite conocer m\u00e1s afondo el cuerpo.<\/span><\/p>\n<p><span class=\"text1noticias\"> <\/span><\/p>\n<p><span class=\"text1noticias\">\u00abLos beneficios de este arte son numerosos que se pueden ver a nivel f\u00edsicos, espirituales y emocionales, ayudando a modificar a la persona\u00bb, dice la maestra<\/span><\/p>\n<p><span class=\"text1noticias\"> <\/span><\/p>\n<p><span class=\"text1noticias\">A nivel f\u00edsico podemos resaltar los beneficios de tonificaci\u00f3n, fortalecimiento corporal, buena utilizaci\u00f3n de la respiraci\u00f3n, mejora en la  circulaci\u00f3n, entre otros.<\/span><\/p>\n<p><span class=\"text1noticias\"> <\/span><\/p>\n<p><span class=\"text1noticias\">A nivel espiritual conecta mucho con lo que es la relaci\u00f3n cuerpo mente y a trav\u00e9s de \u00e9sta, es mucho lo que el esp\u00edritu puede liberar en una b\u00fasqueda de la plenitud total.<\/span><\/p>\n<p><span class=\"text1noticias\"> <\/span><\/p>\n<p><span class=\"text1noticias\">A nivel emocional el individuo reafirma su confianza en si mismo, ayuda a tener una mejor comunicaci\u00f3n con su entorno y facilita su expresividad con los dem\u00e1s, ayudando a ser un ente m\u00e1s sociable.<\/span><\/p>\n<p><span class=\"text1noticias\">Ecos se ha caracterizando por impulsar propuestas innovadoras desde la contemporaneidad. Desarrollando herramientas para la formaci\u00f3n de int\u00e9rpretes \u00edntegros y capaces de vincularse a otros  ordenes de pensamiento con un amplio sentido \u00e9tico y cr\u00edtico ante si mismos, el arte y la sociedad.<\/span><\/p>\n<p><span class=\"text1noticias\"> <\/span><\/p>\n<p><span class=\"text1noticias\">\u00abBuscamos establecer din\u00e1micas de trabajo propositivas, para que ni\u00f1os, adolescente y adultos se conviertan en agentes de su propio proceso de formaci\u00f3n y con la ayuda del maestro afiancen un profundo sentimiento de plenitud a trav\u00e9s de movimientos eficaces y est\u00e9ticos que le permitan expresarse y liberarse\u00bb, expresa Awilda Polanco.<\/span><\/p>\n<p><span class=\"text1noticias\"> <\/span><\/p>\n<p><span class=\"text1noticias\">Ecos celebra el mes de la danza para mayor informaci\u00f3n y contacto puedes contactar awww.facebook.com\/ecosespaciodedanza  o al 829-986-2402.   <\/span><\/p>\n<\/p>\n<p><strong><em><u><span class=\"text1noticias\">CG.<\/span><\/u><\/em><\/strong><\/p>\n<\/p>\n<\/p>\n<h6> 2012-04-17 18:46:31 <\/h6>\n<p><!--\n<link rel=\"stylesheet\" href=\"css\/bootstrap.min.css\">\n\n\n<ul class=\"pagination\">\n\t    \n\t\n\n<li >\n\t<a href='?page_no=17579'>Previous<\/a>\n\t<\/li>\n\n\n       \n    \n\n<li><a href='?page_no=1'>1<\/a><\/li>\n\n\n\n<li><a href='?page_no=2'>2<\/a><\/li>\n\n\n\n<li><a>...<\/a><\/li>\n\n\n\n<li><a href='?page_no=17578'>17578<\/a><\/li>\n\n\n\n<li><a href='?page_no=17579'>17579<\/a><\/li>\n\n\n\n<li class='active'><a>17580<\/a><\/li>\n\n\n\n<li><a href='?page_no=17581'>17581<\/a><\/li>\n\n\n\n<li><a href='?page_no=17582'>17582<\/a><\/li>\n\n\n\n<li><a>...<\/a><\/li>\n\n\n\n<li><a href='?page_no=22911'>22911<\/a><\/li>\n\n\n\n<li><a href='?page_no=22912'>22912<\/a><\/li>\n\n    \n\t\n\n<li >\n\t<a href='?page_no=17581'>Next<\/a>\n\t<\/li>\n\n\n    \n\n<li><a href='?page_no=22912'>Last &rsaquo;&rsaquo;<\/a><\/li>\n\n<\/ul>\n\n\n--><br \/>\n<\/body><\/p>\n","protected":false},"excerpt":{"rendered":"<p>02:50 PM SANTO DOMINGO, RD, 17 Abr 2012.-En el mes de Abril Ecos Espacio de Danza celebra el D\u00eda Internacional de la Danza introduciendo novedosas tendencias a su propuesta de formaci\u00f3n con la finalidad de promover este arte dando a conocer sus beneficios emocionales, espirituales y f\u00edsicos. Modern Jazz, Fit-Moves, Chillout Jazz, Boy\u00b4s Can Dance [&hellip;]<\/p>\n","protected":false},"author":3,"featured_media":0,"comment_status":"open","ping_status":"open","sticky":false,"template":"","format":"standard","meta":{"footnotes":""},"categories":[21],"tags":[],"class_list":["post-65902","post","type-post","status-publish","format-standard","hentry","category-cultura"],"_links":{"self":[{"href":"https:\/\/diariodominicano.com\/index.php?rest_route=\/wp\/v2\/posts\/65902","targetHints":{"allow":["GET"]}}],"collection":[{"href":"https:\/\/diariodominicano.com\/index.php?rest_route=\/wp\/v2\/posts"}],"about":[{"href":"https:\/\/diariodominicano.com\/index.php?rest_route=\/wp\/v2\/types\/post"}],"author":[{"embeddable":true,"href":"https:\/\/diariodominicano.com\/index.php?rest_route=\/wp\/v2\/users\/3"}],"replies":[{"embeddable":true,"href":"https:\/\/diariodominicano.com\/index.php?rest_route=%2Fwp%2Fv2%2Fcomments&post=65902"}],"version-history":[{"count":0,"href":"https:\/\/diariodominicano.com\/index.php?rest_route=\/wp\/v2\/posts\/65902\/revisions"}],"wp:attachment":[{"href":"https:\/\/diariodominicano.com\/index.php?rest_route=%2Fwp%2Fv2%2Fmedia&parent=65902"}],"wp:term":[{"taxonomy":"category","embeddable":true,"href":"https:\/\/diariodominicano.com\/index.php?rest_route=%2Fwp%2Fv2%2Fcategories&post=65902"},{"taxonomy":"post_tag","embeddable":true,"href":"https:\/\/diariodominicano.com\/index.php?rest_route=%2Fwp%2Fv2%2Ftags&post=65902"}],"curies":[{"name":"wp","href":"https:\/\/api.w.org\/{rel}","templated":true}]}}