{"id":659013,"date":"2026-01-07T01:56:26","date_gmt":"2026-01-07T05:56:26","guid":{"rendered":"https:\/\/diariodominicano.com\/?p=659013"},"modified":"2026-01-07T02:24:50","modified_gmt":"2026-01-07T06:24:50","slug":"presidente-abinader-realiza-nuevos-nombramientos-en-industria-y-comercio-aduanas-y-viviendas-mediante-el-decreto-3-26-presidencia","status":"publish","type":"post","link":"https:\/\/diariodominicano.com\/?p=659013","title":{"rendered":"Presidente Abinader realiza nuevos nombramientos en Industria y Comercio, Aduanas y Viviendas mediante el Decreto 3-26: Presidencia"},"content":{"rendered":"\n<p>ARCHIVO: Presidente Luis Abinader<\/p>\n\n\n\n<h3 class=\"wp-block-heading\">Eduardo Sanz Lovat\u00f3n, V\u00edctor Bison\u00f3 y Nelson Arroyo ser\u00e1n los nuevos incumbentes de dichas instituciones.<\/h3>\n\n\n\n<p>6 de Enero 2026 | 18:02 <\/p>\n\n\n\n<p>Santo Domingo, RD.-&nbsp;<strong>El presidente <\/strong>Luis Abinader&nbsp;dispuso una nueva&nbsp;<strong>reconfiguraci\u00f3n del tren gubernamental&nbsp;<\/strong>mediante el&nbsp;<a href=\"https:\/\/presidencia.gob.do\/decretos\/3-26\"><strong>Decreto n\u00fam. 3-26<\/strong><\/a>, con el que fueron designados<strong>&nbsp;Eduardo \u201cYayo\u201d Sanz Lovat\u00f3n<\/strong>&nbsp;como ministro de Industria, Comercio y Mipymes;&nbsp;<strong>Nelson Arroyo<\/strong>&nbsp;como director general de Aduanas; y<strong>&nbsp;V\u00edctor \u201cIto\u201d Bison\u00f3<\/strong>&nbsp;como ministro de Viviendas y Edificaciones. Las designaciones buscan fortalecer&nbsp;<strong>\u00e1reas estrat\u00e9gicas<\/strong>&nbsp;vinculadas al&nbsp;<strong>crecimiento econ\u00f3mico, el comercio exterior y la pol\u00edtica habitacional.<\/strong><\/p>\n\n\n\n<p><strong>Eduardo \u201cYayo\u201d Sanz Lovat\u00f3n, nuevo ministro de Industria, Comercio y Mipymes,&nbsp;<\/strong>desde agosto de 2020 se hab\u00eda desempe\u00f1ado como director general de Aduanas. En el \u00e1mbito pol\u00edtico, es fundador del PRM y su actual secretario nacional de Finanzas, adem\u00e1s de miembro de la Direcci\u00f3n Ejecutiva, y fue director pol\u00edtico de la campa\u00f1a presidencial de Luis Abinader en 2020. Es abogado, egresado de la Pontificia Universidad Cat\u00f3lica Madre y Maestra (PUCMM), con una maestr\u00eda en Derecho Internacional del Centro de Estudios Estrat\u00e9gicos de Par\u00eds. Fue profesor universitario en PUCMM, APEC y Unibe entre 2003 y 2016, y socio gerente de la firma Staff Legal, SRL, desde 2004 hasta 2020.&nbsp;<\/p>\n\n\n\n<p><strong>Nelson Arroyo<\/strong>,&nbsp;<strong>que pasa a ser director general de Aduanas<\/strong>, se desempe\u00f1\u00f3 durante el per\u00edodo 2020\u20132024 como presidente del Instituto Dominicano de las Telecomunicaciones (Indotel), cargo que ocup\u00f3 hasta su reciente sustituci\u00f3n. Naci\u00f3 en el municipio de Moca, provincia Espaillat. Es doctor en Derecho por la Universidad Central del Este y fundador de la firma Arroyo &amp; Asociados. Su trayectoria pol\u00edtica incluye su elecci\u00f3n como regidor de San Pedro de Macor\u00eds en 1998, como gobernador civil en el a\u00f1o 2000 y como diputado al Congreso Nacional entre 2006 y 2016, donde presidi\u00f3 la comisi\u00f3n de C\u00e1mara de Cuentas y fue miembro de la Comisi\u00f3n de Justicia. Adem\u00e1s, ha sido vocero de bancadas tanto del PRD como del PRM.<\/p>\n\n\n\n<p><strong>V\u00edctor \u201cIto\u201d Bison\u00f3, ahora ministro de Viviendas y Edificaciones,&nbsp;<\/strong>es un servidor p\u00fablico con m\u00e1s de 30 a\u00f1os de trayectoria institucional. Fue ministro de Industria, Comercio y Mipymes desde agosto de 2020 y cuatro veces diputado del Distrito Nacional entre 2002 y 2020. Ha impulsado importantes marcos legales en materia de competitividad, energ\u00edas renovables, sociedades comerciales e institucionalidad, y ha formado parte del Consejo Nacional de la Magistratura. Su gesti\u00f3n p\u00fablica se ha caracterizado por un enfoque t\u00e9cnico, pragm\u00e1tico y orientado a resultados.<\/p>\n\n\n\n<p>Con informaci\u00f3n de la Presidencia de la Rep\u00fablica.<\/p>\n\n\n\n<p><a href=\"https:\/\/www.presidencia.gob.do\/taxonomy\/term\/58\">DIPP<\/a><\/p>\n\n\n\n<h1 class=\"wp-block-heading\">El presidente Abinader designa nuevos titulares en Agricultura, Mujer, la DGII y Gabinete Social<\/h1>\n\n\n\n<h3 class=\"wp-block-heading\"><\/h3>\n\n\n\n<p>6 de Enero 2026 | 11:53<\/p>\n\n\n\n<figure class=\"wp-block-image\"><img decoding=\"async\" src=\"https:\/\/www.presidencia.gob.do\/sites\/default\/files\/styles\/large\/public\/news\/2026-01\/ImagenActual03.jpg?itok=MKbIP7Mv\" alt=\"Palacio\"\/><\/figure>\n\n\n\n<figure class=\"wp-block-image\"><img decoding=\"async\" src=\"https:\/\/platform-cdn.sharethis.com\/img\/facebook.svg\" alt=\"facebook sharing button\"\/><\/figure>\n\n\n\n<p>Santo Domingo, RD.\u2013&nbsp;<strong>El presidente de la Rep\u00fablica, Luis Abinader<\/strong>, dispuso una serie de&nbsp;<strong>cambios&nbsp;<\/strong>en el tren gubernamental mediante el&nbsp;<a href=\"https:\/\/presidencia.gob.do\/decretos\/2-26\"><strong>Decreto n\u00fam. 2-26<\/strong><\/a>, con nuevas designaciones en los&nbsp;<strong>sectores agropecuario, fiscal, de g\u00e9nero y de pol\u00edticas sociales<\/strong>, como parte de una&nbsp;<strong>reorganizaci\u00f3n administrativa<\/strong>&nbsp;para el per\u00edodo de gobierno en curso.<\/p>\n\n\n\n<p>De acuerdo con la disposici\u00f3n,&nbsp;<strong>Francisco Oliverio Espaillat Bencosme<\/strong>&nbsp;fue designado&nbsp;<strong>ministro de Agricultura<\/strong>. Espaillat Bencosme es ingeniero agr\u00f3nomo, egresado&nbsp;<em>cum laude<\/em>&nbsp;de la Pontificia Universidad Cat\u00f3lica Madre y Maestra (PUCMM), y cuenta con m\u00e1s de tres d\u00e9cadas de experiencia en el sector arrocero nacional. Ha estado vinculado a procesos de modernizaci\u00f3n agr\u00edcola y fue reconocido en 2021 por la Junta Agroempresarial Dominicana como Agroempresario del A\u00f1o.<\/p>\n\n\n\n<p>En el \u00e1mbito fiscal, el referido decreto nombra a&nbsp;<strong>Pedro Porfirio Urrutia Sangiovanni&nbsp;<\/strong>como director general de la&nbsp;<strong>Direcci\u00f3n General de Impuestos Internos (DGII)<\/strong>. Urrutia Sangiovanni es contador p\u00fablico autorizado, con maestr\u00eda en Derecho Tributario y Asesor\u00eda Fiscal. Es socio fundador de la firma Moore ULA y ha participado en la elaboraci\u00f3n y revisi\u00f3n de marcos legales vinculados al sistema tributario y societario del pa\u00eds.<\/p>\n\n\n\n<p>Asimismo,&nbsp;<strong>Gloria Roely Reyes G\u00f3mez<\/strong>&nbsp;fue designada&nbsp;<strong>ministra de la Mujer<\/strong>. Reyes G\u00f3mez es abogada, con formaci\u00f3n en Derecho Internacional y Microfinanzas, y fue diputada por la circunscripci\u00f3n n\u00famero 5 del Distrito Nacional durante el per\u00edodo 2016-2020. Previamente se desempe\u00f1\u00f3 como directora general del programa Sup\u00e9rate, donde estuvo a cargo de la ejecuci\u00f3n de pol\u00edticas de asistencia y desarrollo social.<\/p>\n\n\n\n<p>En el \u00e1rea social, el decreto establece la designaci\u00f3n de&nbsp;<strong>Mayra Jim\u00e9nez<\/strong>&nbsp;como directora de la&nbsp;<strong>Direcci\u00f3n de Desarrollo Social Sup\u00e9rate<\/strong>. Jim\u00e9nez fue ministra de la Mujer desde el a\u00f1o 2020 y cuenta con experiencia en foros regionales e internacionales vinculados a pol\u00edticas de igualdad y derechos de las mujeres. De igual modo,&nbsp;<strong>Geanilda V\u00e1squez&nbsp;<\/strong>asumir\u00e1 como&nbsp;<strong>coordinadora del Gabinete de Pol\u00edticas Sociales<\/strong>. V\u00e1squez es doctora en Derecho, con maestr\u00eda en Gerencia P\u00fablica, y ha ocupado diversas posiciones en la administraci\u00f3n p\u00fablica, incluyendo funciones diplom\u00e1ticas y de gesti\u00f3n institucional.<\/p>\n\n\n\n<p>El presidente inform\u00f3 que con estas nuevas designaciones el Gobierno inicia&nbsp;<strong>una nueva etapa<\/strong>&nbsp;que traiga&nbsp;<strong>transformaciones<\/strong>&nbsp;para seguir mejorando la&nbsp;<strong>calidad de vida de los dominicanos.<\/strong><\/p>\n\n\n\n<p>Con informaci\u00f3n de la Presidencia de la Rep\u00fablica,<\/p>\n","protected":false},"excerpt":{"rendered":"<p>ARCHIVO: Presidente Luis Abinader Eduardo Sanz Lovat\u00f3n, V\u00edctor Bison\u00f3 y Nelson Arroyo ser\u00e1n los nuevos incumbentes de dichas instituciones. 6 de Enero 2026 | 18:02 Santo Domingo, RD.-&nbsp;El presidente Luis Abinader&nbsp;dispuso una nueva&nbsp;reconfiguraci\u00f3n del tren gubernamental&nbsp;mediante el&nbsp;Decreto n\u00fam. 3-26, con el que fueron designados&nbsp;Eduardo \u201cYayo\u201d Sanz Lovat\u00f3n&nbsp;como ministro de Industria, Comercio y Mipymes;&nbsp;Nelson Arroyo&nbsp;como director [&hellip;]<\/p>\n","protected":false},"author":2,"featured_media":643245,"comment_status":"closed","ping_status":"closed","sticky":false,"template":"","format":"standard","meta":{"footnotes":""},"categories":[20,27],"tags":[1854],"class_list":["post-659013","post","type-post","status-publish","format-standard","has-post-thumbnail","hentry","category-dominicana-hoy","category-portada","tag-presidente-abinader"],"_links":{"self":[{"href":"https:\/\/diariodominicano.com\/index.php?rest_route=\/wp\/v2\/posts\/659013","targetHints":{"allow":["GET"]}}],"collection":[{"href":"https:\/\/diariodominicano.com\/index.php?rest_route=\/wp\/v2\/posts"}],"about":[{"href":"https:\/\/diariodominicano.com\/index.php?rest_route=\/wp\/v2\/types\/post"}],"author":[{"embeddable":true,"href":"https:\/\/diariodominicano.com\/index.php?rest_route=\/wp\/v2\/users\/2"}],"replies":[{"embeddable":true,"href":"https:\/\/diariodominicano.com\/index.php?rest_route=%2Fwp%2Fv2%2Fcomments&post=659013"}],"version-history":[{"count":3,"href":"https:\/\/diariodominicano.com\/index.php?rest_route=\/wp\/v2\/posts\/659013\/revisions"}],"predecessor-version":[{"id":659034,"href":"https:\/\/diariodominicano.com\/index.php?rest_route=\/wp\/v2\/posts\/659013\/revisions\/659034"}],"wp:featuredmedia":[{"embeddable":true,"href":"https:\/\/diariodominicano.com\/index.php?rest_route=\/wp\/v2\/media\/643245"}],"wp:attachment":[{"href":"https:\/\/diariodominicano.com\/index.php?rest_route=%2Fwp%2Fv2%2Fmedia&parent=659013"}],"wp:term":[{"taxonomy":"category","embeddable":true,"href":"https:\/\/diariodominicano.com\/index.php?rest_route=%2Fwp%2Fv2%2Fcategories&post=659013"},{"taxonomy":"post_tag","embeddable":true,"href":"https:\/\/diariodominicano.com\/index.php?rest_route=%2Fwp%2Fv2%2Ftags&post=659013"}],"curies":[{"name":"wp","href":"https:\/\/api.w.org\/{rel}","templated":true}]}}