{"id":65901,"date":"2012-04-17T19:47:59","date_gmt":"2012-04-17T19:47:59","guid":{"rendered":"http:\/\/diariodominicano.ddns.net\/?p=65901"},"modified":"2012-04-17T19:47:59","modified_gmt":"2012-04-17T19:47:59","slug":"la-galeria-de-arte-lyle-o-reitzel-presenta-historias-de-un-pais-gentil","status":"publish","type":"post","link":"https:\/\/diariodominicano.com\/?p=65901","title":{"rendered":"&#13;La galer\u00eda de Arte LYLE O REITZEL presenta: \u00abhistorias de un pa\u00eds gentil\u00bb"},"content":{"rendered":"<p><body><\/p>\n<p><img decoding=\"async\" src=\"img3\/Hay mas dias que longaniza.jpg\" \/><br \/><img decoding=\"async\" src=\"img3\/Llevate a mi amiguita tambien.jpg\" \/><br \/><img decoding=\"async\" src=\"img3\/Dos Diablas y tigueres con cuartos.jpg\" \/>  <\/p>\n<p><span class=\"text1noticias\">03:55 PM SANTO DOMINGO, RD, 17 Abr 2012.-La galer\u00eda de arte contempor\u00e1neo  Lyle O. Reitzel Gallery, presenta por tercera vez en el pa\u00eds al maestro cubano Jos\u00e9 Bedia, con un show atrevido y controversial, restringido solo para un p\u00fablico adulto mayor de 18 a\u00f1os: \u00abHistorias de un pa\u00eds gentil\u00bb  a partir del jueves 03 de mayo de 2012  a las 8:00pm. <\/span><\/p>\n<\/p>\n<p><span class=\"text1noticias\">Jos\u00e9 Bedia  (La Habana, 1959) es uno de los artistas m\u00e1s significativos que irrumpen en la d\u00e9cada de los 80 del siglo XX. Galardonado con el primer premio de la IV Bienal Internacional de Beijing, ha sido reconocido y celebrado con importantes muestras retrospectivas de su trabajo de las \u00faltimas tres d\u00e9cadas con \u00abTranscultural Pilgrim: Three decades of work\u00bb en The Fowler Museum de California y recientemente \u00abEntre dos Mundos\u00bb en Casa de Am\u00e9rica en Espa\u00f1a. <\/span><\/p>\n<\/p>\n<p><span class=\"text1noticias\">Sus piezas han formado parte de cuantiosas muestras expositivas y aparecen en innumerables colecciones de Estados Unidos, Cuba y Europa. Fue incluido en la exposici\u00f3n Artistas Latinoamericanos del siglo XX, organizada por el MOMA a finales de los 90.<\/span><\/p>\n<\/p>\n<p><span class=\"text1noticias\">En esta ocasi\u00f3n el artista nos presenta catorce obras, elaboradas en t\u00e9cnica mixta, cargadas de relatos visuales sobre su experiencia en la Republica Dominicana, mas bien, nos presenta una radiograf\u00eda y estudio antropol\u00f3gico de la realidad social y econ\u00f3mica de nuestro pa\u00eds. Nos ense\u00f1a lo que hay de verdad, detr\u00e1s de la cortina, sin poses, sin ruido, sin el trastorno de lo que no vale la pena. As\u00ed es su obra: un terreno despejado que nos deja ver los dos mundos entre los que \u00e9l dibuja y nosotros vivimos.<\/span><\/p>\n<\/p>\n<p><span class=\"text1noticias\">Su aproximaci\u00f3n y fascinaci\u00f3n por la Republica Dominicana lo convierte en narrador de historias, poco contadas por artistas nacionales de nuestro imaginario social cotidiano. Bedia hurga en lugares de la conciencia colectiva poco tratados, revelando un sub-mundo donde interact\u00faan personajes de distintas castas urbanas, donde al mismo tiempo el investigador se convierte en protagonista del drama humano.<\/span><\/p>\n<\/p>\n<p><span class=\"text1noticias\">La exposici\u00f3n estar\u00e1 abierta al p\u00fablico hasta el pr\u00f3ximo 03 de junio del 2012.<\/span><\/p>\n<\/p>\n<p><em><strong><u><span class=\"text1noticias\">CG.<\/span><\/u><\/strong><\/em><\/p>\n<\/p>\n<h6> 2012-04-17 19:47:59 <\/h6>\n<p><!--\n<link rel=\"stylesheet\" href=\"css\/bootstrap.min.css\">\n\n\n<ul class=\"pagination\">\n\t    \n\t\n\n<li >\n\t<a href='?page_no=17578'>Previous<\/a>\n\t<\/li>\n\n\n       \n    \n\n<li><a href='?page_no=1'>1<\/a><\/li>\n\n\n\n<li><a href='?page_no=2'>2<\/a><\/li>\n\n\n\n<li><a>...<\/a><\/li>\n\n\n\n<li><a href='?page_no=17577'>17577<\/a><\/li>\n\n\n\n<li><a href='?page_no=17578'>17578<\/a><\/li>\n\n\n\n<li class='active'><a>17579<\/a><\/li>\n\n\n\n<li><a href='?page_no=17580'>17580<\/a><\/li>\n\n\n\n<li><a href='?page_no=17581'>17581<\/a><\/li>\n\n\n\n<li><a>...<\/a><\/li>\n\n\n\n<li><a href='?page_no=22911'>22911<\/a><\/li>\n\n\n\n<li><a href='?page_no=22912'>22912<\/a><\/li>\n\n    \n\t\n\n<li >\n\t<a href='?page_no=17580'>Next<\/a>\n\t<\/li>\n\n\n    \n\n<li><a href='?page_no=22912'>Last &rsaquo;&rsaquo;<\/a><\/li>\n\n<\/ul>\n\n\n--><br \/>\n<\/body><\/p>\n","protected":false},"excerpt":{"rendered":"<p>03:55 PM SANTO DOMINGO, RD, 17 Abr 2012.-La galer\u00eda de arte contempor\u00e1neo Lyle O. Reitzel Gallery, presenta por tercera vez en el pa\u00eds al maestro cubano Jos\u00e9 Bedia, con un show atrevido y controversial, restringido solo para un p\u00fablico adulto mayor de 18 a\u00f1os: \u00abHistorias de un pa\u00eds gentil\u00bb a partir del jueves 03 de [&hellip;]<\/p>\n","protected":false},"author":3,"featured_media":0,"comment_status":"open","ping_status":"open","sticky":false,"template":"","format":"standard","meta":{"footnotes":""},"categories":[21],"tags":[],"class_list":["post-65901","post","type-post","status-publish","format-standard","hentry","category-cultura"],"_links":{"self":[{"href":"https:\/\/diariodominicano.com\/index.php?rest_route=\/wp\/v2\/posts\/65901","targetHints":{"allow":["GET"]}}],"collection":[{"href":"https:\/\/diariodominicano.com\/index.php?rest_route=\/wp\/v2\/posts"}],"about":[{"href":"https:\/\/diariodominicano.com\/index.php?rest_route=\/wp\/v2\/types\/post"}],"author":[{"embeddable":true,"href":"https:\/\/diariodominicano.com\/index.php?rest_route=\/wp\/v2\/users\/3"}],"replies":[{"embeddable":true,"href":"https:\/\/diariodominicano.com\/index.php?rest_route=%2Fwp%2Fv2%2Fcomments&post=65901"}],"version-history":[{"count":0,"href":"https:\/\/diariodominicano.com\/index.php?rest_route=\/wp\/v2\/posts\/65901\/revisions"}],"wp:attachment":[{"href":"https:\/\/diariodominicano.com\/index.php?rest_route=%2Fwp%2Fv2%2Fmedia&parent=65901"}],"wp:term":[{"taxonomy":"category","embeddable":true,"href":"https:\/\/diariodominicano.com\/index.php?rest_route=%2Fwp%2Fv2%2Fcategories&post=65901"},{"taxonomy":"post_tag","embeddable":true,"href":"https:\/\/diariodominicano.com\/index.php?rest_route=%2Fwp%2Fv2%2Ftags&post=65901"}],"curies":[{"name":"wp","href":"https:\/\/api.w.org\/{rel}","templated":true}]}}