{"id":65900,"date":"2012-04-17T21:38:27","date_gmt":"2012-04-17T21:38:27","guid":{"rendered":"http:\/\/diariodominicano.ddns.net\/?p=65900"},"modified":"2012-04-17T21:38:27","modified_gmt":"2012-04-17T21:38:27","slug":"dpd-y-bijrd-culminan-exitosamente-ii-festival-internacional-de-cuentacuentos","status":"publish","type":"post","link":"https:\/\/diariodominicano.com\/?p=65900","title":{"rendered":"DPD y BIJRD culminan exitosamente II Festival Internacional de Cuentacuentos&#13;"},"content":{"rendered":"<p><body><\/p>\n<p><img decoding=\"async\" src=\"img3\/barry.JPG\" \/>  <\/p>\n<p><span class=\"text1noticias\">Rep.Dom. 17 de Abril 05:38 P.M.- El Despacho de la Primera Dama y la Biblioteca Infantil y Juvenil Rep\u00fablica Dominicana (BIJRD) realizaron el cierre formal de la segunda versi\u00f3n del \u00abII Festival Internacional de Cuentacuentos\u00bb, el cual se llev\u00f3 a cabo desde el martes 10 de abril al s\u00e1bado 14.<\/span><\/p>\n<\/p>\n<p><span class=\"text1noticias\">En esta II edici\u00f3n, los cuentacuentos invitados de Brasil, Estados Unidos, Colombia, Espa\u00f1a, M\u00e9xico, Uruguay, Cuba y Rep\u00fablica Dominicana, visitaron los Centros Tecnol\u00f3gicos de Villa Altagracia, Haina, Boca Chica, La Victoria y Villa Mella, donde contaron cuentos a grandes y peque\u00f1os.<\/span><\/p>\n<\/p>\n<p><span class=\"text1noticias\">Durante el II Festival Internacional de Cuentacuentos se llevaron a cabo m\u00e1s de 30 actividades en diferentes lugares, poniendo a re\u00edr a grandes y chicos. <\/span><\/p>\n<\/p>\n<p><span class=\"text1noticias\">Adem\u00e1s este Festival sirvi\u00f3 para capacitar a maestros, maestras, animadores culturales y padres acerca de c\u00f3mo contar cuentos y la importancia de esta pr\u00e1ctica. <\/span><\/p>\n<\/p>\n<p><span class=\"text1noticias\">Ilan Brenman, Emilie Andrade, Sisa Ruival, Mirtha Gonz\u00e1lez, Jorge Antonio Garc\u00eda P\u00e9rez, Cesar Bejarano, Eric Lynn Baba y Barry Man; de Rep\u00fablica Dominicana estar\u00e1n Johnni\u00e9 Mercedes, Yamil\u00e9 Scheker, Dulce Elvira de los Santos, Clara Lozano, Ernesto L\u00f3pez, Rita de los Santos y Katiuska B\u00e1ez, estuvieron toda esta semana haciendo re\u00edr a personas de todas las edades.  <\/span><\/p>\n<\/p>\n<p><span class=\"text1noticias\">Adem\u00e1s de las narraciones de cuentos, estos profesionales tambi\u00e9n realizaron talleres, charlas y conferencias acerca de c\u00f3mo cultivar el amor por la lectura a temprana edad y la importancia de contar cuentos a los ni\u00f1os, entre otros.<\/span><\/p>\n<\/p>\n<p><span class=\"text1noticias\">Los escritores tambi\u00e9n estuvieron en las bibliotecas de Villa Duarte, Biblioteca Comunitaria Guaricanos, la Biblioteca del Centro Cultural Mauricio B\u00e1ez, en Villa Juana; y el Hogar de Ni\u00f1as Do\u00f1a Chucha.<\/span><\/p>\n<p><span class=\"text1noticias\">Al acto de clausura del II Festival Internacional de Cuenta Cuentos asistieron ni\u00f1os lectores de la Biblioteca Infantil y Juvenil Rep\u00fablica Dominicana, y p\u00fablico en general.<\/span><\/p>\n<\/p>\n<p><span class=\"text1noticias\">En representaci\u00f3n del Despacho de la Primera Dama estuvieron Teresa Peralta, directora de la Biblioteca Infantil y Juvenil Rep\u00fablica Dominicana; y Dulce Elvira de los Santos, encargada de extensi\u00f3n cultural y actividades de la BIJRD.(HG)<\/span>.<\/p>\n<h6> 2012-04-17 21:38:27 <\/h6>\n<p><!--\n<link rel=\"stylesheet\" href=\"css\/bootstrap.min.css\">\n\n\n<ul class=\"pagination\">\n\t    \n\t\n\n<li >\n\t<a href='?page_no=17577'>Previous<\/a>\n\t<\/li>\n\n\n       \n    \n\n<li><a href='?page_no=1'>1<\/a><\/li>\n\n\n\n<li><a href='?page_no=2'>2<\/a><\/li>\n\n\n\n<li><a>...<\/a><\/li>\n\n\n\n<li><a href='?page_no=17576'>17576<\/a><\/li>\n\n\n\n<li><a href='?page_no=17577'>17577<\/a><\/li>\n\n\n\n<li class='active'><a>17578<\/a><\/li>\n\n\n\n<li><a href='?page_no=17579'>17579<\/a><\/li>\n\n\n\n<li><a href='?page_no=17580'>17580<\/a><\/li>\n\n\n\n<li><a>...<\/a><\/li>\n\n\n\n<li><a href='?page_no=22911'>22911<\/a><\/li>\n\n\n\n<li><a href='?page_no=22912'>22912<\/a><\/li>\n\n    \n\t\n\n<li >\n\t<a href='?page_no=17579'>Next<\/a>\n\t<\/li>\n\n\n    \n\n<li><a href='?page_no=22912'>Last &rsaquo;&rsaquo;<\/a><\/li>\n\n<\/ul>\n\n\n--><br \/>\n<\/body><\/p>\n","protected":false},"excerpt":{"rendered":"<p>Rep.Dom. 17 de Abril 05:38 P.M.- El Despacho de la Primera Dama y la Biblioteca Infantil y Juvenil Rep\u00fablica Dominicana (BIJRD) realizaron el cierre formal de la segunda versi\u00f3n del \u00abII Festival Internacional de Cuentacuentos\u00bb, el cual se llev\u00f3 a cabo desde el martes 10 de abril al s\u00e1bado 14. En esta II edici\u00f3n, los [&hellip;]<\/p>\n","protected":false},"author":3,"featured_media":0,"comment_status":"open","ping_status":"open","sticky":false,"template":"","format":"standard","meta":{"footnotes":""},"categories":[21],"tags":[],"class_list":["post-65900","post","type-post","status-publish","format-standard","hentry","category-cultura"],"_links":{"self":[{"href":"https:\/\/diariodominicano.com\/index.php?rest_route=\/wp\/v2\/posts\/65900","targetHints":{"allow":["GET"]}}],"collection":[{"href":"https:\/\/diariodominicano.com\/index.php?rest_route=\/wp\/v2\/posts"}],"about":[{"href":"https:\/\/diariodominicano.com\/index.php?rest_route=\/wp\/v2\/types\/post"}],"author":[{"embeddable":true,"href":"https:\/\/diariodominicano.com\/index.php?rest_route=\/wp\/v2\/users\/3"}],"replies":[{"embeddable":true,"href":"https:\/\/diariodominicano.com\/index.php?rest_route=%2Fwp%2Fv2%2Fcomments&post=65900"}],"version-history":[{"count":0,"href":"https:\/\/diariodominicano.com\/index.php?rest_route=\/wp\/v2\/posts\/65900\/revisions"}],"wp:attachment":[{"href":"https:\/\/diariodominicano.com\/index.php?rest_route=%2Fwp%2Fv2%2Fmedia&parent=65900"}],"wp:term":[{"taxonomy":"category","embeddable":true,"href":"https:\/\/diariodominicano.com\/index.php?rest_route=%2Fwp%2Fv2%2Fcategories&post=65900"},{"taxonomy":"post_tag","embeddable":true,"href":"https:\/\/diariodominicano.com\/index.php?rest_route=%2Fwp%2Fv2%2Ftags&post=65900"}],"curies":[{"name":"wp","href":"https:\/\/api.w.org\/{rel}","templated":true}]}}