{"id":658991,"date":"2026-01-07T01:30:43","date_gmt":"2026-01-07T05:30:43","guid":{"rendered":"https:\/\/diariodominicano.com\/?p=658991"},"modified":"2026-01-07T02:40:46","modified_gmt":"2026-01-07T06:40:46","slug":"erdogan-rechaza-violacion-del-derecho-internacional-contra-venezuela","status":"publish","type":"post","link":"https:\/\/diariodominicano.com\/?p=658991","title":{"rendered":"Erdogan rechaza violaci\u00f3n del derecho internacional contra Venezuela"},"content":{"rendered":"\n<ul class=\"wp-block-list\">\n<li>enero 6, 2026<\/li>\n\n\n\n<li>CST10:15 GMT -05;00<\/li>\n<\/ul>\n\n\n\n<p>Ankara, 6 ene (Prensa Latina) El presidente de T\u00fcrkiye, Recep Tayyip Erdogan, reiter\u00f3 hoy el rechazo de su pa\u00eds a cualquier violaci\u00f3n del derecho internacional y subray\u00f3 que Ankara trabaja por lo mejor para la naci\u00f3n turca y para el pueblo amigo de Venezuela.<\/p>\n\n\n\n<p><\/p>\n\n\n\n<ul class=\"wp-block-list\">\n<li><a href=\"https:\/\/www.prensa-latina.cu\/2026\/01\/06\/erdogan-rechaza-violacion-del-derecho-internacional-contra-venezuela\/#\"><\/a><\/li>\n\n\n\n<li><a href=\"https:\/\/www.prensa-latina.cu\/2026\/01\/06\/erdogan-rechaza-violacion-del-derecho-internacional-contra-venezuela\/#\"><\/a><\/li>\n\n\n\n<li><a href=\"https:\/\/www.prensa-latina.cu\/2026\/01\/06\/erdogan-rechaza-violacion-del-derecho-internacional-contra-venezuela\/#\"><\/a><\/li>\n\n\n\n<li><a href=\"https:\/\/www.prensa-latina.cu\/2026\/01\/06\/erdogan-rechaza-violacion-del-derecho-internacional-contra-venezuela\/#\"><\/a><\/li>\n<\/ul>\n\n\n\n<p>Las declaraciones fueron realizadas tras presidir una reuni\u00f3n del Consejo de Ministros en el Complejo Presidencial de Ankara, en la que se analizaron, entre otros temas, los acontecimientos recientes en Venezuela y la agresi\u00f3n estadounidense que deriv\u00f3 en el secuestro del presidente Nicol\u00e1s Maduro.<\/p>\n\n\n\n<p>Erdogan advirti\u00f3 que la vulneraci\u00f3n de la soberan\u00eda de los Estados y del derecho internacional constituye una pr\u00e1ctica peligrosa que puede acarrear graves repercusiones a escala global.<\/p>\n\n\n\n<p>En ese sentido, afirm\u00f3 que T\u00fcrkiye no tolera ninguna acci\u00f3n que atente contra la legitimidad pol\u00edtica y el orden jur\u00eddico internacional, independientemente del lugar donde ocurra.<\/p>\n\n\n\n<figure class=\"wp-block-image\"><img decoding=\"async\" src=\"https:\/\/www.prensa-latina.cu\/wp-content\/uploads\/2026\/01\/erdogan-3.jpg\" alt=\"\" class=\"wp-image-1689685\"\/><\/figure>\n\n\n\n<p>El mandatario destac\u00f3 los v\u00ednculos de amistad entre ambos pa\u00edses y se\u00f1al\u00f3 que el presidente Maduro y el pueblo venezolano han demostrado reiteradamente su cercan\u00eda con T\u00fcrkiye.<\/p>\n\n\n\n<p>Subray\u00f3 que, como naciones amigas, Ankara y Caracas han priorizado la solidaridad mutua en momentos dif\u00edciles y contin\u00faan trabajando bajo ese mismo principio.<\/p>\n\n\n\n<p>Erdogan alert\u00f3 que en un escenario internacional donde prevalece la ley del m\u00e1s fuerte sobre el Estado de derecho, la inestabilidad, las crisis y los conflictos se tornan inevitables.<\/p>\n\n\n\n<p>Reafirm\u00f3 que su pa\u00eds rechaza cualquier violaci\u00f3n del derecho internacional y defiende soluciones que favorezcan la paz y la estabilidad.<\/p>\n\n\n\n<p>El jefe de Estado indic\u00f3 que Venezuela atraviesa actualmente una situaci\u00f3n compleja y revel\u00f3 que, durante una conversaci\u00f3n telef\u00f3nica sostenida hoy con el presidente estadounidense Donald Trump, enfatiz\u00f3 la necesidad de evitar que ese pa\u00eds latinoamericano caiga en un escenario de mayor inestabilidad.<\/p>\n\n\n\n<p>Asimismo, asegur\u00f3 que T\u00fcrkiye continuar\u00e1 respaldando al pueblo venezolano en su aspiraci\u00f3n de prosperidad, estabilidad y desarrollo, y reiter\u00f3 que su pa\u00eds no desea caos ni tensiones, ni en su regi\u00f3n ni en otras \u00e1reas del mundo.<\/p>\n\n\n\n<p>Finalmente, Erdogan subray\u00f3 la importancia de preservar un orden internacional basado en normas y se\u00f1al\u00f3 que durante la reuni\u00f3n del gabinete se realiz\u00f3 una evaluaci\u00f3n exhaustiva de la situaci\u00f3n venezolana junto a las instituciones turcas competentes.<\/p>\n\n\n\n<p>rc\/fm<\/p>\n\n\n\n<ul class=\"wp-block-list\">\n<li>#<a href=\"https:\/\/www.prensa-latina.cu\/etiqueta\/erdogan\/\">erdogan<\/a>\u00a0#<a href=\"https:\/\/www.prensa-latina.cu\/etiqueta\/turkiye\/\">Turkiye<\/a>\u00a0#<a href=\"https:\/\/www.prensa-latina.cu\/etiqueta\/venezuela\/\">Venezuel<\/a><\/li>\n<\/ul>\n","protected":false},"excerpt":{"rendered":"<p>Ankara, 6 ene (Prensa Latina) El presidente de T\u00fcrkiye, Recep Tayyip Erdogan, reiter\u00f3 hoy el rechazo de su pa\u00eds a cualquier violaci\u00f3n del derecho internacional y subray\u00f3 que Ankara trabaja por lo mejor para la naci\u00f3n turca y para el pueblo amigo de Venezuela. Las declaraciones fueron realizadas tras presidir una reuni\u00f3n del Consejo de [&hellip;]<\/p>\n","protected":false},"author":2,"featured_media":658998,"comment_status":"closed","ping_status":"closed","sticky":false,"template":"","format":"standard","meta":{"footnotes":""},"categories":[23],"tags":[1375],"class_list":["post-658991","post","type-post","status-publish","format-standard","has-post-thumbnail","hentry","category-internacional","tag-venezuela"],"_links":{"self":[{"href":"https:\/\/diariodominicano.com\/index.php?rest_route=\/wp\/v2\/posts\/658991","targetHints":{"allow":["GET"]}}],"collection":[{"href":"https:\/\/diariodominicano.com\/index.php?rest_route=\/wp\/v2\/posts"}],"about":[{"href":"https:\/\/diariodominicano.com\/index.php?rest_route=\/wp\/v2\/types\/post"}],"author":[{"embeddable":true,"href":"https:\/\/diariodominicano.com\/index.php?rest_route=\/wp\/v2\/users\/2"}],"replies":[{"embeddable":true,"href":"https:\/\/diariodominicano.com\/index.php?rest_route=%2Fwp%2Fv2%2Fcomments&post=658991"}],"version-history":[{"count":2,"href":"https:\/\/diariodominicano.com\/index.php?rest_route=\/wp\/v2\/posts\/658991\/revisions"}],"predecessor-version":[{"id":658999,"href":"https:\/\/diariodominicano.com\/index.php?rest_route=\/wp\/v2\/posts\/658991\/revisions\/658999"}],"wp:featuredmedia":[{"embeddable":true,"href":"https:\/\/diariodominicano.com\/index.php?rest_route=\/wp\/v2\/media\/658998"}],"wp:attachment":[{"href":"https:\/\/diariodominicano.com\/index.php?rest_route=%2Fwp%2Fv2%2Fmedia&parent=658991"}],"wp:term":[{"taxonomy":"category","embeddable":true,"href":"https:\/\/diariodominicano.com\/index.php?rest_route=%2Fwp%2Fv2%2Fcategories&post=658991"},{"taxonomy":"post_tag","embeddable":true,"href":"https:\/\/diariodominicano.com\/index.php?rest_route=%2Fwp%2Fv2%2Ftags&post=658991"}],"curies":[{"name":"wp","href":"https:\/\/api.w.org\/{rel}","templated":true}]}}