{"id":658989,"date":"2026-01-07T01:22:43","date_gmt":"2026-01-07T05:22:43","guid":{"rendered":"https:\/\/diariodominicano.com\/?p=658989"},"modified":"2026-01-07T02:36:19","modified_gmt":"2026-01-07T06:36:19","slug":"llamada-del-secretario-rubio-con-el-canciller-argentino-quirno","status":"publish","type":"post","link":"https:\/\/diariodominicano.com\/?p=658989","title":{"rendered":"Llamada del Secretario Rubio con el Canciller argentino Quirno"},"content":{"rendered":"\n<p>6 de enero de 2026:<\/p>\n\n\n\n<p>Washington, 5 de enero de 2026.- Hoy, el Secretario de Estado Marco Rubio habl\u00f3 con el Ministro de Relaciones Exteriores de Argentina, Pablo Quirno, para discutir la operaci\u00f3n policial dirigida en Venezuela el 3 de enero, inform\u00f3 el martes el portavoz adjunto principal Tommy Pigott:.<\/p>\n\n\n\n<p> El Secretario Rubio agradeci\u00f3 al Ministro de Relaciones Exteriores Quirno por la continua cooperaci\u00f3n de Argentina para enfrentar el narcoterrorismo y fortalecer la seguridad en nuestra regi\u00f3n.<\/p>\n\n\n\n<p><strong>U.S. Department of State<\/strong>\u00a0Darse de baja<\/p>\n","protected":false},"excerpt":{"rendered":"<p>6 de enero de 2026: Washington, 5 de enero de 2026.- Hoy, el Secretario de Estado Marco Rubio habl\u00f3 con el Ministro de Relaciones Exteriores de Argentina, Pablo Quirno, para discutir la operaci\u00f3n policial dirigida en Venezuela el 3 de enero, inform\u00f3 el martes el portavoz adjunto principal Tommy Pigott:. El Secretario Rubio agradeci\u00f3 al [&hellip;]<\/p>\n","protected":false},"author":2,"featured_media":652632,"comment_status":"closed","ping_status":"closed","sticky":false,"template":"","format":"standard","meta":{"footnotes":""},"categories":[23],"tags":[3419],"class_list":["post-658989","post","type-post","status-publish","format-standard","has-post-thumbnail","hentry","category-internacional","tag-argentina"],"_links":{"self":[{"href":"https:\/\/diariodominicano.com\/index.php?rest_route=\/wp\/v2\/posts\/658989","targetHints":{"allow":["GET"]}}],"collection":[{"href":"https:\/\/diariodominicano.com\/index.php?rest_route=\/wp\/v2\/posts"}],"about":[{"href":"https:\/\/diariodominicano.com\/index.php?rest_route=\/wp\/v2\/types\/post"}],"author":[{"embeddable":true,"href":"https:\/\/diariodominicano.com\/index.php?rest_route=\/wp\/v2\/users\/2"}],"replies":[{"embeddable":true,"href":"https:\/\/diariodominicano.com\/index.php?rest_route=%2Fwp%2Fv2%2Fcomments&post=658989"}],"version-history":[{"count":1,"href":"https:\/\/diariodominicano.com\/index.php?rest_route=\/wp\/v2\/posts\/658989\/revisions"}],"predecessor-version":[{"id":658990,"href":"https:\/\/diariodominicano.com\/index.php?rest_route=\/wp\/v2\/posts\/658989\/revisions\/658990"}],"wp:featuredmedia":[{"embeddable":true,"href":"https:\/\/diariodominicano.com\/index.php?rest_route=\/wp\/v2\/media\/652632"}],"wp:attachment":[{"href":"https:\/\/diariodominicano.com\/index.php?rest_route=%2Fwp%2Fv2%2Fmedia&parent=658989"}],"wp:term":[{"taxonomy":"category","embeddable":true,"href":"https:\/\/diariodominicano.com\/index.php?rest_route=%2Fwp%2Fv2%2Fcategories&post=658989"},{"taxonomy":"post_tag","embeddable":true,"href":"https:\/\/diariodominicano.com\/index.php?rest_route=%2Fwp%2Fv2%2Ftags&post=658989"}],"curies":[{"name":"wp","href":"https:\/\/api.w.org\/{rel}","templated":true}]}}