{"id":65896,"date":"2012-04-18T15:44:15","date_gmt":"2012-04-18T15:44:15","guid":{"rendered":"http:\/\/diariodominicano.ddns.net\/?p=65896"},"modified":"2012-04-18T15:44:15","modified_gmt":"2012-04-18T15:44:15","slug":"presidente-fernandez-asiste-a-puesta-en-circulacion-de-libro-sobre-la-primera-dama","status":"publish","type":"post","link":"https:\/\/diariodominicano.com\/?p=65896","title":{"rendered":"Presidente Fern\u00e1ndez asiste a puesta en circulaci\u00f3n de libro sobre la Primera Dama"},"content":{"rendered":"<p><body><\/p>\n<p><img decoding=\"async\" src=\"img3\/Margarita y Leonel con libro.JPG\" \/>  <\/p>\n<p>Santo Domingo, RD, 18 abril, 11:45 am.-  El presidente Leonel Fern\u00e1ndez  encabez\u00f3  la puesta en circulaci\u00f3n del libro \u00abMargarita por dentro: Conozca las razones de su crecimiento\u00bb, del profesor Belarminio Ram\u00edrez Morillo, donde resalta las cualidades humanas, pol\u00edticas y profesionales de la Primera Dama de la Rep\u00fablica, doctora Margarita Cede\u00f1o de Fern\u00e1ndez. <\/p>\n<p>Al t\u00e9rmino de la ceremonia, el escritor entreg\u00f3 un ejemplar de la obra al primer mandatario, a la doctora Cede\u00f1o de Fern\u00e1ndez y a la madre de la Primera Dama de la Rep\u00fablica, Margarita Lizardo de Cede\u00f1o.<\/p>\n<p>En esta publicaci\u00f3n, el abogado y polit\u00f3logo Ram\u00edrez Morillo plantea que el liderazgo que representa la doctora Margarita Cede\u00f1o de Fern\u00e1ndez es diferente al resto de los liderazgos pol\u00edticos dominicanos, ya que surge como resultado de la filosof\u00eda de gesti\u00f3n de un proceso de gerencia social implementado en el Despacho de la Primera Dama.<\/p>\n<p>En su libro, Ram\u00edrez Morillo aborda lo que ha hecho la doctora Cede\u00f1o de Fern\u00e1ndez para lograr en poco tiempo un crecimiento pol\u00edtico que no han podido alcanzar otras personas que tienen varias d\u00e9cadas de protagonismo en la pol\u00edtica.<\/p>\n<p>Adem\u00e1s, la labor social, humanitaria y comunitaria que ha desarrollado, con lo que ha podido, en tan solo siete a\u00f1os, convertirse en la novedad para el proceso electoral del 2012, hasta el punto de que los sondeos realizados por todas las firmas encuestadoras de prestigio, la presentan como el personaje m\u00e1s popular.<\/p>\n<p>Durante la ceremonia, realizada en la Fundaci\u00f3n Global Democracia y Desarrollo (FUNGLODE), el autor del libro se\u00f1al\u00f3 que ese liderazgo es el resultado de una mezcla de valores personales con el proceso de gerencia social que ha implementado y por los programas ejecutados a trav\u00e9s del Despacho de la Primera Dama.<\/p>\n<p>En el texto, el escritor describe con objetividad y claridad el proceso creativo del liderazgo de la doctora Cede\u00f1o de Fern\u00e1ndez, de modo que el lector pueda entender las razones detr\u00e1s de su crecimiento y aquellas que la han convertido en la novedad de las elecciones del 2012. <\/p>\n<p>A juicio del polit\u00f3logo y abogado, la Primera Dama es sin\u00f3nimo de trabajo con sentido humano, y ese es el modelo de liderazgo que urge en la sociedad del conocimiento y en la era de la globalizaci\u00f3n en que actualmente vivimos.<\/p>\n<p>El autor sostiene que desde el Despacho de la Primera Dama, Margarita Cede\u00f1o act\u00faa con la misma estrategia que movi\u00f3 al presidente Leonel Fern\u00e1ndez desde su arribo al poder en 1996 y que contribuy\u00f3 a que en poco tiempo se convirtiera en el principal l\u00edder pol\u00edtico de la naci\u00f3n.<\/p>\n<p>Dijo, adem\u00e1s, que desde el Despacho, la Primera Dama dise\u00f1\u00f3 y enfoc\u00f3 los programas al servicio de los segmentos de la poblaci\u00f3n identificados como objetivos, sin mostrar ning\u00fan inter\u00e9s, ni ning\u00fan encubierto, como es cultura en la Rep\u00fablica Dominicana, de enmascarar las acciones que s\u00f3lo beneficien a los partidarios de la organizaci\u00f3n a la que pertenecen.<\/p>\n<p>MARGARITA AGRADECE INVESTIGACION<\/p>\n<p>De su lado, la doctora Cede\u00f1o de Fern\u00e1ndez dijo sentirse satisfecha con la publicaci\u00f3n del libro que habla sobre su liderazgo pol\u00edtico y con la forma como el autor la descubri\u00f3.<\/p>\n<p>\u00abNo lo puedo ocultar&#8230; Sobre todo el que \u00e9l me haya descubierto a trav\u00e9s de estudio, an\u00e1lisis y de una profunda evaluaci\u00f3n muy objetiva, porque realmente lo hemos obtenido, y es muy importante\u00bb, declar\u00f3.<\/p>\n<p>La presentaci\u00f3n estuvo a cargo de la profesora Ligia Amada Melo de Cardona, Ministra de Educaci\u00f3n Superior, Ciencia y Tecnolog\u00eda. <\/p>\n<p>El libro, de 326 p\u00e1ginas, abarca la visi\u00f3n, el personaje y el pensamiento de la Primera Dama.<\/p>\n<p>En la actividad, participaron los ministros de Hacienda, Daniel Toribio; de Educaci\u00f3n, Josefina Pimentel; de la Mujer, Alejandrina Germ\u00e1n, entre otras personalidades de la vida nacional.<\/p>\n<\/p>\n<\/p>\n<h6> 2012-04-18 15:44:15 <\/h6>\n<p><!--\n<link rel=\"stylesheet\" href=\"css\/bootstrap.min.css\">\n\n\n<ul class=\"pagination\">\n\t    \n\t\n\n<li >\n\t<a href='?page_no=17573'>Previous<\/a>\n\t<\/li>\n\n\n       \n    \n\n<li><a href='?page_no=1'>1<\/a><\/li>\n\n\n\n<li><a href='?page_no=2'>2<\/a><\/li>\n\n\n\n<li><a>...<\/a><\/li>\n\n\n\n<li><a href='?page_no=17572'>17572<\/a><\/li>\n\n\n\n<li><a href='?page_no=17573'>17573<\/a><\/li>\n\n\n\n<li class='active'><a>17574<\/a><\/li>\n\n\n\n<li><a href='?page_no=17575'>17575<\/a><\/li>\n\n\n\n<li><a href='?page_no=17576'>17576<\/a><\/li>\n\n\n\n<li><a>...<\/a><\/li>\n\n\n\n<li><a href='?page_no=22911'>22911<\/a><\/li>\n\n\n\n<li><a href='?page_no=22912'>22912<\/a><\/li>\n\n    \n\t\n\n<li >\n\t<a href='?page_no=17575'>Next<\/a>\n\t<\/li>\n\n\n    \n\n<li><a href='?page_no=22912'>Last &rsaquo;&rsaquo;<\/a><\/li>\n\n<\/ul>\n\n\n--><br \/>\n<\/body><\/p>\n","protected":false},"excerpt":{"rendered":"<p>Santo Domingo, RD, 18 abril, 11:45 am.- El presidente Leonel Fern\u00e1ndez encabez\u00f3 la puesta en circulaci\u00f3n del libro \u00abMargarita por dentro: Conozca las razones de su crecimiento\u00bb, del profesor Belarminio Ram\u00edrez Morillo, donde resalta las cualidades humanas, pol\u00edticas y profesionales de la Primera Dama de la Rep\u00fablica, doctora Margarita Cede\u00f1o de Fern\u00e1ndez. Al t\u00e9rmino de [&hellip;]<\/p>\n","protected":false},"author":3,"featured_media":0,"comment_status":"open","ping_status":"open","sticky":false,"template":"","format":"standard","meta":{"footnotes":""},"categories":[21],"tags":[],"class_list":["post-65896","post","type-post","status-publish","format-standard","hentry","category-cultura"],"_links":{"self":[{"href":"https:\/\/diariodominicano.com\/index.php?rest_route=\/wp\/v2\/posts\/65896","targetHints":{"allow":["GET"]}}],"collection":[{"href":"https:\/\/diariodominicano.com\/index.php?rest_route=\/wp\/v2\/posts"}],"about":[{"href":"https:\/\/diariodominicano.com\/index.php?rest_route=\/wp\/v2\/types\/post"}],"author":[{"embeddable":true,"href":"https:\/\/diariodominicano.com\/index.php?rest_route=\/wp\/v2\/users\/3"}],"replies":[{"embeddable":true,"href":"https:\/\/diariodominicano.com\/index.php?rest_route=%2Fwp%2Fv2%2Fcomments&post=65896"}],"version-history":[{"count":0,"href":"https:\/\/diariodominicano.com\/index.php?rest_route=\/wp\/v2\/posts\/65896\/revisions"}],"wp:attachment":[{"href":"https:\/\/diariodominicano.com\/index.php?rest_route=%2Fwp%2Fv2%2Fmedia&parent=65896"}],"wp:term":[{"taxonomy":"category","embeddable":true,"href":"https:\/\/diariodominicano.com\/index.php?rest_route=%2Fwp%2Fv2%2Fcategories&post=65896"},{"taxonomy":"post_tag","embeddable":true,"href":"https:\/\/diariodominicano.com\/index.php?rest_route=%2Fwp%2Fv2%2Ftags&post=65896"}],"curies":[{"name":"wp","href":"https:\/\/api.w.org\/{rel}","templated":true}]}}